{"id":2346,"date":"2023-12-18T12:43:02","date_gmt":"2023-12-18T12:43:02","guid":{"rendered":"https:\/\/www.bnz.energy\/?p=2283"},"modified":"2025-02-16T22:05:43","modified_gmt":"2025-02-16T22:05:43","slug":"compromisso-da-bnz-em-moratalla-nos-media","status":"publish","type":"post","link":"https:\/\/www.bnz.energy\/pt-pt\/compromisso-da-bnz-em-moratalla-nos-media\/","title":{"rendered":"Compromisso da BNZ em Moratalla nos media"},"content":{"rendered":"<p><span style=\"font-weight: 400;\">A BNZ anunciou recentemente <a href=\"https:\/\/www.bnz.energy\/pt-pt\/bnz-inicia-construcao-de-central-solar-fotovoltaica-de-36mw-em-moratalla-murcia\/\">o in\u00edcio da constru\u00e7\u00e3o de uma central solar de 36 MW em Moratalla (M\u00farcia),<\/a> com conclus\u00e3o prevista para abril de 2024, marcando o in\u00edcio da fase operacional da instala\u00e7\u00e3o. Paralelamente a este desenvolvimento, <a href=\"https:\/\/www.bnz.energy\/pt-pt\/bnz-promove-projeto-educativo-pioneiro-para-sensibilizar-750-estudantes-de-murcia-para-os-ods\/\">a empresa tamb\u00e9m divulgou a sua participa\u00e7\u00e3o na iniciativa educativa \u201c<\/a><\/span><i><span style=\"font-weight: 400;\">mODStegg<\/span><\/i><span style=\"font-weight: 400;\">\u201d. Este passo refor\u00e7a o compromisso da BNZ com a comunidade de Moratalla, local onde ir\u00e1 realizar a constru\u00e7\u00e3o da central.<\/span><\/p>\n<p><span style=\"font-weight: 400;\">Depois de tornados p\u00fablicos os \u00faltimos desenvolvimentos relativos \u00e0 central solar, a BNZ anunciou o seu apoio ao projeto educacional \u201c<\/span><i><span style=\"font-weight: 400;\">mODStegg<\/span><\/i><span style=\"font-weight: 400;\">\u201d. Em colabora\u00e7\u00e3o com cinco escolas do ensino prim\u00e1rio do concelho, este projeto visa sensibilizar 750 alunos para os Objetivos de Desenvolvimento Sustent\u00e1vel (ODS) e a Agenda 2030. A BNZ apoiar\u00e1 financeiramente esta iniciativa como parte da sua responsabilidade social corporativa, destacando o seu compromisso com o desenvolvimento educacional e sustent\u00e1vel das comunidades locais.<\/span><\/p>\n<p><span style=\"font-weight: 400;\">Al\u00e9m do seu compromisso educacional, a f\u00e1brica de Moratalla representa a quarta adi\u00e7\u00e3o ao portf\u00f3lio da BNZ em Espanha. A empresa pretende instalar cerca de 600 MWp no pa\u00eds at\u00e9 2026, consolidando assim a sua posi\u00e7\u00e3o no setor das energias renov\u00e1veis.<\/span><\/p>\n<p><span style=\"font-weight: 400;\">Estas a\u00e7\u00f5es espelham o foco da BNZ n\u00e3o apenas na produ\u00e7\u00e3o de energia limpa atrav\u00e9s de projetos solares, mas tamb\u00e9m no impacto positivo que procura ter no ambiente educacional e social. Esta abordagem abrangente demonstra a vis\u00e3o da empresa, estabelecendo-a como um agente ativo na transi\u00e7\u00e3o para um futuro mais sustent\u00e1vel, no qual a produ\u00e7\u00e3o de energias renov\u00e1veis e a responsabilidade social convergem para criar um impacto positivo duradouro.<\/span><\/p>\n<p><span style=\"font-weight: 400;\">Estas conquistas e o compromisso da empresa com as comunidades onde opera chamaram a aten\u00e7\u00e3o da imprensa, gerando ampla cobertura em meios de comunica\u00e7\u00e3o de renome nacional e regional, como <a href=\"https:\/\/www.murcia.com\/moratalla\/noticias\/2023\/12\/14-bnz-inicia-la-construccion-de-una-planta-solar-fotovoltaica-de-36mw-en-moratalla.asp\">Murcia.com,<\/a> <a href=\"https:\/\/murciaplaza.com\/bnz-impartira-clases-de-sostenibilidad-en-cinco-colegios-de-moratalla\">Murcia Plaza<\/a>, <a href=\"https:\/\/www.laverdad.es\/murcia\/otros-municipios\/construyen-planta-energia-solar-megavatios-moratalla-20231213235346-nt.html\">La Verdad<\/a>, entre outros.<\/span><\/p>\n","protected":false},"excerpt":{"rendered":"<p>A BNZ anunciou recentemente o in\u00edcio da constru\u00e7\u00e3o de uma central solar de 36 MW em Moratalla (M\u00farcia), com conclus\u00e3o prevista para abril de 2024, marcando o in\u00edcio da fase operacional da instala\u00e7\u00e3o. Paralelamente a este desenvolvimento, a empresa tamb\u00e9m divulgou a sua participa\u00e7\u00e3o na iniciativa educativa \u201cmODStegg\u201d. Este passo refor\u00e7a o compromisso da BNZ [&hellip;]<\/p>\n","protected":false},"author":1,"featured_media":2961,"comment_status":"closed","ping_status":"closed","sticky":false,"template":"","format":"standard","meta":{"_acf_changed":false,"_et_pb_use_builder":"","_et_pb_old_content":"","_et_gb_content_width":"","footnotes":""},"categories":[57,51],"tags":[],"class_list":["post-2346","post","type-post","status-publish","format-standard","has-post-thumbnail","hentry","category-comunicados-de-imprensa","category-presenca-nos-media"],"acf":[],"yoast_head":"<!-- This site is optimized with the Yoast SEO plugin v26.6 - https:\/\/yoast.com\/wordpress\/plugins\/seo\/ -->\n<title>Compromisso da BNZ em Moratalla nos media - BNZ<\/title>\n<meta name=\"robots\" content=\"index, follow, max-snippet:-1, max-image-preview:large, max-video-preview:-1\" \/>\n<link rel=\"canonical\" href=\"https:\/\/www.bnz.energy\/pt-pt\/compromisso-da-bnz-em-moratalla-nos-media\/\" \/>\n<meta property=\"og:locale\" content=\"pt_PT\" \/>\n<meta property=\"og:type\" content=\"article\" \/>\n<meta property=\"og:title\" content=\"Compromisso da BNZ em Moratalla nos media - BNZ\" \/>\n<meta property=\"og:description\" content=\"A BNZ anunciou recentemente o in\u00edcio da constru\u00e7\u00e3o de uma central solar de 36 MW em Moratalla (M\u00farcia), com conclus\u00e3o prevista para abril de 2024, marcando o in\u00edcio da fase operacional da instala\u00e7\u00e3o. Paralelamente a este desenvolvimento, a empresa tamb\u00e9m divulgou a sua participa\u00e7\u00e3o na iniciativa educativa \u201cmODStegg\u201d. Este passo refor\u00e7a o compromisso da BNZ [&hellip;]\" \/>\n<meta property=\"og:url\" content=\"https:\/\/www.bnz.energy\/pt-pt\/compromisso-da-bnz-em-moratalla-nos-media\/\" \/>\n<meta property=\"og:site_name\" content=\"BNZ\" \/>\n<meta property=\"article:published_time\" content=\"2023-12-18T12:43:02+00:00\" \/>\n<meta property=\"article:modified_time\" content=\"2025-02-16T22:05:43+00:00\" \/>\n<meta property=\"og:image\" content=\"https:\/\/www.bnz.energy\/wp-content\/uploads\/2023\/12\/1.jpg\" \/>\n\t<meta property=\"og:image:width\" content=\"2000\" \/>\n\t<meta property=\"og:image:height\" content=\"1414\" \/>\n\t<meta property=\"og:image:type\" content=\"image\/jpeg\" \/>\n<meta name=\"author\" content=\"admin_bnz\" \/>\n<meta name=\"twitter:card\" content=\"summary_large_image\" \/>\n<meta name=\"twitter:label1\" content=\"Escrito por\" \/>\n\t<meta name=\"twitter:data1\" content=\"admin_bnz\" \/>\n<script type=\"application\/ld+json\" class=\"yoast-schema-graph\">{\"@context\":\"https:\/\/schema.org\",\"@graph\":[{\"@type\":\"Article\",\"@id\":\"https:\/\/www.bnz.energy\/pt-pt\/compromisso-da-bnz-em-moratalla-nos-media\/#article\",\"isPartOf\":{\"@id\":\"https:\/\/www.bnz.energy\/pt-pt\/compromisso-da-bnz-em-moratalla-nos-media\/\"},\"author\":{\"name\":\"admin_bnz\",\"@id\":\"https:\/\/www.bnz.energy\/#\/schema\/person\/e358b3214b1b4a9b443d49305c239bbe\"},\"headline\":\"Compromisso da BNZ em Moratalla nos media\",\"datePublished\":\"2023-12-18T12:43:02+00:00\",\"dateModified\":\"2025-02-16T22:05:43+00:00\",\"mainEntityOfPage\":{\"@id\":\"https:\/\/www.bnz.energy\/pt-pt\/compromisso-da-bnz-em-moratalla-nos-media\/\"},\"wordCount\":324,\"publisher\":{\"@id\":\"https:\/\/www.bnz.energy\/#organization\"},\"image\":{\"@id\":\"https:\/\/www.bnz.energy\/pt-pt\/compromisso-da-bnz-em-moratalla-nos-media\/#primaryimage\"},\"thumbnailUrl\":\"https:\/\/www.bnz.energy\/wp-content\/uploads\/2023\/12\/1.jpg\",\"articleSection\":[\"Comunicados de imprensa\",\"Presen\u00e7a nos media\"],\"inLanguage\":\"pt-PT\"},{\"@type\":\"WebPage\",\"@id\":\"https:\/\/www.bnz.energy\/pt-pt\/compromisso-da-bnz-em-moratalla-nos-media\/\",\"url\":\"https:\/\/www.bnz.energy\/pt-pt\/compromisso-da-bnz-em-moratalla-nos-media\/\",\"name\":\"Compromisso da BNZ em Moratalla nos media - BNZ\",\"isPartOf\":{\"@id\":\"https:\/\/www.bnz.energy\/#website\"},\"primaryImageOfPage\":{\"@id\":\"https:\/\/www.bnz.energy\/pt-pt\/compromisso-da-bnz-em-moratalla-nos-media\/#primaryimage\"},\"image\":{\"@id\":\"https:\/\/www.bnz.energy\/pt-pt\/compromisso-da-bnz-em-moratalla-nos-media\/#primaryimage\"},\"thumbnailUrl\":\"https:\/\/www.bnz.energy\/wp-content\/uploads\/2023\/12\/1.jpg\",\"datePublished\":\"2023-12-18T12:43:02+00:00\",\"dateModified\":\"2025-02-16T22:05:43+00:00\",\"breadcrumb\":{\"@id\":\"https:\/\/www.bnz.energy\/pt-pt\/compromisso-da-bnz-em-moratalla-nos-media\/#breadcrumb\"},\"inLanguage\":\"pt-PT\",\"potentialAction\":[{\"@type\":\"ReadAction\",\"target\":[\"https:\/\/www.bnz.energy\/pt-pt\/compromisso-da-bnz-em-moratalla-nos-media\/\"]}]},{\"@type\":\"ImageObject\",\"inLanguage\":\"pt-PT\",\"@id\":\"https:\/\/www.bnz.energy\/pt-pt\/compromisso-da-bnz-em-moratalla-nos-media\/#primaryimage\",\"url\":\"https:\/\/www.bnz.energy\/wp-content\/uploads\/2023\/12\/1.jpg\",\"contentUrl\":\"https:\/\/www.bnz.energy\/wp-content\/uploads\/2023\/12\/1.jpg\",\"width\":2000,\"height\":1414},{\"@type\":\"BreadcrumbList\",\"@id\":\"https:\/\/www.bnz.energy\/pt-pt\/compromisso-da-bnz-em-moratalla-nos-media\/#breadcrumb\",\"itemListElement\":[{\"@type\":\"ListItem\",\"position\":1,\"name\":\"Home\",\"item\":\"https:\/\/www.bnz.energy\/pt-pt\/\"},{\"@type\":\"ListItem\",\"position\":2,\"name\":\"Compromisso da BNZ em Moratalla nos media\"}]},{\"@type\":\"WebSite\",\"@id\":\"https:\/\/www.bnz.energy\/#website\",\"url\":\"https:\/\/www.bnz.energy\/\",\"name\":\"BNZ\",\"description\":\"\",\"publisher\":{\"@id\":\"https:\/\/www.bnz.energy\/#organization\"},\"potentialAction\":[{\"@type\":\"SearchAction\",\"target\":{\"@type\":\"EntryPoint\",\"urlTemplate\":\"https:\/\/www.bnz.energy\/?s={search_term_string}\"},\"query-input\":{\"@type\":\"PropertyValueSpecification\",\"valueRequired\":true,\"valueName\":\"search_term_string\"}}],\"inLanguage\":\"pt-PT\"},{\"@type\":\"Organization\",\"@id\":\"https:\/\/www.bnz.energy\/#organization\",\"name\":\"BNZ\",\"url\":\"https:\/\/www.bnz.energy\/\",\"logo\":{\"@type\":\"ImageObject\",\"inLanguage\":\"pt-PT\",\"@id\":\"https:\/\/www.bnz.energy\/#\/schema\/logo\/image\/\",\"url\":\"https:\/\/www.bnz.energy\/wp-content\/uploads\/2024\/12\/Capa_1.svg\",\"contentUrl\":\"https:\/\/www.bnz.energy\/wp-content\/uploads\/2024\/12\/Capa_1.svg\",\"width\":1,\"height\":1,\"caption\":\"BNZ\"},\"image\":{\"@id\":\"https:\/\/www.bnz.energy\/#\/schema\/logo\/image\/\"},\"sameAs\":[\"https:\/\/www.linkedin.com\/company\/bnetzero\/\"]},{\"@type\":\"Person\",\"@id\":\"https:\/\/www.bnz.energy\/#\/schema\/person\/e358b3214b1b4a9b443d49305c239bbe\",\"name\":\"admin_bnz\",\"image\":{\"@type\":\"ImageObject\",\"inLanguage\":\"pt-PT\",\"@id\":\"https:\/\/www.bnz.energy\/#\/schema\/person\/image\/\",\"url\":\"https:\/\/secure.gravatar.com\/avatar\/cc90964e5c0de17136af9d9d3171efa5c21c920531a6aaa763a62c13f62ec30a?s=96&d=mm&r=g\",\"contentUrl\":\"https:\/\/secure.gravatar.com\/avatar\/cc90964e5c0de17136af9d9d3171efa5c21c920531a6aaa763a62c13f62ec30a?s=96&d=mm&r=g\",\"caption\":\"admin_bnz\"},\"sameAs\":[\"https:\/\/www.bnz.energy\"],\"url\":\"https:\/\/www.bnz.energy\/pt-pt\/author\/admin_bnz\/\"}]}<\/script>\n<!-- \/ Yoast SEO plugin. -->","yoast_head_json":{"title":"Compromisso da BNZ em Moratalla nos media - BNZ","robots":{"index":"index","follow":"follow","max-snippet":"max-snippet:-1","max-image-preview":"max-image-preview:large","max-video-preview":"max-video-preview:-1"},"canonical":"https:\/\/www.bnz.energy\/pt-pt\/compromisso-da-bnz-em-moratalla-nos-media\/","og_locale":"pt_PT","og_type":"article","og_title":"Compromisso da BNZ em Moratalla nos media - BNZ","og_description":"A BNZ anunciou recentemente o in\u00edcio da constru\u00e7\u00e3o de uma central solar de 36 MW em Moratalla (M\u00farcia), com conclus\u00e3o prevista para abril de 2024, marcando o in\u00edcio da fase operacional da instala\u00e7\u00e3o. Paralelamente a este desenvolvimento, a empresa tamb\u00e9m divulgou a sua participa\u00e7\u00e3o na iniciativa educativa \u201cmODStegg\u201d. Este passo refor\u00e7a o compromisso da BNZ [&hellip;]","og_url":"https:\/\/www.bnz.energy\/pt-pt\/compromisso-da-bnz-em-moratalla-nos-media\/","og_site_name":"BNZ","article_published_time":"2023-12-18T12:43:02+00:00","article_modified_time":"2025-02-16T22:05:43+00:00","og_image":[{"width":2000,"height":1414,"url":"https:\/\/www.bnz.energy\/wp-content\/uploads\/2023\/12\/1.jpg","type":"image\/jpeg"}],"author":"admin_bnz","twitter_card":"summary_large_image","twitter_misc":{"Escrito por":"admin_bnz"},"schema":{"@context":"https:\/\/schema.org","@graph":[{"@type":"Article","@id":"https:\/\/www.bnz.energy\/pt-pt\/compromisso-da-bnz-em-moratalla-nos-media\/#article","isPartOf":{"@id":"https:\/\/www.bnz.energy\/pt-pt\/compromisso-da-bnz-em-moratalla-nos-media\/"},"author":{"name":"admin_bnz","@id":"https:\/\/www.bnz.energy\/#\/schema\/person\/e358b3214b1b4a9b443d49305c239bbe"},"headline":"Compromisso da BNZ em Moratalla nos media","datePublished":"2023-12-18T12:43:02+00:00","dateModified":"2025-02-16T22:05:43+00:00","mainEntityOfPage":{"@id":"https:\/\/www.bnz.energy\/pt-pt\/compromisso-da-bnz-em-moratalla-nos-media\/"},"wordCount":324,"publisher":{"@id":"https:\/\/www.bnz.energy\/#organization"},"image":{"@id":"https:\/\/www.bnz.energy\/pt-pt\/compromisso-da-bnz-em-moratalla-nos-media\/#primaryimage"},"thumbnailUrl":"https:\/\/www.bnz.energy\/wp-content\/uploads\/2023\/12\/1.jpg","articleSection":["Comunicados de imprensa","Presen\u00e7a nos media"],"inLanguage":"pt-PT"},{"@type":"WebPage","@id":"https:\/\/www.bnz.energy\/pt-pt\/compromisso-da-bnz-em-moratalla-nos-media\/","url":"https:\/\/www.bnz.energy\/pt-pt\/compromisso-da-bnz-em-moratalla-nos-media\/","name":"Compromisso da BNZ em Moratalla nos media - BNZ","isPartOf":{"@id":"https:\/\/www.bnz.energy\/#website"},"primaryImageOfPage":{"@id":"https:\/\/www.bnz.energy\/pt-pt\/compromisso-da-bnz-em-moratalla-nos-media\/#primaryimage"},"image":{"@id":"https:\/\/www.bnz.energy\/pt-pt\/compromisso-da-bnz-em-moratalla-nos-media\/#primaryimage"},"thumbnailUrl":"https:\/\/www.bnz.energy\/wp-content\/uploads\/2023\/12\/1.jpg","datePublished":"2023-12-18T12:43:02+00:00","dateModified":"2025-02-16T22:05:43+00:00","breadcrumb":{"@id":"https:\/\/www.bnz.energy\/pt-pt\/compromisso-da-bnz-em-moratalla-nos-media\/#breadcrumb"},"inLanguage":"pt-PT","potentialAction":[{"@type":"ReadAction","target":["https:\/\/www.bnz.energy\/pt-pt\/compromisso-da-bnz-em-moratalla-nos-media\/"]}]},{"@type":"ImageObject","inLanguage":"pt-PT","@id":"https:\/\/www.bnz.energy\/pt-pt\/compromisso-da-bnz-em-moratalla-nos-media\/#primaryimage","url":"https:\/\/www.bnz.energy\/wp-content\/uploads\/2023\/12\/1.jpg","contentUrl":"https:\/\/www.bnz.energy\/wp-content\/uploads\/2023\/12\/1.jpg","width":2000,"height":1414},{"@type":"BreadcrumbList","@id":"https:\/\/www.bnz.energy\/pt-pt\/compromisso-da-bnz-em-moratalla-nos-media\/#breadcrumb","itemListElement":[{"@type":"ListItem","position":1,"name":"Home","item":"https:\/\/www.bnz.energy\/pt-pt\/"},{"@type":"ListItem","position":2,"name":"Compromisso da BNZ em Moratalla nos media"}]},{"@type":"WebSite","@id":"https:\/\/www.bnz.energy\/#website","url":"https:\/\/www.bnz.energy\/","name":"BNZ","description":"","publisher":{"@id":"https:\/\/www.bnz.energy\/#organization"},"potentialAction":[{"@type":"SearchAction","target":{"@type":"EntryPoint","urlTemplate":"https:\/\/www.bnz.energy\/?s={search_term_string}"},"query-input":{"@type":"PropertyValueSpecification","valueRequired":true,"valueName":"search_term_string"}}],"inLanguage":"pt-PT"},{"@type":"Organization","@id":"https:\/\/www.bnz.energy\/#organization","name":"BNZ","url":"https:\/\/www.bnz.energy\/","logo":{"@type":"ImageObject","inLanguage":"pt-PT","@id":"https:\/\/www.bnz.energy\/#\/schema\/logo\/image\/","url":"https:\/\/www.bnz.energy\/wp-content\/uploads\/2024\/12\/Capa_1.svg","contentUrl":"https:\/\/www.bnz.energy\/wp-content\/uploads\/2024\/12\/Capa_1.svg","width":1,"height":1,"caption":"BNZ"},"image":{"@id":"https:\/\/www.bnz.energy\/#\/schema\/logo\/image\/"},"sameAs":["https:\/\/www.linkedin.com\/company\/bnetzero\/"]},{"@type":"Person","@id":"https:\/\/www.bnz.energy\/#\/schema\/person\/e358b3214b1b4a9b443d49305c239bbe","name":"admin_bnz","image":{"@type":"ImageObject","inLanguage":"pt-PT","@id":"https:\/\/www.bnz.energy\/#\/schema\/person\/image\/","url":"https:\/\/secure.gravatar.com\/avatar\/cc90964e5c0de17136af9d9d3171efa5c21c920531a6aaa763a62c13f62ec30a?s=96&d=mm&r=g","contentUrl":"https:\/\/secure.gravatar.com\/avatar\/cc90964e5c0de17136af9d9d3171efa5c21c920531a6aaa763a62c13f62ec30a?s=96&d=mm&r=g","caption":"admin_bnz"},"sameAs":["https:\/\/www.bnz.energy"],"url":"https:\/\/www.bnz.energy\/pt-pt\/author\/admin_bnz\/"}]}},"_links":{"self":[{"href":"https:\/\/www.bnz.energy\/pt-pt\/wp-json\/wp\/v2\/posts\/2346","targetHints":{"allow":["GET"]}}],"collection":[{"href":"https:\/\/www.bnz.energy\/pt-pt\/wp-json\/wp\/v2\/posts"}],"about":[{"href":"https:\/\/www.bnz.energy\/pt-pt\/wp-json\/wp\/v2\/types\/post"}],"author":[{"embeddable":true,"href":"https:\/\/www.bnz.energy\/pt-pt\/wp-json\/wp\/v2\/users\/1"}],"replies":[{"embeddable":true,"href":"https:\/\/www.bnz.energy\/pt-pt\/wp-json\/wp\/v2\/comments?post=2346"}],"version-history":[{"count":2,"href":"https:\/\/www.bnz.energy\/pt-pt\/wp-json\/wp\/v2\/posts\/2346\/revisions"}],"predecessor-version":[{"id":7184,"href":"https:\/\/www.bnz.energy\/pt-pt\/wp-json\/wp\/v2\/posts\/2346\/revisions\/7184"}],"wp:featuredmedia":[{"embeddable":true,"href":"https:\/\/www.bnz.energy\/pt-pt\/wp-json\/wp\/v2\/media\/2961"}],"wp:attachment":[{"href":"https:\/\/www.bnz.energy\/pt-pt\/wp-json\/wp\/v2\/media?parent=2346"}],"wp:term":[{"taxonomy":"category","embeddable":true,"href":"https:\/\/www.bnz.energy\/pt-pt\/wp-json\/wp\/v2\/categories?post=2346"},{"taxonomy":"post_tag","embeddable":true,"href":"https:\/\/www.bnz.energy\/pt-pt\/wp-json\/wp\/v2\/tags?post=2346"}],"curies":[{"name":"wp","href":"https:\/\/api.w.org\/{rel}","templated":true}]}}