{"id":2330,"date":"2023-03-16T13:21:30","date_gmt":"2023-03-16T13:21:30","guid":{"rendered":"https:\/\/www.bnz.energy\/?p=2291"},"modified":"2025-02-17T12:11:39","modified_gmt":"2025-02-17T12:11:39","slug":"inauguracao-da-primeira-central-solar-fotovoltaica-em-cadiz-nos-media","status":"publish","type":"post","link":"https:\/\/www.bnz.energy\/pt-pt\/inauguracao-da-primeira-central-solar-fotovoltaica-em-cadiz-nos-media\/","title":{"rendered":"Inaugura\u00e7\u00e3o da primeira central solar fotovoltaica em C\u00e1diz nos media"},"content":{"rendered":"<p><span style=\"font-weight: 400;\">A BNZ l<a href=\"https:\/\/www.bnz.energy\/pt-pt\/bnz-inicia-a-construcao-de-central-solar-fotovoltaica-de-74-mw-em-cadis-andaluzia\/\">an\u00e7ou a cerim\u00f3nia de inaugura\u00e7\u00e3o da central solar fotovoltaica de Alcal\u00e1 de los Gazules, em Espanha, em mar\u00e7o de 2023,<\/a> com um impacto significativo, refletido numa ampla cobertura medi\u00e1tica, especialmente a n\u00edvel regional.<\/span><\/p>\n<p><span style=\"font-weight: 400;\">Esta inaugura\u00e7\u00e3o comemorou o in\u00edcio da constru\u00e7\u00e3o de uma central de energia solar fotovoltaica em Alcal\u00e1 de los Gazules, C\u00e1diz, com uma capacidade total de 74 MW. Representantes da BNZ, da Glennmont Partners da Nuveen, da Grupotec, da Delega\u00e7\u00e3o do Governo Regional da Andaluzia e do respetivo munic\u00edpio estiveram presentes na cerim\u00f3nia. Esta central \u00e9 a primeira da BNZ em Espanha e a empresa planeia instalar 600 MWp de capacidade at\u00e9 2026. O objetivo \u00e9 implementar mais de 1,7 GW de energia solar fotovoltaica no sul da Europa at\u00e9 ao final de 2026.<\/span><\/p>\n<p><span style=\"font-weight: 400;\">Na BNZ, orgulhamo-nos do compromisso assumido de impulsionar um projeto desta natureza nesta regi\u00e3o, que representa mais um passo decisivo na transi\u00e7\u00e3o energ\u00e9tica em Espanha, Andaluzia e C\u00e1diz. Esta iniciativa reflete o nosso firme compromisso em produzir energia 100% limpa e renov\u00e1vel, contribuindo para a descarboniza\u00e7\u00e3o da nossa economia.<\/span><\/p>\n<p><span style=\"font-weight: 400;\">A inaugura\u00e7\u00e3o da primeira central solar fotovoltaica em Alcal\u00e1 de los Gazules teve um impacto significativo, especialmente a n\u00edvel regional, pelo que meios de comunica\u00e7\u00e3o de renome como <a href=\"https:\/\/www.lavanguardia.com\/local\/sevilla\/20230314\/8824648\/andaluciaverde-colombo-defiende-energias-renovables-son-prioridad-junta.html\">La Vanguardia<\/a>, <a href=\"https:\/\/cadiznoticias.es\/la-delegada-del-gobierno-asegura-que-las-energias-renovables-son-una-prioridad-para-la-junta-de-andalucia\/\">C\u00e1diz Noticias<\/a>, La Voz Digital e La Voz de C\u00e1diz, entre outros, fizeram eco deste marco para a BNZ e para a regi\u00e3o.<\/span><\/p>\n","protected":false},"excerpt":{"rendered":"<p>A BNZ lan\u00e7ou a cerim\u00f3nia de inaugura\u00e7\u00e3o da central solar fotovoltaica de Alcal\u00e1 de los Gazules, em Espanha, em mar\u00e7o de 2023, com um impacto significativo, refletido numa ampla cobertura medi\u00e1tica, especialmente a n\u00edvel regional. Esta inaugura\u00e7\u00e3o comemorou o in\u00edcio da constru\u00e7\u00e3o de uma central de energia solar fotovoltaica em Alcal\u00e1 de los Gazules, C\u00e1diz, [&hellip;]<\/p>\n","protected":false},"author":1,"featured_media":4573,"comment_status":"closed","ping_status":"closed","sticky":false,"template":"","format":"standard","meta":{"_acf_changed":false,"_et_pb_use_builder":"","_et_pb_old_content":"","_et_gb_content_width":"","footnotes":""},"categories":[57,51,61],"tags":[],"class_list":["post-2330","post","type-post","status-publish","format-standard","has-post-thumbnail","hentry","category-comunicados-de-imprensa","category-presenca-nos-media","category-projectos"],"acf":[],"yoast_head":"<!-- This site is optimized with the Yoast SEO plugin v26.6 - https:\/\/yoast.com\/wordpress\/plugins\/seo\/ -->\n<title>Inaugura\u00e7\u00e3o da primeira central solar fotovoltaica em C\u00e1diz nos media - BNZ<\/title>\n<meta name=\"robots\" content=\"index, follow, max-snippet:-1, max-image-preview:large, max-video-preview:-1\" \/>\n<link rel=\"canonical\" href=\"https:\/\/www.bnz.energy\/pt-pt\/inauguracao-da-primeira-central-solar-fotovoltaica-em-cadiz-nos-media\/\" \/>\n<meta property=\"og:locale\" content=\"pt_PT\" \/>\n<meta property=\"og:type\" content=\"article\" \/>\n<meta property=\"og:title\" content=\"Inaugura\u00e7\u00e3o da primeira central solar fotovoltaica em C\u00e1diz nos media - BNZ\" \/>\n<meta property=\"og:description\" content=\"A BNZ lan\u00e7ou a cerim\u00f3nia de inaugura\u00e7\u00e3o da central solar fotovoltaica de Alcal\u00e1 de los Gazules, em Espanha, em mar\u00e7o de 2023, com um impacto significativo, refletido numa ampla cobertura medi\u00e1tica, especialmente a n\u00edvel regional. Esta inaugura\u00e7\u00e3o comemorou o in\u00edcio da constru\u00e7\u00e3o de uma central de energia solar fotovoltaica em Alcal\u00e1 de los Gazules, C\u00e1diz, [&hellip;]\" \/>\n<meta property=\"og:url\" content=\"https:\/\/www.bnz.energy\/pt-pt\/inauguracao-da-primeira-central-solar-fotovoltaica-em-cadiz-nos-media\/\" \/>\n<meta property=\"og:site_name\" content=\"BNZ\" \/>\n<meta property=\"article:published_time\" content=\"2023-03-16T13:21:30+00:00\" \/>\n<meta property=\"article:modified_time\" content=\"2025-02-17T12:11:39+00:00\" \/>\n<meta property=\"og:image\" content=\"https:\/\/www.bnz.energy\/wp-content\/uploads\/2023\/03\/PRESS-ROOM_2023_2_MARCH_The-inauguration-of-the-first-PV-solar-plant-in-Cadiz-on-media-2.jpg\" \/>\n\t<meta property=\"og:image:width\" content=\"802\" \/>\n\t<meta property=\"og:image:height\" content=\"619\" \/>\n\t<meta property=\"og:image:type\" content=\"image\/jpeg\" \/>\n<meta name=\"author\" content=\"admin_bnz\" \/>\n<meta name=\"twitter:card\" content=\"summary_large_image\" \/>\n<meta name=\"twitter:label1\" content=\"Escrito por\" \/>\n\t<meta name=\"twitter:data1\" content=\"admin_bnz\" \/>\n\t<meta name=\"twitter:label2\" content=\"Tempo estimado de leitura\" \/>\n\t<meta name=\"twitter:data2\" content=\"2 minutos\" \/>\n<script type=\"application\/ld+json\" class=\"yoast-schema-graph\">{\"@context\":\"https:\/\/schema.org\",\"@graph\":[{\"@type\":\"Article\",\"@id\":\"https:\/\/www.bnz.energy\/pt-pt\/inauguracao-da-primeira-central-solar-fotovoltaica-em-cadiz-nos-media\/#article\",\"isPartOf\":{\"@id\":\"https:\/\/www.bnz.energy\/pt-pt\/inauguracao-da-primeira-central-solar-fotovoltaica-em-cadiz-nos-media\/\"},\"author\":{\"name\":\"admin_bnz\",\"@id\":\"https:\/\/www.bnz.energy\/#\/schema\/person\/e358b3214b1b4a9b443d49305c239bbe\"},\"headline\":\"Inaugura\u00e7\u00e3o da primeira central solar fotovoltaica em C\u00e1diz nos media\",\"datePublished\":\"2023-03-16T13:21:30+00:00\",\"dateModified\":\"2025-02-17T12:11:39+00:00\",\"mainEntityOfPage\":{\"@id\":\"https:\/\/www.bnz.energy\/pt-pt\/inauguracao-da-primeira-central-solar-fotovoltaica-em-cadiz-nos-media\/\"},\"wordCount\":258,\"publisher\":{\"@id\":\"https:\/\/www.bnz.energy\/#organization\"},\"image\":{\"@id\":\"https:\/\/www.bnz.energy\/pt-pt\/inauguracao-da-primeira-central-solar-fotovoltaica-em-cadiz-nos-media\/#primaryimage\"},\"thumbnailUrl\":\"https:\/\/www.bnz.energy\/wp-content\/uploads\/2023\/03\/PRESS-ROOM_2023_2_MARCH_The-inauguration-of-the-first-PV-solar-plant-in-Cadiz-on-media-2.jpg\",\"articleSection\":[\"Comunicados de imprensa\",\"Presen\u00e7a nos media\",\"Projectos\"],\"inLanguage\":\"pt-PT\"},{\"@type\":\"WebPage\",\"@id\":\"https:\/\/www.bnz.energy\/pt-pt\/inauguracao-da-primeira-central-solar-fotovoltaica-em-cadiz-nos-media\/\",\"url\":\"https:\/\/www.bnz.energy\/pt-pt\/inauguracao-da-primeira-central-solar-fotovoltaica-em-cadiz-nos-media\/\",\"name\":\"Inaugura\u00e7\u00e3o da primeira central solar fotovoltaica em C\u00e1diz nos media - BNZ\",\"isPartOf\":{\"@id\":\"https:\/\/www.bnz.energy\/#website\"},\"primaryImageOfPage\":{\"@id\":\"https:\/\/www.bnz.energy\/pt-pt\/inauguracao-da-primeira-central-solar-fotovoltaica-em-cadiz-nos-media\/#primaryimage\"},\"image\":{\"@id\":\"https:\/\/www.bnz.energy\/pt-pt\/inauguracao-da-primeira-central-solar-fotovoltaica-em-cadiz-nos-media\/#primaryimage\"},\"thumbnailUrl\":\"https:\/\/www.bnz.energy\/wp-content\/uploads\/2023\/03\/PRESS-ROOM_2023_2_MARCH_The-inauguration-of-the-first-PV-solar-plant-in-Cadiz-on-media-2.jpg\",\"datePublished\":\"2023-03-16T13:21:30+00:00\",\"dateModified\":\"2025-02-17T12:11:39+00:00\",\"breadcrumb\":{\"@id\":\"https:\/\/www.bnz.energy\/pt-pt\/inauguracao-da-primeira-central-solar-fotovoltaica-em-cadiz-nos-media\/#breadcrumb\"},\"inLanguage\":\"pt-PT\",\"potentialAction\":[{\"@type\":\"ReadAction\",\"target\":[\"https:\/\/www.bnz.energy\/pt-pt\/inauguracao-da-primeira-central-solar-fotovoltaica-em-cadiz-nos-media\/\"]}]},{\"@type\":\"ImageObject\",\"inLanguage\":\"pt-PT\",\"@id\":\"https:\/\/www.bnz.energy\/pt-pt\/inauguracao-da-primeira-central-solar-fotovoltaica-em-cadiz-nos-media\/#primaryimage\",\"url\":\"https:\/\/www.bnz.energy\/wp-content\/uploads\/2023\/03\/PRESS-ROOM_2023_2_MARCH_The-inauguration-of-the-first-PV-solar-plant-in-Cadiz-on-media-2.jpg\",\"contentUrl\":\"https:\/\/www.bnz.energy\/wp-content\/uploads\/2023\/03\/PRESS-ROOM_2023_2_MARCH_The-inauguration-of-the-first-PV-solar-plant-in-Cadiz-on-media-2.jpg\",\"width\":802,\"height\":619},{\"@type\":\"BreadcrumbList\",\"@id\":\"https:\/\/www.bnz.energy\/pt-pt\/inauguracao-da-primeira-central-solar-fotovoltaica-em-cadiz-nos-media\/#breadcrumb\",\"itemListElement\":[{\"@type\":\"ListItem\",\"position\":1,\"name\":\"Home\",\"item\":\"https:\/\/www.bnz.energy\/pt-pt\/\"},{\"@type\":\"ListItem\",\"position\":2,\"name\":\"Inaugura\u00e7\u00e3o da primeira central solar fotovoltaica em C\u00e1diz nos media\"}]},{\"@type\":\"WebSite\",\"@id\":\"https:\/\/www.bnz.energy\/#website\",\"url\":\"https:\/\/www.bnz.energy\/\",\"name\":\"BNZ\",\"description\":\"\",\"publisher\":{\"@id\":\"https:\/\/www.bnz.energy\/#organization\"},\"potentialAction\":[{\"@type\":\"SearchAction\",\"target\":{\"@type\":\"EntryPoint\",\"urlTemplate\":\"https:\/\/www.bnz.energy\/?s={search_term_string}\"},\"query-input\":{\"@type\":\"PropertyValueSpecification\",\"valueRequired\":true,\"valueName\":\"search_term_string\"}}],\"inLanguage\":\"pt-PT\"},{\"@type\":\"Organization\",\"@id\":\"https:\/\/www.bnz.energy\/#organization\",\"name\":\"BNZ\",\"url\":\"https:\/\/www.bnz.energy\/\",\"logo\":{\"@type\":\"ImageObject\",\"inLanguage\":\"pt-PT\",\"@id\":\"https:\/\/www.bnz.energy\/#\/schema\/logo\/image\/\",\"url\":\"https:\/\/www.bnz.energy\/wp-content\/uploads\/2024\/12\/Capa_1.svg\",\"contentUrl\":\"https:\/\/www.bnz.energy\/wp-content\/uploads\/2024\/12\/Capa_1.svg\",\"width\":1,\"height\":1,\"caption\":\"BNZ\"},\"image\":{\"@id\":\"https:\/\/www.bnz.energy\/#\/schema\/logo\/image\/\"},\"sameAs\":[\"https:\/\/www.linkedin.com\/company\/bnetzero\/\"]},{\"@type\":\"Person\",\"@id\":\"https:\/\/www.bnz.energy\/#\/schema\/person\/e358b3214b1b4a9b443d49305c239bbe\",\"name\":\"admin_bnz\",\"image\":{\"@type\":\"ImageObject\",\"inLanguage\":\"pt-PT\",\"@id\":\"https:\/\/www.bnz.energy\/#\/schema\/person\/image\/\",\"url\":\"https:\/\/secure.gravatar.com\/avatar\/cc90964e5c0de17136af9d9d3171efa5c21c920531a6aaa763a62c13f62ec30a?s=96&d=mm&r=g\",\"contentUrl\":\"https:\/\/secure.gravatar.com\/avatar\/cc90964e5c0de17136af9d9d3171efa5c21c920531a6aaa763a62c13f62ec30a?s=96&d=mm&r=g\",\"caption\":\"admin_bnz\"},\"sameAs\":[\"https:\/\/www.bnz.energy\"],\"url\":\"https:\/\/www.bnz.energy\/pt-pt\/author\/admin_bnz\/\"}]}<\/script>\n<!-- \/ Yoast SEO plugin. -->","yoast_head_json":{"title":"Inaugura\u00e7\u00e3o da primeira central solar fotovoltaica em C\u00e1diz nos media - BNZ","robots":{"index":"index","follow":"follow","max-snippet":"max-snippet:-1","max-image-preview":"max-image-preview:large","max-video-preview":"max-video-preview:-1"},"canonical":"https:\/\/www.bnz.energy\/pt-pt\/inauguracao-da-primeira-central-solar-fotovoltaica-em-cadiz-nos-media\/","og_locale":"pt_PT","og_type":"article","og_title":"Inaugura\u00e7\u00e3o da primeira central solar fotovoltaica em C\u00e1diz nos media - BNZ","og_description":"A BNZ lan\u00e7ou a cerim\u00f3nia de inaugura\u00e7\u00e3o da central solar fotovoltaica de Alcal\u00e1 de los Gazules, em Espanha, em mar\u00e7o de 2023, com um impacto significativo, refletido numa ampla cobertura medi\u00e1tica, especialmente a n\u00edvel regional. Esta inaugura\u00e7\u00e3o comemorou o in\u00edcio da constru\u00e7\u00e3o de uma central de energia solar fotovoltaica em Alcal\u00e1 de los Gazules, C\u00e1diz, [&hellip;]","og_url":"https:\/\/www.bnz.energy\/pt-pt\/inauguracao-da-primeira-central-solar-fotovoltaica-em-cadiz-nos-media\/","og_site_name":"BNZ","article_published_time":"2023-03-16T13:21:30+00:00","article_modified_time":"2025-02-17T12:11:39+00:00","og_image":[{"width":802,"height":619,"url":"https:\/\/www.bnz.energy\/wp-content\/uploads\/2023\/03\/PRESS-ROOM_2023_2_MARCH_The-inauguration-of-the-first-PV-solar-plant-in-Cadiz-on-media-2.jpg","type":"image\/jpeg"}],"author":"admin_bnz","twitter_card":"summary_large_image","twitter_misc":{"Escrito por":"admin_bnz","Tempo estimado de leitura":"2 minutos"},"schema":{"@context":"https:\/\/schema.org","@graph":[{"@type":"Article","@id":"https:\/\/www.bnz.energy\/pt-pt\/inauguracao-da-primeira-central-solar-fotovoltaica-em-cadiz-nos-media\/#article","isPartOf":{"@id":"https:\/\/www.bnz.energy\/pt-pt\/inauguracao-da-primeira-central-solar-fotovoltaica-em-cadiz-nos-media\/"},"author":{"name":"admin_bnz","@id":"https:\/\/www.bnz.energy\/#\/schema\/person\/e358b3214b1b4a9b443d49305c239bbe"},"headline":"Inaugura\u00e7\u00e3o da primeira central solar fotovoltaica em C\u00e1diz nos media","datePublished":"2023-03-16T13:21:30+00:00","dateModified":"2025-02-17T12:11:39+00:00","mainEntityOfPage":{"@id":"https:\/\/www.bnz.energy\/pt-pt\/inauguracao-da-primeira-central-solar-fotovoltaica-em-cadiz-nos-media\/"},"wordCount":258,"publisher":{"@id":"https:\/\/www.bnz.energy\/#organization"},"image":{"@id":"https:\/\/www.bnz.energy\/pt-pt\/inauguracao-da-primeira-central-solar-fotovoltaica-em-cadiz-nos-media\/#primaryimage"},"thumbnailUrl":"https:\/\/www.bnz.energy\/wp-content\/uploads\/2023\/03\/PRESS-ROOM_2023_2_MARCH_The-inauguration-of-the-first-PV-solar-plant-in-Cadiz-on-media-2.jpg","articleSection":["Comunicados de imprensa","Presen\u00e7a nos media","Projectos"],"inLanguage":"pt-PT"},{"@type":"WebPage","@id":"https:\/\/www.bnz.energy\/pt-pt\/inauguracao-da-primeira-central-solar-fotovoltaica-em-cadiz-nos-media\/","url":"https:\/\/www.bnz.energy\/pt-pt\/inauguracao-da-primeira-central-solar-fotovoltaica-em-cadiz-nos-media\/","name":"Inaugura\u00e7\u00e3o da primeira central solar fotovoltaica em C\u00e1diz nos media - BNZ","isPartOf":{"@id":"https:\/\/www.bnz.energy\/#website"},"primaryImageOfPage":{"@id":"https:\/\/www.bnz.energy\/pt-pt\/inauguracao-da-primeira-central-solar-fotovoltaica-em-cadiz-nos-media\/#primaryimage"},"image":{"@id":"https:\/\/www.bnz.energy\/pt-pt\/inauguracao-da-primeira-central-solar-fotovoltaica-em-cadiz-nos-media\/#primaryimage"},"thumbnailUrl":"https:\/\/www.bnz.energy\/wp-content\/uploads\/2023\/03\/PRESS-ROOM_2023_2_MARCH_The-inauguration-of-the-first-PV-solar-plant-in-Cadiz-on-media-2.jpg","datePublished":"2023-03-16T13:21:30+00:00","dateModified":"2025-02-17T12:11:39+00:00","breadcrumb":{"@id":"https:\/\/www.bnz.energy\/pt-pt\/inauguracao-da-primeira-central-solar-fotovoltaica-em-cadiz-nos-media\/#breadcrumb"},"inLanguage":"pt-PT","potentialAction":[{"@type":"ReadAction","target":["https:\/\/www.bnz.energy\/pt-pt\/inauguracao-da-primeira-central-solar-fotovoltaica-em-cadiz-nos-media\/"]}]},{"@type":"ImageObject","inLanguage":"pt-PT","@id":"https:\/\/www.bnz.energy\/pt-pt\/inauguracao-da-primeira-central-solar-fotovoltaica-em-cadiz-nos-media\/#primaryimage","url":"https:\/\/www.bnz.energy\/wp-content\/uploads\/2023\/03\/PRESS-ROOM_2023_2_MARCH_The-inauguration-of-the-first-PV-solar-plant-in-Cadiz-on-media-2.jpg","contentUrl":"https:\/\/www.bnz.energy\/wp-content\/uploads\/2023\/03\/PRESS-ROOM_2023_2_MARCH_The-inauguration-of-the-first-PV-solar-plant-in-Cadiz-on-media-2.jpg","width":802,"height":619},{"@type":"BreadcrumbList","@id":"https:\/\/www.bnz.energy\/pt-pt\/inauguracao-da-primeira-central-solar-fotovoltaica-em-cadiz-nos-media\/#breadcrumb","itemListElement":[{"@type":"ListItem","position":1,"name":"Home","item":"https:\/\/www.bnz.energy\/pt-pt\/"},{"@type":"ListItem","position":2,"name":"Inaugura\u00e7\u00e3o da primeira central solar fotovoltaica em C\u00e1diz nos media"}]},{"@type":"WebSite","@id":"https:\/\/www.bnz.energy\/#website","url":"https:\/\/www.bnz.energy\/","name":"BNZ","description":"","publisher":{"@id":"https:\/\/www.bnz.energy\/#organization"},"potentialAction":[{"@type":"SearchAction","target":{"@type":"EntryPoint","urlTemplate":"https:\/\/www.bnz.energy\/?s={search_term_string}"},"query-input":{"@type":"PropertyValueSpecification","valueRequired":true,"valueName":"search_term_string"}}],"inLanguage":"pt-PT"},{"@type":"Organization","@id":"https:\/\/www.bnz.energy\/#organization","name":"BNZ","url":"https:\/\/www.bnz.energy\/","logo":{"@type":"ImageObject","inLanguage":"pt-PT","@id":"https:\/\/www.bnz.energy\/#\/schema\/logo\/image\/","url":"https:\/\/www.bnz.energy\/wp-content\/uploads\/2024\/12\/Capa_1.svg","contentUrl":"https:\/\/www.bnz.energy\/wp-content\/uploads\/2024\/12\/Capa_1.svg","width":1,"height":1,"caption":"BNZ"},"image":{"@id":"https:\/\/www.bnz.energy\/#\/schema\/logo\/image\/"},"sameAs":["https:\/\/www.linkedin.com\/company\/bnetzero\/"]},{"@type":"Person","@id":"https:\/\/www.bnz.energy\/#\/schema\/person\/e358b3214b1b4a9b443d49305c239bbe","name":"admin_bnz","image":{"@type":"ImageObject","inLanguage":"pt-PT","@id":"https:\/\/www.bnz.energy\/#\/schema\/person\/image\/","url":"https:\/\/secure.gravatar.com\/avatar\/cc90964e5c0de17136af9d9d3171efa5c21c920531a6aaa763a62c13f62ec30a?s=96&d=mm&r=g","contentUrl":"https:\/\/secure.gravatar.com\/avatar\/cc90964e5c0de17136af9d9d3171efa5c21c920531a6aaa763a62c13f62ec30a?s=96&d=mm&r=g","caption":"admin_bnz"},"sameAs":["https:\/\/www.bnz.energy"],"url":"https:\/\/www.bnz.energy\/pt-pt\/author\/admin_bnz\/"}]}},"_links":{"self":[{"href":"https:\/\/www.bnz.energy\/pt-pt\/wp-json\/wp\/v2\/posts\/2330","targetHints":{"allow":["GET"]}}],"collection":[{"href":"https:\/\/www.bnz.energy\/pt-pt\/wp-json\/wp\/v2\/posts"}],"about":[{"href":"https:\/\/www.bnz.energy\/pt-pt\/wp-json\/wp\/v2\/types\/post"}],"author":[{"embeddable":true,"href":"https:\/\/www.bnz.energy\/pt-pt\/wp-json\/wp\/v2\/users\/1"}],"replies":[{"embeddable":true,"href":"https:\/\/www.bnz.energy\/pt-pt\/wp-json\/wp\/v2\/comments?post=2330"}],"version-history":[{"count":1,"href":"https:\/\/www.bnz.energy\/pt-pt\/wp-json\/wp\/v2\/posts\/2330\/revisions"}],"predecessor-version":[{"id":6959,"href":"https:\/\/www.bnz.energy\/pt-pt\/wp-json\/wp\/v2\/posts\/2330\/revisions\/6959"}],"wp:featuredmedia":[{"embeddable":true,"href":"https:\/\/www.bnz.energy\/pt-pt\/wp-json\/wp\/v2\/media\/4573"}],"wp:attachment":[{"href":"https:\/\/www.bnz.energy\/pt-pt\/wp-json\/wp\/v2\/media?parent=2330"}],"wp:term":[{"taxonomy":"category","embeddable":true,"href":"https:\/\/www.bnz.energy\/pt-pt\/wp-json\/wp\/v2\/categories?post=2330"},{"taxonomy":"post_tag","embeddable":true,"href":"https:\/\/www.bnz.energy\/pt-pt\/wp-json\/wp\/v2\/tags?post=2330"}],"curies":[{"name":"wp","href":"https:\/\/api.w.org\/{rel}","templated":true}]}}