{"id":2328,"date":"2023-05-18T09:57:45","date_gmt":"2023-05-18T09:57:45","guid":{"rendered":"https:\/\/www.bnz.energy\/?p=1692"},"modified":"2025-02-17T12:10:59","modified_gmt":"2025-02-17T12:10:59","slug":"bnz-inicia-construcao-de-duas-centrais-solares-fotovoltaicas-de-96-mw-em-merida-extremadura","status":"publish","type":"post","link":"https:\/\/www.bnz.energy\/pt-pt\/bnz-inicia-construcao-de-duas-centrais-solares-fotovoltaicas-de-96-mw-em-merida-extremadura\/","title":{"rendered":"BNZ inicia constru\u00e7\u00e3o de duas centrais solares fotovoltaicas de 9,6 MW, em M\u00e9rida (Extremadura)"},"content":{"rendered":"<p>A BNZ, produtora independente de energia (IPP) que desenvolve, constr\u00f3i e opera projetos solares fotovoltaicos, anunciou o in\u00edcio da constru\u00e7\u00e3o de duas centrais solares na cidade de M\u00e9rida (Extremadura). As centrais, denominadas Em\u00e9rita e Tremisol, contar\u00e3o com uma capacidade total de 9,6 MW cada uma. Prev\u00ea-se que a constru\u00e7\u00e3o de Em\u00e9rita esteja conclu\u00edda no final de 2023, enquanto que a de Tremisol dever\u00e1 estar conclu\u00edda no Ver\u00e3o de 2024.<\/p>\n<p>Tratam-se da segunda e terceira central da BNZ a ser constru\u00edda em Espanha, onde espera instalar aproximadamente 600 MWp de capacidade at\u00e9 2026. No total, a BNZ planeia instalar uma carteira agregada de mais de 1,7 GW de energia solar fotovoltaica no sul da Europa at\u00e9 ao final de 2026.<\/p>\n<p>O Diretor-Geral da BNZ, Luis Selva, sublinhou que &#8220;estamos muito satisfeitos por podermos promover estes dois novos projetos na Extremadura. A implanta\u00e7\u00e3o destas duas centrais fotovoltaicas, n\u00e3o s\u00f3 representa mais um passo na descarboniza\u00e7\u00e3o da nossa economia, como tamb\u00e9m ser\u00e1 acompanhada por atividades de regenera\u00e7\u00e3o ambiental para integrar ambos os projetos na fauna do habitat, um elemento intr\u00ednseco na nossa filosofia enquanto produtores independentes de energia&#8221;.<\/p>\n<p>Com a energia limpa produzida nestas duas centrais, que ocupar\u00e3o 18 hectares cada uma e ter\u00e3o uma capacidade combinada de 19,2 MW, evitar-se-\u00e1 a emiss\u00e3o de 10.000 toneladas de CO2 equivalente por ano. Estima-se tamb\u00e9m que ser\u00e3o criados 140 postos de trabalho diretos e indiretos durante a constru\u00e7\u00e3o, um n\u00famero que tem em conta mais de 14 empresas locais contratadas.<\/p>\n<p><strong>BNZ compromete-se com a regenera\u00e7\u00e3o ambiental do territ\u00f3rio<\/strong><\/p>\n<p>Para al\u00e9m do impacto econ\u00f3mico positivo das instala\u00e7\u00f5es na comunidade local e da sua conformidade com as mais elevadas normas ambientais, a BNZ ir\u00e1 tamb\u00e9m colaborar com as autoridades locais em projetos ambientais. Como sinal do seu compromisso para com a comunidade local de M\u00e9rida, a BNZ levar\u00e1 a cabo v\u00e1rios projetos de regenera\u00e7\u00e3o ambiental, incluindo: dedicar 20% da f\u00e1brica de Em\u00e9rita \u00e0 conserva\u00e7\u00e3o das aves estep\u00e1rias ou \u00e0 r\u00e1dio-monitoriza\u00e7\u00e3o de dois exemplares de cegonhas brancas da col\u00f3nia existente na zona por ano, durante a fase de constru\u00e7\u00e3o e os primeiros cinco anos da fase de explora\u00e7\u00e3o.<\/p>\n<p>Neste sentido, a BNZ tamb\u00e9m ir\u00e1 monitorizar a avifauna na \u00e1rea circundante da f\u00e1brica e monitorizar\u00e1 as popula\u00e7\u00f5es de anf\u00edbios e r\u00e9pteis dentro e fora da f\u00e1brica. Al\u00e9m disso, ser\u00e1 constru\u00edda uma parcela de 3.500 metros quadrados para a conserva\u00e7\u00e3o exclusiva do narciso fernandesii e do milagrosus exclusivamente, que ser\u00e1 cedida \u00e0 Junta de Extremadura para garantir a conserva\u00e7\u00e3o de ambas as esp\u00e9cies. Finalmente, ser\u00e1 feita uma contribui\u00e7\u00e3o equivalente a 20% da superf\u00edcie da central dedicada \u00e0 campanha de conserva\u00e7\u00e3o das aves estep\u00e1rias durante a vida \u00fatil da central solar.<\/p>\n","protected":false},"excerpt":{"rendered":"<p>A BNZ, produtora independente de energia (IPP) que desenvolve, constr\u00f3i e opera projetos solares fotovoltaicos, anunciou o in\u00edcio da constru\u00e7\u00e3o de duas centrais solares na cidade de M\u00e9rida (Extremadura). As centrais, denominadas Em\u00e9rita e Tremisol, contar\u00e3o com uma capacidade total de 9,6 MW cada uma. Prev\u00ea-se que a constru\u00e7\u00e3o de Em\u00e9rita esteja conclu\u00edda no final [&hellip;]<\/p>\n","protected":false},"author":1,"featured_media":4419,"comment_status":"closed","ping_status":"closed","sticky":false,"template":"","format":"standard","meta":{"_acf_changed":false,"_et_pb_use_builder":"","_et_pb_old_content":"","_et_gb_content_width":"","footnotes":""},"categories":[57,61],"tags":[],"class_list":["post-2328","post","type-post","status-publish","format-standard","has-post-thumbnail","hentry","category-comunicados-de-imprensa","category-projectos"],"acf":[],"yoast_head":"<!-- This site is optimized with the Yoast SEO plugin v26.6 - https:\/\/yoast.com\/wordpress\/plugins\/seo\/ -->\n<title>BNZ inicia constru\u00e7\u00e3o de duas centrais solares fotovoltaicas de 9,6 MW, em M\u00e9rida (Extremadura) - BNZ<\/title>\n<meta name=\"robots\" content=\"index, follow, max-snippet:-1, max-image-preview:large, max-video-preview:-1\" \/>\n<link rel=\"canonical\" href=\"https:\/\/www.bnz.energy\/pt-pt\/bnz-inicia-construcao-de-duas-centrais-solares-fotovoltaicas-de-96-mw-em-merida-extremadura\/\" \/>\n<meta property=\"og:locale\" content=\"pt_PT\" \/>\n<meta property=\"og:type\" content=\"article\" \/>\n<meta property=\"og:title\" content=\"BNZ inicia constru\u00e7\u00e3o de duas centrais solares fotovoltaicas de 9,6 MW, em M\u00e9rida (Extremadura) - BNZ\" \/>\n<meta property=\"og:description\" content=\"A BNZ, produtora independente de energia (IPP) que desenvolve, constr\u00f3i e opera projetos solares fotovoltaicos, anunciou o in\u00edcio da constru\u00e7\u00e3o de duas centrais solares na cidade de M\u00e9rida (Extremadura). As centrais, denominadas Em\u00e9rita e Tremisol, contar\u00e3o com uma capacidade total de 9,6 MW cada uma. Prev\u00ea-se que a constru\u00e7\u00e3o de Em\u00e9rita esteja conclu\u00edda no final [&hellip;]\" \/>\n<meta property=\"og:url\" content=\"https:\/\/www.bnz.energy\/pt-pt\/bnz-inicia-construcao-de-duas-centrais-solares-fotovoltaicas-de-96-mw-em-merida-extremadura\/\" \/>\n<meta property=\"og:site_name\" content=\"BNZ\" \/>\n<meta property=\"article:published_time\" content=\"2023-05-18T09:57:45+00:00\" \/>\n<meta property=\"article:modified_time\" content=\"2025-02-17T12:10:59+00:00\" \/>\n<meta property=\"og:image\" content=\"https:\/\/www.bnz.energy\/wp-content\/uploads\/2023\/05\/PRESS-ROOM_2023_3_MAY_BNZ-starts-construction-of-two-9.6MW-solar-photovoltaic-plants-in-Extremadura-1.jpg\" \/>\n\t<meta property=\"og:image:width\" content=\"1024\" \/>\n\t<meta property=\"og:image:height\" content=\"768\" \/>\n\t<meta property=\"og:image:type\" content=\"image\/jpeg\" \/>\n<meta name=\"author\" content=\"admin_bnz\" \/>\n<meta name=\"twitter:card\" content=\"summary_large_image\" \/>\n<meta name=\"twitter:label1\" content=\"Escrito por\" \/>\n\t<meta name=\"twitter:data1\" content=\"admin_bnz\" \/>\n\t<meta name=\"twitter:label2\" content=\"Tempo estimado de leitura\" \/>\n\t<meta name=\"twitter:data2\" content=\"3 minutos\" \/>\n<script type=\"application\/ld+json\" class=\"yoast-schema-graph\">{\"@context\":\"https:\/\/schema.org\",\"@graph\":[{\"@type\":\"Article\",\"@id\":\"https:\/\/www.bnz.energy\/pt-pt\/bnz-inicia-construcao-de-duas-centrais-solares-fotovoltaicas-de-96-mw-em-merida-extremadura\/#article\",\"isPartOf\":{\"@id\":\"https:\/\/www.bnz.energy\/pt-pt\/bnz-inicia-construcao-de-duas-centrais-solares-fotovoltaicas-de-96-mw-em-merida-extremadura\/\"},\"author\":{\"name\":\"admin_bnz\",\"@id\":\"https:\/\/www.bnz.energy\/#\/schema\/person\/e358b3214b1b4a9b443d49305c239bbe\"},\"headline\":\"BNZ inicia constru\u00e7\u00e3o de duas centrais solares fotovoltaicas de 9,6 MW, em M\u00e9rida (Extremadura)\",\"datePublished\":\"2023-05-18T09:57:45+00:00\",\"dateModified\":\"2025-02-17T12:10:59+00:00\",\"mainEntityOfPage\":{\"@id\":\"https:\/\/www.bnz.energy\/pt-pt\/bnz-inicia-construcao-de-duas-centrais-solares-fotovoltaicas-de-96-mw-em-merida-extremadura\/\"},\"wordCount\":495,\"publisher\":{\"@id\":\"https:\/\/www.bnz.energy\/#organization\"},\"image\":{\"@id\":\"https:\/\/www.bnz.energy\/pt-pt\/bnz-inicia-construcao-de-duas-centrais-solares-fotovoltaicas-de-96-mw-em-merida-extremadura\/#primaryimage\"},\"thumbnailUrl\":\"https:\/\/www.bnz.energy\/wp-content\/uploads\/2023\/05\/PRESS-ROOM_2023_3_MAY_BNZ-starts-construction-of-two-9.6MW-solar-photovoltaic-plants-in-Extremadura-1.jpg\",\"articleSection\":[\"Comunicados de imprensa\",\"Projectos\"],\"inLanguage\":\"pt-PT\"},{\"@type\":\"WebPage\",\"@id\":\"https:\/\/www.bnz.energy\/pt-pt\/bnz-inicia-construcao-de-duas-centrais-solares-fotovoltaicas-de-96-mw-em-merida-extremadura\/\",\"url\":\"https:\/\/www.bnz.energy\/pt-pt\/bnz-inicia-construcao-de-duas-centrais-solares-fotovoltaicas-de-96-mw-em-merida-extremadura\/\",\"name\":\"BNZ inicia constru\u00e7\u00e3o de duas centrais solares fotovoltaicas de 9,6 MW, em M\u00e9rida (Extremadura) - BNZ\",\"isPartOf\":{\"@id\":\"https:\/\/www.bnz.energy\/#website\"},\"primaryImageOfPage\":{\"@id\":\"https:\/\/www.bnz.energy\/pt-pt\/bnz-inicia-construcao-de-duas-centrais-solares-fotovoltaicas-de-96-mw-em-merida-extremadura\/#primaryimage\"},\"image\":{\"@id\":\"https:\/\/www.bnz.energy\/pt-pt\/bnz-inicia-construcao-de-duas-centrais-solares-fotovoltaicas-de-96-mw-em-merida-extremadura\/#primaryimage\"},\"thumbnailUrl\":\"https:\/\/www.bnz.energy\/wp-content\/uploads\/2023\/05\/PRESS-ROOM_2023_3_MAY_BNZ-starts-construction-of-two-9.6MW-solar-photovoltaic-plants-in-Extremadura-1.jpg\",\"datePublished\":\"2023-05-18T09:57:45+00:00\",\"dateModified\":\"2025-02-17T12:10:59+00:00\",\"breadcrumb\":{\"@id\":\"https:\/\/www.bnz.energy\/pt-pt\/bnz-inicia-construcao-de-duas-centrais-solares-fotovoltaicas-de-96-mw-em-merida-extremadura\/#breadcrumb\"},\"inLanguage\":\"pt-PT\",\"potentialAction\":[{\"@type\":\"ReadAction\",\"target\":[\"https:\/\/www.bnz.energy\/pt-pt\/bnz-inicia-construcao-de-duas-centrais-solares-fotovoltaicas-de-96-mw-em-merida-extremadura\/\"]}]},{\"@type\":\"ImageObject\",\"inLanguage\":\"pt-PT\",\"@id\":\"https:\/\/www.bnz.energy\/pt-pt\/bnz-inicia-construcao-de-duas-centrais-solares-fotovoltaicas-de-96-mw-em-merida-extremadura\/#primaryimage\",\"url\":\"https:\/\/www.bnz.energy\/wp-content\/uploads\/2023\/05\/PRESS-ROOM_2023_3_MAY_BNZ-starts-construction-of-two-9.6MW-solar-photovoltaic-plants-in-Extremadura-1.jpg\",\"contentUrl\":\"https:\/\/www.bnz.energy\/wp-content\/uploads\/2023\/05\/PRESS-ROOM_2023_3_MAY_BNZ-starts-construction-of-two-9.6MW-solar-photovoltaic-plants-in-Extremadura-1.jpg\",\"width\":1024,\"height\":768},{\"@type\":\"BreadcrumbList\",\"@id\":\"https:\/\/www.bnz.energy\/pt-pt\/bnz-inicia-construcao-de-duas-centrais-solares-fotovoltaicas-de-96-mw-em-merida-extremadura\/#breadcrumb\",\"itemListElement\":[{\"@type\":\"ListItem\",\"position\":1,\"name\":\"Home\",\"item\":\"https:\/\/www.bnz.energy\/pt-pt\/\"},{\"@type\":\"ListItem\",\"position\":2,\"name\":\"BNZ inicia constru\u00e7\u00e3o de duas centrais solares fotovoltaicas de 9,6 MW, em M\u00e9rida (Extremadura)\"}]},{\"@type\":\"WebSite\",\"@id\":\"https:\/\/www.bnz.energy\/#website\",\"url\":\"https:\/\/www.bnz.energy\/\",\"name\":\"BNZ\",\"description\":\"\",\"publisher\":{\"@id\":\"https:\/\/www.bnz.energy\/#organization\"},\"potentialAction\":[{\"@type\":\"SearchAction\",\"target\":{\"@type\":\"EntryPoint\",\"urlTemplate\":\"https:\/\/www.bnz.energy\/?s={search_term_string}\"},\"query-input\":{\"@type\":\"PropertyValueSpecification\",\"valueRequired\":true,\"valueName\":\"search_term_string\"}}],\"inLanguage\":\"pt-PT\"},{\"@type\":\"Organization\",\"@id\":\"https:\/\/www.bnz.energy\/#organization\",\"name\":\"BNZ\",\"url\":\"https:\/\/www.bnz.energy\/\",\"logo\":{\"@type\":\"ImageObject\",\"inLanguage\":\"pt-PT\",\"@id\":\"https:\/\/www.bnz.energy\/#\/schema\/logo\/image\/\",\"url\":\"https:\/\/www.bnz.energy\/wp-content\/uploads\/2024\/12\/Capa_1.svg\",\"contentUrl\":\"https:\/\/www.bnz.energy\/wp-content\/uploads\/2024\/12\/Capa_1.svg\",\"width\":1,\"height\":1,\"caption\":\"BNZ\"},\"image\":{\"@id\":\"https:\/\/www.bnz.energy\/#\/schema\/logo\/image\/\"},\"sameAs\":[\"https:\/\/www.linkedin.com\/company\/bnetzero\/\"]},{\"@type\":\"Person\",\"@id\":\"https:\/\/www.bnz.energy\/#\/schema\/person\/e358b3214b1b4a9b443d49305c239bbe\",\"name\":\"admin_bnz\",\"image\":{\"@type\":\"ImageObject\",\"inLanguage\":\"pt-PT\",\"@id\":\"https:\/\/www.bnz.energy\/#\/schema\/person\/image\/\",\"url\":\"https:\/\/secure.gravatar.com\/avatar\/cc90964e5c0de17136af9d9d3171efa5c21c920531a6aaa763a62c13f62ec30a?s=96&d=mm&r=g\",\"contentUrl\":\"https:\/\/secure.gravatar.com\/avatar\/cc90964e5c0de17136af9d9d3171efa5c21c920531a6aaa763a62c13f62ec30a?s=96&d=mm&r=g\",\"caption\":\"admin_bnz\"},\"sameAs\":[\"https:\/\/www.bnz.energy\"],\"url\":\"https:\/\/www.bnz.energy\/pt-pt\/author\/admin_bnz\/\"}]}<\/script>\n<!-- \/ Yoast SEO plugin. -->","yoast_head_json":{"title":"BNZ inicia constru\u00e7\u00e3o de duas centrais solares fotovoltaicas de 9,6 MW, em M\u00e9rida (Extremadura) - BNZ","robots":{"index":"index","follow":"follow","max-snippet":"max-snippet:-1","max-image-preview":"max-image-preview:large","max-video-preview":"max-video-preview:-1"},"canonical":"https:\/\/www.bnz.energy\/pt-pt\/bnz-inicia-construcao-de-duas-centrais-solares-fotovoltaicas-de-96-mw-em-merida-extremadura\/","og_locale":"pt_PT","og_type":"article","og_title":"BNZ inicia constru\u00e7\u00e3o de duas centrais solares fotovoltaicas de 9,6 MW, em M\u00e9rida (Extremadura) - BNZ","og_description":"A BNZ, produtora independente de energia (IPP) que desenvolve, constr\u00f3i e opera projetos solares fotovoltaicos, anunciou o in\u00edcio da constru\u00e7\u00e3o de duas centrais solares na cidade de M\u00e9rida (Extremadura). As centrais, denominadas Em\u00e9rita e Tremisol, contar\u00e3o com uma capacidade total de 9,6 MW cada uma. Prev\u00ea-se que a constru\u00e7\u00e3o de Em\u00e9rita esteja conclu\u00edda no final [&hellip;]","og_url":"https:\/\/www.bnz.energy\/pt-pt\/bnz-inicia-construcao-de-duas-centrais-solares-fotovoltaicas-de-96-mw-em-merida-extremadura\/","og_site_name":"BNZ","article_published_time":"2023-05-18T09:57:45+00:00","article_modified_time":"2025-02-17T12:10:59+00:00","og_image":[{"width":1024,"height":768,"url":"https:\/\/www.bnz.energy\/wp-content\/uploads\/2023\/05\/PRESS-ROOM_2023_3_MAY_BNZ-starts-construction-of-two-9.6MW-solar-photovoltaic-plants-in-Extremadura-1.jpg","type":"image\/jpeg"}],"author":"admin_bnz","twitter_card":"summary_large_image","twitter_misc":{"Escrito por":"admin_bnz","Tempo estimado de leitura":"3 minutos"},"schema":{"@context":"https:\/\/schema.org","@graph":[{"@type":"Article","@id":"https:\/\/www.bnz.energy\/pt-pt\/bnz-inicia-construcao-de-duas-centrais-solares-fotovoltaicas-de-96-mw-em-merida-extremadura\/#article","isPartOf":{"@id":"https:\/\/www.bnz.energy\/pt-pt\/bnz-inicia-construcao-de-duas-centrais-solares-fotovoltaicas-de-96-mw-em-merida-extremadura\/"},"author":{"name":"admin_bnz","@id":"https:\/\/www.bnz.energy\/#\/schema\/person\/e358b3214b1b4a9b443d49305c239bbe"},"headline":"BNZ inicia constru\u00e7\u00e3o de duas centrais solares fotovoltaicas de 9,6 MW, em M\u00e9rida (Extremadura)","datePublished":"2023-05-18T09:57:45+00:00","dateModified":"2025-02-17T12:10:59+00:00","mainEntityOfPage":{"@id":"https:\/\/www.bnz.energy\/pt-pt\/bnz-inicia-construcao-de-duas-centrais-solares-fotovoltaicas-de-96-mw-em-merida-extremadura\/"},"wordCount":495,"publisher":{"@id":"https:\/\/www.bnz.energy\/#organization"},"image":{"@id":"https:\/\/www.bnz.energy\/pt-pt\/bnz-inicia-construcao-de-duas-centrais-solares-fotovoltaicas-de-96-mw-em-merida-extremadura\/#primaryimage"},"thumbnailUrl":"https:\/\/www.bnz.energy\/wp-content\/uploads\/2023\/05\/PRESS-ROOM_2023_3_MAY_BNZ-starts-construction-of-two-9.6MW-solar-photovoltaic-plants-in-Extremadura-1.jpg","articleSection":["Comunicados de imprensa","Projectos"],"inLanguage":"pt-PT"},{"@type":"WebPage","@id":"https:\/\/www.bnz.energy\/pt-pt\/bnz-inicia-construcao-de-duas-centrais-solares-fotovoltaicas-de-96-mw-em-merida-extremadura\/","url":"https:\/\/www.bnz.energy\/pt-pt\/bnz-inicia-construcao-de-duas-centrais-solares-fotovoltaicas-de-96-mw-em-merida-extremadura\/","name":"BNZ inicia constru\u00e7\u00e3o de duas centrais solares fotovoltaicas de 9,6 MW, em M\u00e9rida (Extremadura) - BNZ","isPartOf":{"@id":"https:\/\/www.bnz.energy\/#website"},"primaryImageOfPage":{"@id":"https:\/\/www.bnz.energy\/pt-pt\/bnz-inicia-construcao-de-duas-centrais-solares-fotovoltaicas-de-96-mw-em-merida-extremadura\/#primaryimage"},"image":{"@id":"https:\/\/www.bnz.energy\/pt-pt\/bnz-inicia-construcao-de-duas-centrais-solares-fotovoltaicas-de-96-mw-em-merida-extremadura\/#primaryimage"},"thumbnailUrl":"https:\/\/www.bnz.energy\/wp-content\/uploads\/2023\/05\/PRESS-ROOM_2023_3_MAY_BNZ-starts-construction-of-two-9.6MW-solar-photovoltaic-plants-in-Extremadura-1.jpg","datePublished":"2023-05-18T09:57:45+00:00","dateModified":"2025-02-17T12:10:59+00:00","breadcrumb":{"@id":"https:\/\/www.bnz.energy\/pt-pt\/bnz-inicia-construcao-de-duas-centrais-solares-fotovoltaicas-de-96-mw-em-merida-extremadura\/#breadcrumb"},"inLanguage":"pt-PT","potentialAction":[{"@type":"ReadAction","target":["https:\/\/www.bnz.energy\/pt-pt\/bnz-inicia-construcao-de-duas-centrais-solares-fotovoltaicas-de-96-mw-em-merida-extremadura\/"]}]},{"@type":"ImageObject","inLanguage":"pt-PT","@id":"https:\/\/www.bnz.energy\/pt-pt\/bnz-inicia-construcao-de-duas-centrais-solares-fotovoltaicas-de-96-mw-em-merida-extremadura\/#primaryimage","url":"https:\/\/www.bnz.energy\/wp-content\/uploads\/2023\/05\/PRESS-ROOM_2023_3_MAY_BNZ-starts-construction-of-two-9.6MW-solar-photovoltaic-plants-in-Extremadura-1.jpg","contentUrl":"https:\/\/www.bnz.energy\/wp-content\/uploads\/2023\/05\/PRESS-ROOM_2023_3_MAY_BNZ-starts-construction-of-two-9.6MW-solar-photovoltaic-plants-in-Extremadura-1.jpg","width":1024,"height":768},{"@type":"BreadcrumbList","@id":"https:\/\/www.bnz.energy\/pt-pt\/bnz-inicia-construcao-de-duas-centrais-solares-fotovoltaicas-de-96-mw-em-merida-extremadura\/#breadcrumb","itemListElement":[{"@type":"ListItem","position":1,"name":"Home","item":"https:\/\/www.bnz.energy\/pt-pt\/"},{"@type":"ListItem","position":2,"name":"BNZ inicia constru\u00e7\u00e3o de duas centrais solares fotovoltaicas de 9,6 MW, em M\u00e9rida (Extremadura)"}]},{"@type":"WebSite","@id":"https:\/\/www.bnz.energy\/#website","url":"https:\/\/www.bnz.energy\/","name":"BNZ","description":"","publisher":{"@id":"https:\/\/www.bnz.energy\/#organization"},"potentialAction":[{"@type":"SearchAction","target":{"@type":"EntryPoint","urlTemplate":"https:\/\/www.bnz.energy\/?s={search_term_string}"},"query-input":{"@type":"PropertyValueSpecification","valueRequired":true,"valueName":"search_term_string"}}],"inLanguage":"pt-PT"},{"@type":"Organization","@id":"https:\/\/www.bnz.energy\/#organization","name":"BNZ","url":"https:\/\/www.bnz.energy\/","logo":{"@type":"ImageObject","inLanguage":"pt-PT","@id":"https:\/\/www.bnz.energy\/#\/schema\/logo\/image\/","url":"https:\/\/www.bnz.energy\/wp-content\/uploads\/2024\/12\/Capa_1.svg","contentUrl":"https:\/\/www.bnz.energy\/wp-content\/uploads\/2024\/12\/Capa_1.svg","width":1,"height":1,"caption":"BNZ"},"image":{"@id":"https:\/\/www.bnz.energy\/#\/schema\/logo\/image\/"},"sameAs":["https:\/\/www.linkedin.com\/company\/bnetzero\/"]},{"@type":"Person","@id":"https:\/\/www.bnz.energy\/#\/schema\/person\/e358b3214b1b4a9b443d49305c239bbe","name":"admin_bnz","image":{"@type":"ImageObject","inLanguage":"pt-PT","@id":"https:\/\/www.bnz.energy\/#\/schema\/person\/image\/","url":"https:\/\/secure.gravatar.com\/avatar\/cc90964e5c0de17136af9d9d3171efa5c21c920531a6aaa763a62c13f62ec30a?s=96&d=mm&r=g","contentUrl":"https:\/\/secure.gravatar.com\/avatar\/cc90964e5c0de17136af9d9d3171efa5c21c920531a6aaa763a62c13f62ec30a?s=96&d=mm&r=g","caption":"admin_bnz"},"sameAs":["https:\/\/www.bnz.energy"],"url":"https:\/\/www.bnz.energy\/pt-pt\/author\/admin_bnz\/"}]}},"_links":{"self":[{"href":"https:\/\/www.bnz.energy\/pt-pt\/wp-json\/wp\/v2\/posts\/2328","targetHints":{"allow":["GET"]}}],"collection":[{"href":"https:\/\/www.bnz.energy\/pt-pt\/wp-json\/wp\/v2\/posts"}],"about":[{"href":"https:\/\/www.bnz.energy\/pt-pt\/wp-json\/wp\/v2\/types\/post"}],"author":[{"embeddable":true,"href":"https:\/\/www.bnz.energy\/pt-pt\/wp-json\/wp\/v2\/users\/1"}],"replies":[{"embeddable":true,"href":"https:\/\/www.bnz.energy\/pt-pt\/wp-json\/wp\/v2\/comments?post=2328"}],"version-history":[{"count":1,"href":"https:\/\/www.bnz.energy\/pt-pt\/wp-json\/wp\/v2\/posts\/2328\/revisions"}],"predecessor-version":[{"id":6958,"href":"https:\/\/www.bnz.energy\/pt-pt\/wp-json\/wp\/v2\/posts\/2328\/revisions\/6958"}],"wp:featuredmedia":[{"embeddable":true,"href":"https:\/\/www.bnz.energy\/pt-pt\/wp-json\/wp\/v2\/media\/4419"}],"wp:attachment":[{"href":"https:\/\/www.bnz.energy\/pt-pt\/wp-json\/wp\/v2\/media?parent=2328"}],"wp:term":[{"taxonomy":"category","embeddable":true,"href":"https:\/\/www.bnz.energy\/pt-pt\/wp-json\/wp\/v2\/categories?post=2328"},{"taxonomy":"post_tag","embeddable":true,"href":"https:\/\/www.bnz.energy\/pt-pt\/wp-json\/wp\/v2\/tags?post=2328"}],"curies":[{"name":"wp","href":"https:\/\/api.w.org\/{rel}","templated":true}]}}