{"id":2279,"date":"2023-05-20T13:55:11","date_gmt":"2023-05-20T13:55:11","guid":{"rendered":"https:\/\/www.bnz.energy\/?p=2279"},"modified":"2025-02-17T12:08:54","modified_gmt":"2025-02-17T12:08:54","slug":"inicio-da-construcao-dos-parques-solares-de-emerita-e-tremisol-nos-media","status":"publish","type":"post","link":"https:\/\/www.bnz.energy\/pt-pt\/inicio-da-construcao-dos-parques-solares-de-emerita-e-tremisol-nos-media\/","title":{"rendered":"In\u00edcio da constru\u00e7\u00e3o dos parques solares de Em\u00e9rita e Tremisol nos media"},"content":{"rendered":"<p><span style=\"font-weight: 400;\">No in\u00edcio de maio de 2023, <a href=\"https:\/\/www.bnz.energy\/pt-pt\/bnz-inicia-construcao-de-duas-centrais-solares-fotovoltaicas-de-96-mw-em-merida-extremadura\/\">a BNZ anunciou o in\u00edcio da constru\u00e7\u00e3o de duas centrais solares na cidade de M\u00e9rida (Extremadura, Espanha).<\/a> As centrais, denominadas Em\u00e9rita e Tremisol, ter\u00e3o capacidade total de 9,6 MW cada. A central de Em\u00e9rita encontra-se em fase de constru\u00e7\u00e3o, enquanto a central do Tremisol dever\u00e1 ser conclu\u00edda no ver\u00e3o de 2024. Este evento atraiu aten\u00e7\u00e3o nacional pela import\u00e2ncia e valor que o projeto trar\u00e1 para a zona.<\/span><\/p>\n<p><span style=\"font-weight: 400;\">Estas s\u00e3o as segunda e terceira centrais da BNZ a serem constru\u00eddas em Espanha, que tem planos para atingir aproximadamente 600 MWp de capacidade at\u00e9 2026 neste pa\u00eds. No geral, a BNZ pretende implantar um portf\u00f3lio agregado de mais de 1,7 GW de energia solar fotovoltaica no sul da Europa at\u00e9 ao final desse ano.<\/span><\/p>\n<p><span style=\"font-weight: 400;\">A energia limpa produzida por estas duas centrais, com 18 hectares cada e com uma capacidade combinada de 19,2 MW, dever\u00e1 evitar a emiss\u00e3o de 10.000 toneladas de CO2 equivalente por ano. Estima-se tamb\u00e9m que a fase de constru\u00e7\u00e3o crie um total de 140 empregos diretos e indiretos, envolvendo mais de 14 empresas locais contratadas.<\/span><\/p>\n<p><span style=\"font-weight: 400;\">Meios de comunica\u00e7\u00e3o como o <a href=\"https:\/\/www.hoy.es\/merida\/compania-bnz-hara-dos-plantas-solares-merida-20230514084721-nt.html\">HOY<\/a> cobriram estes \u00faltimos desenvolvimentos tanto em formato impresso como online.<\/span><\/p>\n","protected":false},"excerpt":{"rendered":"<p>No in\u00edcio de maio de 2023, a BNZ anunciou o in\u00edcio da constru\u00e7\u00e3o de duas centrais solares na cidade de M\u00e9rida (Extremadura, Espanha). As centrais, denominadas Em\u00e9rita e Tremisol, ter\u00e3o capacidade total de 9,6 MW cada. A central de Em\u00e9rita encontra-se em fase de constru\u00e7\u00e3o, enquanto a central do Tremisol dever\u00e1 ser conclu\u00edda no ver\u00e3o [&hellip;]<\/p>\n","protected":false},"author":1,"featured_media":4566,"comment_status":"closed","ping_status":"closed","sticky":false,"template":"","format":"standard","meta":{"_acf_changed":false,"_et_pb_use_builder":"","_et_pb_old_content":"","_et_gb_content_width":"","footnotes":""},"categories":[57,51,61],"tags":[],"class_list":["post-2279","post","type-post","status-publish","format-standard","has-post-thumbnail","hentry","category-comunicados-de-imprensa","category-presenca-nos-media","category-projectos"],"acf":[],"yoast_head":"<!-- This site is optimized with the Yoast SEO plugin v26.6 - https:\/\/yoast.com\/wordpress\/plugins\/seo\/ -->\n<title>In\u00edcio da constru\u00e7\u00e3o dos parques solares de Em\u00e9rita e Tremisol nos media - BNZ<\/title>\n<meta name=\"robots\" content=\"index, follow, max-snippet:-1, max-image-preview:large, max-video-preview:-1\" \/>\n<link rel=\"canonical\" href=\"https:\/\/www.bnz.energy\/pt-pt\/inicio-da-construcao-dos-parques-solares-de-emerita-e-tremisol-nos-media\/\" \/>\n<meta property=\"og:locale\" content=\"pt_PT\" \/>\n<meta property=\"og:type\" content=\"article\" \/>\n<meta property=\"og:title\" content=\"In\u00edcio da constru\u00e7\u00e3o dos parques solares de Em\u00e9rita e Tremisol nos media - BNZ\" \/>\n<meta property=\"og:description\" content=\"No in\u00edcio de maio de 2023, a BNZ anunciou o in\u00edcio da constru\u00e7\u00e3o de duas centrais solares na cidade de M\u00e9rida (Extremadura, Espanha). As centrais, denominadas Em\u00e9rita e Tremisol, ter\u00e3o capacidade total de 9,6 MW cada. A central de Em\u00e9rita encontra-se em fase de constru\u00e7\u00e3o, enquanto a central do Tremisol dever\u00e1 ser conclu\u00edda no ver\u00e3o [&hellip;]\" \/>\n<meta property=\"og:url\" content=\"https:\/\/www.bnz.energy\/pt-pt\/inicio-da-construcao-dos-parques-solares-de-emerita-e-tremisol-nos-media\/\" \/>\n<meta property=\"og:site_name\" content=\"BNZ\" \/>\n<meta property=\"article:published_time\" content=\"2023-05-20T13:55:11+00:00\" \/>\n<meta property=\"article:modified_time\" content=\"2025-02-17T12:08:54+00:00\" \/>\n<meta property=\"og:image\" content=\"https:\/\/www.bnz.energy\/wp-content\/uploads\/2023\/05\/PRESS-ROOM_2023_3_MAY_The-commencement-of-the-construction-of-Emerita-and-Tremisol-on-media-2.jpg\" \/>\n\t<meta property=\"og:image:width\" content=\"511\" \/>\n\t<meta property=\"og:image:height\" content=\"622\" \/>\n\t<meta property=\"og:image:type\" content=\"image\/jpeg\" \/>\n<meta name=\"author\" content=\"admin_bnz\" \/>\n<meta name=\"twitter:card\" content=\"summary_large_image\" \/>\n<meta name=\"twitter:label1\" content=\"Escrito por\" \/>\n\t<meta name=\"twitter:data1\" content=\"admin_bnz\" \/>\n\t<meta name=\"twitter:label2\" content=\"Tempo estimado de leitura\" \/>\n\t<meta name=\"twitter:data2\" content=\"2 minutos\" \/>\n<script type=\"application\/ld+json\" class=\"yoast-schema-graph\">{\"@context\":\"https:\/\/schema.org\",\"@graph\":[{\"@type\":\"Article\",\"@id\":\"https:\/\/www.bnz.energy\/pt-pt\/inicio-da-construcao-dos-parques-solares-de-emerita-e-tremisol-nos-media\/#article\",\"isPartOf\":{\"@id\":\"https:\/\/www.bnz.energy\/pt-pt\/inicio-da-construcao-dos-parques-solares-de-emerita-e-tremisol-nos-media\/\"},\"author\":{\"name\":\"admin_bnz\",\"@id\":\"https:\/\/www.bnz.energy\/#\/schema\/person\/e358b3214b1b4a9b443d49305c239bbe\"},\"headline\":\"In\u00edcio da constru\u00e7\u00e3o dos parques solares de Em\u00e9rita e Tremisol nos media\",\"datePublished\":\"2023-05-20T13:55:11+00:00\",\"dateModified\":\"2025-02-17T12:08:54+00:00\",\"mainEntityOfPage\":{\"@id\":\"https:\/\/www.bnz.energy\/pt-pt\/inicio-da-construcao-dos-parques-solares-de-emerita-e-tremisol-nos-media\/\"},\"wordCount\":223,\"publisher\":{\"@id\":\"https:\/\/www.bnz.energy\/#organization\"},\"image\":{\"@id\":\"https:\/\/www.bnz.energy\/pt-pt\/inicio-da-construcao-dos-parques-solares-de-emerita-e-tremisol-nos-media\/#primaryimage\"},\"thumbnailUrl\":\"https:\/\/www.bnz.energy\/wp-content\/uploads\/2023\/05\/PRESS-ROOM_2023_3_MAY_The-commencement-of-the-construction-of-Emerita-and-Tremisol-on-media-2.jpg\",\"articleSection\":[\"Comunicados de imprensa\",\"Presen\u00e7a nos media\",\"Projectos\"],\"inLanguage\":\"pt-PT\"},{\"@type\":\"WebPage\",\"@id\":\"https:\/\/www.bnz.energy\/pt-pt\/inicio-da-construcao-dos-parques-solares-de-emerita-e-tremisol-nos-media\/\",\"url\":\"https:\/\/www.bnz.energy\/pt-pt\/inicio-da-construcao-dos-parques-solares-de-emerita-e-tremisol-nos-media\/\",\"name\":\"In\u00edcio da constru\u00e7\u00e3o dos parques solares de Em\u00e9rita e Tremisol nos media - BNZ\",\"isPartOf\":{\"@id\":\"https:\/\/www.bnz.energy\/#website\"},\"primaryImageOfPage\":{\"@id\":\"https:\/\/www.bnz.energy\/pt-pt\/inicio-da-construcao-dos-parques-solares-de-emerita-e-tremisol-nos-media\/#primaryimage\"},\"image\":{\"@id\":\"https:\/\/www.bnz.energy\/pt-pt\/inicio-da-construcao-dos-parques-solares-de-emerita-e-tremisol-nos-media\/#primaryimage\"},\"thumbnailUrl\":\"https:\/\/www.bnz.energy\/wp-content\/uploads\/2023\/05\/PRESS-ROOM_2023_3_MAY_The-commencement-of-the-construction-of-Emerita-and-Tremisol-on-media-2.jpg\",\"datePublished\":\"2023-05-20T13:55:11+00:00\",\"dateModified\":\"2025-02-17T12:08:54+00:00\",\"breadcrumb\":{\"@id\":\"https:\/\/www.bnz.energy\/pt-pt\/inicio-da-construcao-dos-parques-solares-de-emerita-e-tremisol-nos-media\/#breadcrumb\"},\"inLanguage\":\"pt-PT\",\"potentialAction\":[{\"@type\":\"ReadAction\",\"target\":[\"https:\/\/www.bnz.energy\/pt-pt\/inicio-da-construcao-dos-parques-solares-de-emerita-e-tremisol-nos-media\/\"]}]},{\"@type\":\"ImageObject\",\"inLanguage\":\"pt-PT\",\"@id\":\"https:\/\/www.bnz.energy\/pt-pt\/inicio-da-construcao-dos-parques-solares-de-emerita-e-tremisol-nos-media\/#primaryimage\",\"url\":\"https:\/\/www.bnz.energy\/wp-content\/uploads\/2023\/05\/PRESS-ROOM_2023_3_MAY_The-commencement-of-the-construction-of-Emerita-and-Tremisol-on-media-2.jpg\",\"contentUrl\":\"https:\/\/www.bnz.energy\/wp-content\/uploads\/2023\/05\/PRESS-ROOM_2023_3_MAY_The-commencement-of-the-construction-of-Emerita-and-Tremisol-on-media-2.jpg\",\"width\":511,\"height\":622},{\"@type\":\"BreadcrumbList\",\"@id\":\"https:\/\/www.bnz.energy\/pt-pt\/inicio-da-construcao-dos-parques-solares-de-emerita-e-tremisol-nos-media\/#breadcrumb\",\"itemListElement\":[{\"@type\":\"ListItem\",\"position\":1,\"name\":\"Home\",\"item\":\"https:\/\/www.bnz.energy\/pt-pt\/\"},{\"@type\":\"ListItem\",\"position\":2,\"name\":\"In\u00edcio da constru\u00e7\u00e3o dos parques solares de Em\u00e9rita e Tremisol nos media\"}]},{\"@type\":\"WebSite\",\"@id\":\"https:\/\/www.bnz.energy\/#website\",\"url\":\"https:\/\/www.bnz.energy\/\",\"name\":\"BNZ\",\"description\":\"\",\"publisher\":{\"@id\":\"https:\/\/www.bnz.energy\/#organization\"},\"potentialAction\":[{\"@type\":\"SearchAction\",\"target\":{\"@type\":\"EntryPoint\",\"urlTemplate\":\"https:\/\/www.bnz.energy\/?s={search_term_string}\"},\"query-input\":{\"@type\":\"PropertyValueSpecification\",\"valueRequired\":true,\"valueName\":\"search_term_string\"}}],\"inLanguage\":\"pt-PT\"},{\"@type\":\"Organization\",\"@id\":\"https:\/\/www.bnz.energy\/#organization\",\"name\":\"BNZ\",\"url\":\"https:\/\/www.bnz.energy\/\",\"logo\":{\"@type\":\"ImageObject\",\"inLanguage\":\"pt-PT\",\"@id\":\"https:\/\/www.bnz.energy\/#\/schema\/logo\/image\/\",\"url\":\"https:\/\/www.bnz.energy\/wp-content\/uploads\/2024\/12\/Capa_1.svg\",\"contentUrl\":\"https:\/\/www.bnz.energy\/wp-content\/uploads\/2024\/12\/Capa_1.svg\",\"width\":1,\"height\":1,\"caption\":\"BNZ\"},\"image\":{\"@id\":\"https:\/\/www.bnz.energy\/#\/schema\/logo\/image\/\"},\"sameAs\":[\"https:\/\/www.linkedin.com\/company\/bnetzero\/\"]},{\"@type\":\"Person\",\"@id\":\"https:\/\/www.bnz.energy\/#\/schema\/person\/e358b3214b1b4a9b443d49305c239bbe\",\"name\":\"admin_bnz\",\"image\":{\"@type\":\"ImageObject\",\"inLanguage\":\"pt-PT\",\"@id\":\"https:\/\/www.bnz.energy\/#\/schema\/person\/image\/\",\"url\":\"https:\/\/secure.gravatar.com\/avatar\/cc90964e5c0de17136af9d9d3171efa5c21c920531a6aaa763a62c13f62ec30a?s=96&d=mm&r=g\",\"contentUrl\":\"https:\/\/secure.gravatar.com\/avatar\/cc90964e5c0de17136af9d9d3171efa5c21c920531a6aaa763a62c13f62ec30a?s=96&d=mm&r=g\",\"caption\":\"admin_bnz\"},\"sameAs\":[\"https:\/\/www.bnz.energy\"],\"url\":\"https:\/\/www.bnz.energy\/pt-pt\/author\/admin_bnz\/\"}]}<\/script>\n<!-- \/ Yoast SEO plugin. -->","yoast_head_json":{"title":"In\u00edcio da constru\u00e7\u00e3o dos parques solares de Em\u00e9rita e Tremisol nos media - BNZ","robots":{"index":"index","follow":"follow","max-snippet":"max-snippet:-1","max-image-preview":"max-image-preview:large","max-video-preview":"max-video-preview:-1"},"canonical":"https:\/\/www.bnz.energy\/pt-pt\/inicio-da-construcao-dos-parques-solares-de-emerita-e-tremisol-nos-media\/","og_locale":"pt_PT","og_type":"article","og_title":"In\u00edcio da constru\u00e7\u00e3o dos parques solares de Em\u00e9rita e Tremisol nos media - BNZ","og_description":"No in\u00edcio de maio de 2023, a BNZ anunciou o in\u00edcio da constru\u00e7\u00e3o de duas centrais solares na cidade de M\u00e9rida (Extremadura, Espanha). As centrais, denominadas Em\u00e9rita e Tremisol, ter\u00e3o capacidade total de 9,6 MW cada. A central de Em\u00e9rita encontra-se em fase de constru\u00e7\u00e3o, enquanto a central do Tremisol dever\u00e1 ser conclu\u00edda no ver\u00e3o [&hellip;]","og_url":"https:\/\/www.bnz.energy\/pt-pt\/inicio-da-construcao-dos-parques-solares-de-emerita-e-tremisol-nos-media\/","og_site_name":"BNZ","article_published_time":"2023-05-20T13:55:11+00:00","article_modified_time":"2025-02-17T12:08:54+00:00","og_image":[{"width":511,"height":622,"url":"https:\/\/www.bnz.energy\/wp-content\/uploads\/2023\/05\/PRESS-ROOM_2023_3_MAY_The-commencement-of-the-construction-of-Emerita-and-Tremisol-on-media-2.jpg","type":"image\/jpeg"}],"author":"admin_bnz","twitter_card":"summary_large_image","twitter_misc":{"Escrito por":"admin_bnz","Tempo estimado de leitura":"2 minutos"},"schema":{"@context":"https:\/\/schema.org","@graph":[{"@type":"Article","@id":"https:\/\/www.bnz.energy\/pt-pt\/inicio-da-construcao-dos-parques-solares-de-emerita-e-tremisol-nos-media\/#article","isPartOf":{"@id":"https:\/\/www.bnz.energy\/pt-pt\/inicio-da-construcao-dos-parques-solares-de-emerita-e-tremisol-nos-media\/"},"author":{"name":"admin_bnz","@id":"https:\/\/www.bnz.energy\/#\/schema\/person\/e358b3214b1b4a9b443d49305c239bbe"},"headline":"In\u00edcio da constru\u00e7\u00e3o dos parques solares de Em\u00e9rita e Tremisol nos media","datePublished":"2023-05-20T13:55:11+00:00","dateModified":"2025-02-17T12:08:54+00:00","mainEntityOfPage":{"@id":"https:\/\/www.bnz.energy\/pt-pt\/inicio-da-construcao-dos-parques-solares-de-emerita-e-tremisol-nos-media\/"},"wordCount":223,"publisher":{"@id":"https:\/\/www.bnz.energy\/#organization"},"image":{"@id":"https:\/\/www.bnz.energy\/pt-pt\/inicio-da-construcao-dos-parques-solares-de-emerita-e-tremisol-nos-media\/#primaryimage"},"thumbnailUrl":"https:\/\/www.bnz.energy\/wp-content\/uploads\/2023\/05\/PRESS-ROOM_2023_3_MAY_The-commencement-of-the-construction-of-Emerita-and-Tremisol-on-media-2.jpg","articleSection":["Comunicados de imprensa","Presen\u00e7a nos media","Projectos"],"inLanguage":"pt-PT"},{"@type":"WebPage","@id":"https:\/\/www.bnz.energy\/pt-pt\/inicio-da-construcao-dos-parques-solares-de-emerita-e-tremisol-nos-media\/","url":"https:\/\/www.bnz.energy\/pt-pt\/inicio-da-construcao-dos-parques-solares-de-emerita-e-tremisol-nos-media\/","name":"In\u00edcio da constru\u00e7\u00e3o dos parques solares de Em\u00e9rita e Tremisol nos media - BNZ","isPartOf":{"@id":"https:\/\/www.bnz.energy\/#website"},"primaryImageOfPage":{"@id":"https:\/\/www.bnz.energy\/pt-pt\/inicio-da-construcao-dos-parques-solares-de-emerita-e-tremisol-nos-media\/#primaryimage"},"image":{"@id":"https:\/\/www.bnz.energy\/pt-pt\/inicio-da-construcao-dos-parques-solares-de-emerita-e-tremisol-nos-media\/#primaryimage"},"thumbnailUrl":"https:\/\/www.bnz.energy\/wp-content\/uploads\/2023\/05\/PRESS-ROOM_2023_3_MAY_The-commencement-of-the-construction-of-Emerita-and-Tremisol-on-media-2.jpg","datePublished":"2023-05-20T13:55:11+00:00","dateModified":"2025-02-17T12:08:54+00:00","breadcrumb":{"@id":"https:\/\/www.bnz.energy\/pt-pt\/inicio-da-construcao-dos-parques-solares-de-emerita-e-tremisol-nos-media\/#breadcrumb"},"inLanguage":"pt-PT","potentialAction":[{"@type":"ReadAction","target":["https:\/\/www.bnz.energy\/pt-pt\/inicio-da-construcao-dos-parques-solares-de-emerita-e-tremisol-nos-media\/"]}]},{"@type":"ImageObject","inLanguage":"pt-PT","@id":"https:\/\/www.bnz.energy\/pt-pt\/inicio-da-construcao-dos-parques-solares-de-emerita-e-tremisol-nos-media\/#primaryimage","url":"https:\/\/www.bnz.energy\/wp-content\/uploads\/2023\/05\/PRESS-ROOM_2023_3_MAY_The-commencement-of-the-construction-of-Emerita-and-Tremisol-on-media-2.jpg","contentUrl":"https:\/\/www.bnz.energy\/wp-content\/uploads\/2023\/05\/PRESS-ROOM_2023_3_MAY_The-commencement-of-the-construction-of-Emerita-and-Tremisol-on-media-2.jpg","width":511,"height":622},{"@type":"BreadcrumbList","@id":"https:\/\/www.bnz.energy\/pt-pt\/inicio-da-construcao-dos-parques-solares-de-emerita-e-tremisol-nos-media\/#breadcrumb","itemListElement":[{"@type":"ListItem","position":1,"name":"Home","item":"https:\/\/www.bnz.energy\/pt-pt\/"},{"@type":"ListItem","position":2,"name":"In\u00edcio da constru\u00e7\u00e3o dos parques solares de Em\u00e9rita e Tremisol nos media"}]},{"@type":"WebSite","@id":"https:\/\/www.bnz.energy\/#website","url":"https:\/\/www.bnz.energy\/","name":"BNZ","description":"","publisher":{"@id":"https:\/\/www.bnz.energy\/#organization"},"potentialAction":[{"@type":"SearchAction","target":{"@type":"EntryPoint","urlTemplate":"https:\/\/www.bnz.energy\/?s={search_term_string}"},"query-input":{"@type":"PropertyValueSpecification","valueRequired":true,"valueName":"search_term_string"}}],"inLanguage":"pt-PT"},{"@type":"Organization","@id":"https:\/\/www.bnz.energy\/#organization","name":"BNZ","url":"https:\/\/www.bnz.energy\/","logo":{"@type":"ImageObject","inLanguage":"pt-PT","@id":"https:\/\/www.bnz.energy\/#\/schema\/logo\/image\/","url":"https:\/\/www.bnz.energy\/wp-content\/uploads\/2024\/12\/Capa_1.svg","contentUrl":"https:\/\/www.bnz.energy\/wp-content\/uploads\/2024\/12\/Capa_1.svg","width":1,"height":1,"caption":"BNZ"},"image":{"@id":"https:\/\/www.bnz.energy\/#\/schema\/logo\/image\/"},"sameAs":["https:\/\/www.linkedin.com\/company\/bnetzero\/"]},{"@type":"Person","@id":"https:\/\/www.bnz.energy\/#\/schema\/person\/e358b3214b1b4a9b443d49305c239bbe","name":"admin_bnz","image":{"@type":"ImageObject","inLanguage":"pt-PT","@id":"https:\/\/www.bnz.energy\/#\/schema\/person\/image\/","url":"https:\/\/secure.gravatar.com\/avatar\/cc90964e5c0de17136af9d9d3171efa5c21c920531a6aaa763a62c13f62ec30a?s=96&d=mm&r=g","contentUrl":"https:\/\/secure.gravatar.com\/avatar\/cc90964e5c0de17136af9d9d3171efa5c21c920531a6aaa763a62c13f62ec30a?s=96&d=mm&r=g","caption":"admin_bnz"},"sameAs":["https:\/\/www.bnz.energy"],"url":"https:\/\/www.bnz.energy\/pt-pt\/author\/admin_bnz\/"}]}},"_links":{"self":[{"href":"https:\/\/www.bnz.energy\/pt-pt\/wp-json\/wp\/v2\/posts\/2279","targetHints":{"allow":["GET"]}}],"collection":[{"href":"https:\/\/www.bnz.energy\/pt-pt\/wp-json\/wp\/v2\/posts"}],"about":[{"href":"https:\/\/www.bnz.energy\/pt-pt\/wp-json\/wp\/v2\/types\/post"}],"author":[{"embeddable":true,"href":"https:\/\/www.bnz.energy\/pt-pt\/wp-json\/wp\/v2\/users\/1"}],"replies":[{"embeddable":true,"href":"https:\/\/www.bnz.energy\/pt-pt\/wp-json\/wp\/v2\/comments?post=2279"}],"version-history":[{"count":1,"href":"https:\/\/www.bnz.energy\/pt-pt\/wp-json\/wp\/v2\/posts\/2279\/revisions"}],"predecessor-version":[{"id":6956,"href":"https:\/\/www.bnz.energy\/pt-pt\/wp-json\/wp\/v2\/posts\/2279\/revisions\/6956"}],"wp:featuredmedia":[{"embeddable":true,"href":"https:\/\/www.bnz.energy\/pt-pt\/wp-json\/wp\/v2\/media\/4566"}],"wp:attachment":[{"href":"https:\/\/www.bnz.energy\/pt-pt\/wp-json\/wp\/v2\/media?parent=2279"}],"wp:term":[{"taxonomy":"category","embeddable":true,"href":"https:\/\/www.bnz.energy\/pt-pt\/wp-json\/wp\/v2\/categories?post=2279"},{"taxonomy":"post_tag","embeddable":true,"href":"https:\/\/www.bnz.energy\/pt-pt\/wp-json\/wp\/v2\/tags?post=2279"}],"curies":[{"name":"wp","href":"https:\/\/api.w.org\/{rel}","templated":true}]}}