{"id":1710,"date":"2022-06-29T13:25:50","date_gmt":"2022-06-29T13:25:50","guid":{"rendered":"https:\/\/www.bnz.energy\/?p=1456"},"modified":"2025-02-17T12:21:34","modified_gmt":"2025-02-17T12:21:34","slug":"as-luzes-e-sombras-dos-resultados-do-ipcc-para-o-sul-da-europa","status":"publish","type":"post","link":"https:\/\/www.bnz.energy\/pt-pt\/as-luzes-e-sombras-dos-resultados-do-ipcc-para-o-sul-da-europa\/","title":{"rendered":"As luzes e sombras dos resultados do IPCC para o Sul da Europa"},"content":{"rendered":"<p><em>Luis Selva, Diretor Geral do BNZ, analisa o \u00faltimo relat\u00f3rio do Painel Intergovernamental sobre Mudan\u00e7as Clim\u00e1ticas (IPCC), publicado em espanhol no <a href=\"https:\/\/revistas.eleconomista.es\/energia\/2022\/junio\/luces-y-sombras-de-las-conclusiones-del-ipcc-para-el-sur-de-europa-MG11533861\">El Economista<\/a>.<\/em><\/p>\n<p>&#8220;\u00c9 agora ou nunca, se quisermos limitar o aquecimento global a 1,5\u00b0C. Sem cortes imediatos e profundos nas emiss\u00f5es de carbono produzidas em todos os setores, ser\u00e1 imposs\u00edvel&#8221;, disse Jim Skea, copresidente do Grupo de Trabalho III do IPCC. O assustador aviso no \u00faltimo relat\u00f3rio do \u00f3rg\u00e3o da ONU intensificou o debate sobre a capacidade da humanidade para inverter os efeitos das altera\u00e7\u00f5es clim\u00e1ticas a n\u00edvel global.<\/p>\n<p>Tudo isto num contexto de provas crescentes de que a degrada\u00e7\u00e3o e a destrui\u00e7\u00e3o dos ecossistemas est\u00e1 a aumentar a vulnerabilidade humana. O motivo? O uso insustent\u00e1vel da terra, recursos naturais, desfloresta\u00e7\u00e3o, perda de biodiversidade e polui\u00e7\u00e3o. Estas mudan\u00e7as cont\u00ednuas e severas na biodiversidade est\u00e3o a afetar negativamente a capacidade dos ecossistemas, sociedades, comunidades e indiv\u00edduos de se adaptarem \u00e0s altera\u00e7\u00f5es clim\u00e1ticas.<\/p>\n<p>E, de acordo com o relat\u00f3rio, a perda de ecossistemas e das suas fun\u00e7\u00f5es tem um impacto em cascata e a longo prazo nas pessoas a n\u00edvel global, especialmente para os povos ind\u00edgenas e comunidades locais que dependem diretamente dos ecossistemas para satisfazer as suas necessidades b\u00e1sicas. Que mudan\u00e7as irrevers\u00edveis queremos deixar para as gera\u00e7\u00f5es futuras?<\/p>\n<p>Dado este cen\u00e1rio, um dos principais vetores da luta contra as altera\u00e7\u00f5es clim\u00e1ticas \u00e9 avan\u00e7ar com a m\u00e1xima ambi\u00e7\u00e3o na promo\u00e7\u00e3o das energias renov\u00e1veis. De facto, o pr\u00f3prio IPCC destaca no seu \u00faltimo relat\u00f3rio que a gera\u00e7\u00e3o verde \u00e9 um dos motivos de otimismo no momento atual, aplaudindo a diminui\u00e7\u00e3o significativa do custo das fontes de energia renov\u00e1veis, desde 2010, at\u00e9 85% para a energia solar e e\u00f3lica, assim como para as baterias.<\/p>\n<p>Os pa\u00edses do Sul da Europa t\u00eam um enorme potencial geogr\u00e1fico e econ\u00f3mico para contribuir para este salto na gera\u00e7\u00e3o de energia renov\u00e1vel, especialmente no que toca \u00e0 energia solar fotovoltaica. O Velho Continente deve contribuir para o mundo como um todo. Contudo, pa\u00edses com uma grande capacidade latente para desenvolver estas tecnologias, tais como It\u00e1lia, Espanha e Portugal, n\u00e3o aparecem nas primeiras posi\u00e7\u00f5es do &#8220;Green Future Index 2022&#8221; publicado pelo Massachusetts Institute of Technology (MIT), que classifica 76 pa\u00edses de acordo com a sua prepara\u00e7\u00e3o para avan\u00e7ar para um futuro com baixo teor em carbono.<\/p>\n<p><img loading=\"lazy\" decoding=\"async\" class=\"alignnone wp-image-1432 size-full\" src=\"https:\/\/www.bnz.energy\/wp-content\/uploads\/2022\/10\/grafico-bnz.png\" alt=\"\" width=\"1019\" height=\"308\" \/><\/p>\n<p><strong>\u201cO momento para atuar \u00e9 agora\u201d<\/strong><\/p>\n<p>&#8220;As provas s\u00e3o claras: o momento de agir \u00e9 agora. Podemos reduzir as emiss\u00f5es para metade at\u00e9 2030&#8221;, salienta o IPCC numa das primeiras frases, por meio de um aviso sobre a situa\u00e7\u00e3o limite que vivemos. O meio que mais provavelmente ir\u00e1 permitir atingir este objetivo de acelerar a transi\u00e7\u00e3o energ\u00e9tica, de acordo com o relat\u00f3rio, \u00e9 precisamente uma utiliza\u00e7\u00e3o mais intensiva das energias renov\u00e1veis.<\/p>\n<p>O IPCC baseia-se em mais de 18.000 publica\u00e7\u00f5es cient\u00edficas e o seu principal objetivo \u00e9 esclarecer como se deve agir para alcan\u00e7ar as metas clim\u00e1ticas, expondo quais s\u00e3o as principais barreiras. A mais recente publica\u00e7\u00e3o do Sexto Relat\u00f3rio de Avalia\u00e7\u00e3o do IPCC centra-se principalmente na mitiga\u00e7\u00e3o das altera\u00e7\u00f5es clim\u00e1ticas. \u00c9 aqui que s\u00e3o identificadas cinco quest\u00f5es-chave: a utiliza\u00e7\u00e3o de combust\u00edveis f\u00f3sseis, a produ\u00e7\u00e3o de metano e CO<sub>2<\/sub>, o gado e a transi\u00e7\u00e3o para cidades mais verdes.<\/p>\n<p>Embora todos os t\u00f3picos sejam essenciais na luta contra as altera\u00e7\u00f5es clim\u00e1ticas, aquele que tem a ver com a energia enquanto tal, a utiliza\u00e7\u00e3o de combust\u00edveis f\u00f3sseis, \u00e9 talvez o mais importante devido \u00e0 quantidade de emiss\u00f5es de carbono que s\u00e3o emitidas ano ap\u00f3s ano. Em rela\u00e7\u00e3o \u00e0s fontes de energia, o relat\u00f3rio indica que a produ\u00e7\u00e3o solar fotovoltaica quase triplicou para 680TWh no per\u00edodo de 2015-2019, enquanto que o vento e a energia solar combinados representaram 8% da produ\u00e7\u00e3o total de eletricidade em 2019. Estas percentagens ir\u00e3o sem d\u00favida crescer e o relat\u00f3rio do IPCC regista a confian\u00e7a de que a adi\u00e7\u00e3o de uma grande parte da gera\u00e7\u00e3o vari\u00e1vel ser\u00e1 mitigada atrav\u00e9s de v\u00e1rias tecnologias de armazenamento de energia, sistemas de transmiss\u00e3o, tecnologias de resposta \u00e0 procura e outras solu\u00e7\u00f5es comprovadas.<\/p>\n<p>O setor solar, em particular, j\u00e1 provou aquilo de que \u00e9 capaz, e est\u00e1 pronto a utilizar as enormes quantidades de energia limpa necess\u00e1rias para descarbonizar o setor energ\u00e9tico. O necess\u00e1rio agora \u00e9 planear e permitir a moderniza\u00e7\u00e3o das redes el\u00e9tricas, bem como aumentar e descentralizar o ecossistema de gera\u00e7\u00e3o fotovoltaica. Desta forma, ao remover obst\u00e1culos, a energia solar fotovoltaica poder\u00e1 desempenhar o seu papel de lideran\u00e7a nesta d\u00e9cada.<\/p>\n<p>\u00c9 esta mesma energia que pode eliminar 4,25 mil milh\u00f5es de toneladas de emiss\u00f5es de carbono durante a pr\u00f3xima d\u00e9cada. No entanto, as medidas propostas pelos governos at\u00e9 agora ficam muito aqu\u00e9m do que \u00e9 necess\u00e1rio, uma vez que os fluxos de capital para os combust\u00edveis f\u00f3sseis continuam a ser maiores do que aqueles que s\u00e3o atribu\u00eddos \u00e0 luta contra as altera\u00e7\u00f5es clim\u00e1ticas.<\/p>\n<p>Comsequentemente, \u00e9 importante salientar tamb\u00e9m as dificuldades encontradas a n\u00edvel administrativo e jur\u00eddico para avan\u00e7ar no processo de implementa\u00e7\u00e3o dos projetos. A \u00e1rea mediterr\u00e2nica \u00e9 um territ\u00f3rio muito rico em termos de energia e infraestruturas, mas para aproveitar este potencial ao m\u00e1ximo temos de simplificar e acelerar os procedimentos administrativos. Se o conseguirmos fazer de uma forma mais \u00e1gil, n\u00e3o h\u00e1 d\u00favida de que seremos capazes de atingir os ambiciosos objetivos que temos.<\/p>\n<p><strong>O papel dos pa\u00edses do Sul da Europa <\/strong><\/p>\n<p>Se olharmos novamente para o Green Future Index, podemos ver que Espanha, It\u00e1lia e Portugal est\u00e3o entre os pa\u00edses que mais subiram no ranking, com Espanha na 13\u00aa posi\u00e7\u00e3o, It\u00e1lia na 17\u00aa e Portugal na 18\u00aa, gra\u00e7as \u00e0 instala\u00e7\u00e3o de energias renov\u00e1veis e tamb\u00e9m ao encerramento de v\u00e1rias centrais el\u00e9tricas alimentadas a carv\u00e3o. Al\u00e9m disso, no caso de Espanha, \u00e9 importante notar que est\u00e1 na sexta posi\u00e7\u00e3o em rela\u00e7\u00e3o \u00e0 pol\u00edtica clim\u00e1tica, onde conceitos como agricultura sustent\u00e1vel e impostos sobre o carbono, entre outros, s\u00e3o tidos em conta.<\/p>\n<p>Por esta raz\u00e3o, a regulamenta\u00e7\u00e3o e a aposta no desenvolvimento em larga escala das energias renov\u00e1veis \u00e9 um dos principais motores desta mudan\u00e7a necess\u00e1ria, mas tamb\u00e9m o \u00e9 a capacidade de adapta\u00e7\u00e3o e o dinamismo das empresas e dos cidad\u00e3os &#8211; desde a instala\u00e7\u00e3o de pain\u00e9is fotovoltaicos de autoconsumo nos edif\u00edcios, at\u00e9 ao desenvolvimento de grandes centrais solares para abastecer a ind\u00fastria e centenas de grandes cidades.<\/p>\n<p>Neste contexto, a energia limpa produzida por IPPs como a BNZ \u00e9 essencial para alcan\u00e7ar as metas estabelecidas e manter o aquecimento global a 1,5 graus at\u00e9 2050. Como o pr\u00f3prio presidente do IPCC Hoesung Lee afirmou no lan\u00e7amento do documento, &#8220;Encontramo-nos numa encruzilhada. As decis\u00f5es que tomamos agora podem assegurar um futuro habit\u00e1vel. Temos as ferramentas e os conhecimentos necess\u00e1rios para limitar o aquecimento\u201d.<\/p>\n","protected":false},"excerpt":{"rendered":"<p>Luis Selva, Diretor Geral do BNZ, analisa o \u00faltimo relat\u00f3rio do Painel Intergovernamental sobre Mudan\u00e7as Clim\u00e1ticas (IPCC), publicado em espanhol no El Economista. &#8220;\u00c9 agora ou nunca, se quisermos limitar o aquecimento global a 1,5\u00b0C. Sem cortes imediatos e profundos nas emiss\u00f5es de carbono produzidas em todos os setores, ser\u00e1 imposs\u00edvel&#8221;, disse Jim Skea, copresidente [&hellip;]<\/p>\n","protected":false},"author":1,"featured_media":7580,"comment_status":"closed","ping_status":"closed","sticky":false,"template":"","format":"standard","meta":{"_acf_changed":false,"_et_pb_use_builder":"","_et_pb_old_content":"","_et_gb_content_width":"","footnotes":""},"categories":[57,66],"tags":[],"class_list":["post-1710","post","type-post","status-publish","format-standard","has-post-thumbnail","hentry","category-comunicados-de-imprensa","category-sustentabilidade"],"acf":[],"yoast_head":"<!-- This site is optimized with the Yoast SEO plugin v26.6 - https:\/\/yoast.com\/wordpress\/plugins\/seo\/ -->\n<title>As luzes e sombras dos resultados do IPCC para o Sul da Europa - BNZ<\/title>\n<meta name=\"robots\" content=\"index, follow, max-snippet:-1, max-image-preview:large, max-video-preview:-1\" \/>\n<link rel=\"canonical\" href=\"https:\/\/www.bnz.energy\/pt-pt\/as-luzes-e-sombras-dos-resultados-do-ipcc-para-o-sul-da-europa\/\" \/>\n<meta property=\"og:locale\" content=\"pt_PT\" \/>\n<meta property=\"og:type\" content=\"article\" \/>\n<meta property=\"og:title\" content=\"As luzes e sombras dos resultados do IPCC para o Sul da Europa - BNZ\" \/>\n<meta property=\"og:description\" content=\"Luis Selva, Diretor Geral do BNZ, analisa o \u00faltimo relat\u00f3rio do Painel Intergovernamental sobre Mudan\u00e7as Clim\u00e1ticas (IPCC), publicado em espanhol no El Economista. &#8220;\u00c9 agora ou nunca, se quisermos limitar o aquecimento global a 1,5\u00b0C. Sem cortes imediatos e profundos nas emiss\u00f5es de carbono produzidas em todos os setores, ser\u00e1 imposs\u00edvel&#8221;, disse Jim Skea, copresidente [&hellip;]\" \/>\n<meta property=\"og:url\" content=\"https:\/\/www.bnz.energy\/pt-pt\/as-luzes-e-sombras-dos-resultados-do-ipcc-para-o-sul-da-europa\/\" \/>\n<meta property=\"og:site_name\" content=\"BNZ\" \/>\n<meta property=\"article:published_time\" content=\"2022-06-29T13:25:50+00:00\" \/>\n<meta property=\"article:modified_time\" content=\"2025-02-17T12:21:34+00:00\" \/>\n<meta property=\"og:image\" content=\"https:\/\/www.bnz.energy\/wp-content\/uploads\/2022\/06\/dry-g38a356388_1920.jpg\" \/>\n\t<meta property=\"og:image:width\" content=\"1920\" \/>\n\t<meta property=\"og:image:height\" content=\"1280\" \/>\n\t<meta property=\"og:image:type\" content=\"image\/jpeg\" \/>\n<meta name=\"author\" content=\"admin_bnz\" \/>\n<meta name=\"twitter:card\" content=\"summary_large_image\" \/>\n<meta name=\"twitter:label1\" content=\"Escrito por\" \/>\n\t<meta name=\"twitter:data1\" content=\"admin_bnz\" \/>\n\t<meta name=\"twitter:label2\" content=\"Tempo estimado de leitura\" \/>\n\t<meta name=\"twitter:data2\" content=\"5 minutos\" \/>\n<script type=\"application\/ld+json\" class=\"yoast-schema-graph\">{\"@context\":\"https:\/\/schema.org\",\"@graph\":[{\"@type\":\"Article\",\"@id\":\"https:\/\/www.bnz.energy\/pt-pt\/as-luzes-e-sombras-dos-resultados-do-ipcc-para-o-sul-da-europa\/#article\",\"isPartOf\":{\"@id\":\"https:\/\/www.bnz.energy\/pt-pt\/as-luzes-e-sombras-dos-resultados-do-ipcc-para-o-sul-da-europa\/\"},\"author\":{\"name\":\"admin_bnz\",\"@id\":\"https:\/\/www.bnz.energy\/#\/schema\/person\/e358b3214b1b4a9b443d49305c239bbe\"},\"headline\":\"As luzes e sombras dos resultados do IPCC para o Sul da Europa\",\"datePublished\":\"2022-06-29T13:25:50+00:00\",\"dateModified\":\"2025-02-17T12:21:34+00:00\",\"mainEntityOfPage\":{\"@id\":\"https:\/\/www.bnz.energy\/pt-pt\/as-luzes-e-sombras-dos-resultados-do-ipcc-para-o-sul-da-europa\/\"},\"wordCount\":1239,\"publisher\":{\"@id\":\"https:\/\/www.bnz.energy\/#organization\"},\"image\":{\"@id\":\"https:\/\/www.bnz.energy\/pt-pt\/as-luzes-e-sombras-dos-resultados-do-ipcc-para-o-sul-da-europa\/#primaryimage\"},\"thumbnailUrl\":\"https:\/\/www.bnz.energy\/wp-content\/uploads\/2022\/06\/dry-g38a356388_1920.jpg\",\"articleSection\":[\"Comunicados de imprensa\",\"Sustentabilidade\"],\"inLanguage\":\"pt-PT\"},{\"@type\":\"WebPage\",\"@id\":\"https:\/\/www.bnz.energy\/pt-pt\/as-luzes-e-sombras-dos-resultados-do-ipcc-para-o-sul-da-europa\/\",\"url\":\"https:\/\/www.bnz.energy\/pt-pt\/as-luzes-e-sombras-dos-resultados-do-ipcc-para-o-sul-da-europa\/\",\"name\":\"As luzes e sombras dos resultados do IPCC para o Sul da Europa - BNZ\",\"isPartOf\":{\"@id\":\"https:\/\/www.bnz.energy\/#website\"},\"primaryImageOfPage\":{\"@id\":\"https:\/\/www.bnz.energy\/pt-pt\/as-luzes-e-sombras-dos-resultados-do-ipcc-para-o-sul-da-europa\/#primaryimage\"},\"image\":{\"@id\":\"https:\/\/www.bnz.energy\/pt-pt\/as-luzes-e-sombras-dos-resultados-do-ipcc-para-o-sul-da-europa\/#primaryimage\"},\"thumbnailUrl\":\"https:\/\/www.bnz.energy\/wp-content\/uploads\/2022\/06\/dry-g38a356388_1920.jpg\",\"datePublished\":\"2022-06-29T13:25:50+00:00\",\"dateModified\":\"2025-02-17T12:21:34+00:00\",\"breadcrumb\":{\"@id\":\"https:\/\/www.bnz.energy\/pt-pt\/as-luzes-e-sombras-dos-resultados-do-ipcc-para-o-sul-da-europa\/#breadcrumb\"},\"inLanguage\":\"pt-PT\",\"potentialAction\":[{\"@type\":\"ReadAction\",\"target\":[\"https:\/\/www.bnz.energy\/pt-pt\/as-luzes-e-sombras-dos-resultados-do-ipcc-para-o-sul-da-europa\/\"]}]},{\"@type\":\"ImageObject\",\"inLanguage\":\"pt-PT\",\"@id\":\"https:\/\/www.bnz.energy\/pt-pt\/as-luzes-e-sombras-dos-resultados-do-ipcc-para-o-sul-da-europa\/#primaryimage\",\"url\":\"https:\/\/www.bnz.energy\/wp-content\/uploads\/2022\/06\/dry-g38a356388_1920.jpg\",\"contentUrl\":\"https:\/\/www.bnz.energy\/wp-content\/uploads\/2022\/06\/dry-g38a356388_1920.jpg\",\"width\":1920,\"height\":1280},{\"@type\":\"BreadcrumbList\",\"@id\":\"https:\/\/www.bnz.energy\/pt-pt\/as-luzes-e-sombras-dos-resultados-do-ipcc-para-o-sul-da-europa\/#breadcrumb\",\"itemListElement\":[{\"@type\":\"ListItem\",\"position\":1,\"name\":\"Home\",\"item\":\"https:\/\/www.bnz.energy\/pt-pt\/\"},{\"@type\":\"ListItem\",\"position\":2,\"name\":\"As luzes e sombras dos resultados do IPCC para o Sul da Europa\"}]},{\"@type\":\"WebSite\",\"@id\":\"https:\/\/www.bnz.energy\/#website\",\"url\":\"https:\/\/www.bnz.energy\/\",\"name\":\"BNZ\",\"description\":\"\",\"publisher\":{\"@id\":\"https:\/\/www.bnz.energy\/#organization\"},\"potentialAction\":[{\"@type\":\"SearchAction\",\"target\":{\"@type\":\"EntryPoint\",\"urlTemplate\":\"https:\/\/www.bnz.energy\/?s={search_term_string}\"},\"query-input\":{\"@type\":\"PropertyValueSpecification\",\"valueRequired\":true,\"valueName\":\"search_term_string\"}}],\"inLanguage\":\"pt-PT\"},{\"@type\":\"Organization\",\"@id\":\"https:\/\/www.bnz.energy\/#organization\",\"name\":\"BNZ\",\"url\":\"https:\/\/www.bnz.energy\/\",\"logo\":{\"@type\":\"ImageObject\",\"inLanguage\":\"pt-PT\",\"@id\":\"https:\/\/www.bnz.energy\/#\/schema\/logo\/image\/\",\"url\":\"https:\/\/www.bnz.energy\/wp-content\/uploads\/2024\/12\/Capa_1.svg\",\"contentUrl\":\"https:\/\/www.bnz.energy\/wp-content\/uploads\/2024\/12\/Capa_1.svg\",\"width\":1,\"height\":1,\"caption\":\"BNZ\"},\"image\":{\"@id\":\"https:\/\/www.bnz.energy\/#\/schema\/logo\/image\/\"},\"sameAs\":[\"https:\/\/www.linkedin.com\/company\/bnetzero\/\"]},{\"@type\":\"Person\",\"@id\":\"https:\/\/www.bnz.energy\/#\/schema\/person\/e358b3214b1b4a9b443d49305c239bbe\",\"name\":\"admin_bnz\",\"image\":{\"@type\":\"ImageObject\",\"inLanguage\":\"pt-PT\",\"@id\":\"https:\/\/www.bnz.energy\/#\/schema\/person\/image\/\",\"url\":\"https:\/\/secure.gravatar.com\/avatar\/cc90964e5c0de17136af9d9d3171efa5c21c920531a6aaa763a62c13f62ec30a?s=96&d=mm&r=g\",\"contentUrl\":\"https:\/\/secure.gravatar.com\/avatar\/cc90964e5c0de17136af9d9d3171efa5c21c920531a6aaa763a62c13f62ec30a?s=96&d=mm&r=g\",\"caption\":\"admin_bnz\"},\"sameAs\":[\"https:\/\/www.bnz.energy\"],\"url\":\"https:\/\/www.bnz.energy\/pt-pt\/author\/admin_bnz\/\"}]}<\/script>\n<!-- \/ Yoast SEO plugin. -->","yoast_head_json":{"title":"As luzes e sombras dos resultados do IPCC para o Sul da Europa - BNZ","robots":{"index":"index","follow":"follow","max-snippet":"max-snippet:-1","max-image-preview":"max-image-preview:large","max-video-preview":"max-video-preview:-1"},"canonical":"https:\/\/www.bnz.energy\/pt-pt\/as-luzes-e-sombras-dos-resultados-do-ipcc-para-o-sul-da-europa\/","og_locale":"pt_PT","og_type":"article","og_title":"As luzes e sombras dos resultados do IPCC para o Sul da Europa - BNZ","og_description":"Luis Selva, Diretor Geral do BNZ, analisa o \u00faltimo relat\u00f3rio do Painel Intergovernamental sobre Mudan\u00e7as Clim\u00e1ticas (IPCC), publicado em espanhol no El Economista. &#8220;\u00c9 agora ou nunca, se quisermos limitar o aquecimento global a 1,5\u00b0C. Sem cortes imediatos e profundos nas emiss\u00f5es de carbono produzidas em todos os setores, ser\u00e1 imposs\u00edvel&#8221;, disse Jim Skea, copresidente [&hellip;]","og_url":"https:\/\/www.bnz.energy\/pt-pt\/as-luzes-e-sombras-dos-resultados-do-ipcc-para-o-sul-da-europa\/","og_site_name":"BNZ","article_published_time":"2022-06-29T13:25:50+00:00","article_modified_time":"2025-02-17T12:21:34+00:00","og_image":[{"width":1920,"height":1280,"url":"https:\/\/www.bnz.energy\/wp-content\/uploads\/2022\/06\/dry-g38a356388_1920.jpg","type":"image\/jpeg"}],"author":"admin_bnz","twitter_card":"summary_large_image","twitter_misc":{"Escrito por":"admin_bnz","Tempo estimado de leitura":"5 minutos"},"schema":{"@context":"https:\/\/schema.org","@graph":[{"@type":"Article","@id":"https:\/\/www.bnz.energy\/pt-pt\/as-luzes-e-sombras-dos-resultados-do-ipcc-para-o-sul-da-europa\/#article","isPartOf":{"@id":"https:\/\/www.bnz.energy\/pt-pt\/as-luzes-e-sombras-dos-resultados-do-ipcc-para-o-sul-da-europa\/"},"author":{"name":"admin_bnz","@id":"https:\/\/www.bnz.energy\/#\/schema\/person\/e358b3214b1b4a9b443d49305c239bbe"},"headline":"As luzes e sombras dos resultados do IPCC para o Sul da Europa","datePublished":"2022-06-29T13:25:50+00:00","dateModified":"2025-02-17T12:21:34+00:00","mainEntityOfPage":{"@id":"https:\/\/www.bnz.energy\/pt-pt\/as-luzes-e-sombras-dos-resultados-do-ipcc-para-o-sul-da-europa\/"},"wordCount":1239,"publisher":{"@id":"https:\/\/www.bnz.energy\/#organization"},"image":{"@id":"https:\/\/www.bnz.energy\/pt-pt\/as-luzes-e-sombras-dos-resultados-do-ipcc-para-o-sul-da-europa\/#primaryimage"},"thumbnailUrl":"https:\/\/www.bnz.energy\/wp-content\/uploads\/2022\/06\/dry-g38a356388_1920.jpg","articleSection":["Comunicados de imprensa","Sustentabilidade"],"inLanguage":"pt-PT"},{"@type":"WebPage","@id":"https:\/\/www.bnz.energy\/pt-pt\/as-luzes-e-sombras-dos-resultados-do-ipcc-para-o-sul-da-europa\/","url":"https:\/\/www.bnz.energy\/pt-pt\/as-luzes-e-sombras-dos-resultados-do-ipcc-para-o-sul-da-europa\/","name":"As luzes e sombras dos resultados do IPCC para o Sul da Europa - BNZ","isPartOf":{"@id":"https:\/\/www.bnz.energy\/#website"},"primaryImageOfPage":{"@id":"https:\/\/www.bnz.energy\/pt-pt\/as-luzes-e-sombras-dos-resultados-do-ipcc-para-o-sul-da-europa\/#primaryimage"},"image":{"@id":"https:\/\/www.bnz.energy\/pt-pt\/as-luzes-e-sombras-dos-resultados-do-ipcc-para-o-sul-da-europa\/#primaryimage"},"thumbnailUrl":"https:\/\/www.bnz.energy\/wp-content\/uploads\/2022\/06\/dry-g38a356388_1920.jpg","datePublished":"2022-06-29T13:25:50+00:00","dateModified":"2025-02-17T12:21:34+00:00","breadcrumb":{"@id":"https:\/\/www.bnz.energy\/pt-pt\/as-luzes-e-sombras-dos-resultados-do-ipcc-para-o-sul-da-europa\/#breadcrumb"},"inLanguage":"pt-PT","potentialAction":[{"@type":"ReadAction","target":["https:\/\/www.bnz.energy\/pt-pt\/as-luzes-e-sombras-dos-resultados-do-ipcc-para-o-sul-da-europa\/"]}]},{"@type":"ImageObject","inLanguage":"pt-PT","@id":"https:\/\/www.bnz.energy\/pt-pt\/as-luzes-e-sombras-dos-resultados-do-ipcc-para-o-sul-da-europa\/#primaryimage","url":"https:\/\/www.bnz.energy\/wp-content\/uploads\/2022\/06\/dry-g38a356388_1920.jpg","contentUrl":"https:\/\/www.bnz.energy\/wp-content\/uploads\/2022\/06\/dry-g38a356388_1920.jpg","width":1920,"height":1280},{"@type":"BreadcrumbList","@id":"https:\/\/www.bnz.energy\/pt-pt\/as-luzes-e-sombras-dos-resultados-do-ipcc-para-o-sul-da-europa\/#breadcrumb","itemListElement":[{"@type":"ListItem","position":1,"name":"Home","item":"https:\/\/www.bnz.energy\/pt-pt\/"},{"@type":"ListItem","position":2,"name":"As luzes e sombras dos resultados do IPCC para o Sul da Europa"}]},{"@type":"WebSite","@id":"https:\/\/www.bnz.energy\/#website","url":"https:\/\/www.bnz.energy\/","name":"BNZ","description":"","publisher":{"@id":"https:\/\/www.bnz.energy\/#organization"},"potentialAction":[{"@type":"SearchAction","target":{"@type":"EntryPoint","urlTemplate":"https:\/\/www.bnz.energy\/?s={search_term_string}"},"query-input":{"@type":"PropertyValueSpecification","valueRequired":true,"valueName":"search_term_string"}}],"inLanguage":"pt-PT"},{"@type":"Organization","@id":"https:\/\/www.bnz.energy\/#organization","name":"BNZ","url":"https:\/\/www.bnz.energy\/","logo":{"@type":"ImageObject","inLanguage":"pt-PT","@id":"https:\/\/www.bnz.energy\/#\/schema\/logo\/image\/","url":"https:\/\/www.bnz.energy\/wp-content\/uploads\/2024\/12\/Capa_1.svg","contentUrl":"https:\/\/www.bnz.energy\/wp-content\/uploads\/2024\/12\/Capa_1.svg","width":1,"height":1,"caption":"BNZ"},"image":{"@id":"https:\/\/www.bnz.energy\/#\/schema\/logo\/image\/"},"sameAs":["https:\/\/www.linkedin.com\/company\/bnetzero\/"]},{"@type":"Person","@id":"https:\/\/www.bnz.energy\/#\/schema\/person\/e358b3214b1b4a9b443d49305c239bbe","name":"admin_bnz","image":{"@type":"ImageObject","inLanguage":"pt-PT","@id":"https:\/\/www.bnz.energy\/#\/schema\/person\/image\/","url":"https:\/\/secure.gravatar.com\/avatar\/cc90964e5c0de17136af9d9d3171efa5c21c920531a6aaa763a62c13f62ec30a?s=96&d=mm&r=g","contentUrl":"https:\/\/secure.gravatar.com\/avatar\/cc90964e5c0de17136af9d9d3171efa5c21c920531a6aaa763a62c13f62ec30a?s=96&d=mm&r=g","caption":"admin_bnz"},"sameAs":["https:\/\/www.bnz.energy"],"url":"https:\/\/www.bnz.energy\/pt-pt\/author\/admin_bnz\/"}]}},"_links":{"self":[{"href":"https:\/\/www.bnz.energy\/pt-pt\/wp-json\/wp\/v2\/posts\/1710","targetHints":{"allow":["GET"]}}],"collection":[{"href":"https:\/\/www.bnz.energy\/pt-pt\/wp-json\/wp\/v2\/posts"}],"about":[{"href":"https:\/\/www.bnz.energy\/pt-pt\/wp-json\/wp\/v2\/types\/post"}],"author":[{"embeddable":true,"href":"https:\/\/www.bnz.energy\/pt-pt\/wp-json\/wp\/v2\/users\/1"}],"replies":[{"embeddable":true,"href":"https:\/\/www.bnz.energy\/pt-pt\/wp-json\/wp\/v2\/comments?post=1710"}],"version-history":[{"count":1,"href":"https:\/\/www.bnz.energy\/pt-pt\/wp-json\/wp\/v2\/posts\/1710\/revisions"}],"predecessor-version":[{"id":6984,"href":"https:\/\/www.bnz.energy\/pt-pt\/wp-json\/wp\/v2\/posts\/1710\/revisions\/6984"}],"wp:featuredmedia":[{"embeddable":true,"href":"https:\/\/www.bnz.energy\/pt-pt\/wp-json\/wp\/v2\/media\/7580"}],"wp:attachment":[{"href":"https:\/\/www.bnz.energy\/pt-pt\/wp-json\/wp\/v2\/media?parent=1710"}],"wp:term":[{"taxonomy":"category","embeddable":true,"href":"https:\/\/www.bnz.energy\/pt-pt\/wp-json\/wp\/v2\/categories?post=1710"},{"taxonomy":"post_tag","embeddable":true,"href":"https:\/\/www.bnz.energy\/pt-pt\/wp-json\/wp\/v2\/tags?post=1710"}],"curies":[{"name":"wp","href":"https:\/\/api.w.org\/{rel}","templated":true}]}}