{"id":1702,"date":"2022-05-31T11:46:50","date_gmt":"2022-05-31T11:46:50","guid":{"rendered":"https:\/\/www.bnz.energy\/?p=1335"},"modified":"2025-02-17T12:27:03","modified_gmt":"2025-02-17T12:27:03","slug":"bnz-constroi-central-fotovoltaica-na-regiao-norte-de-portugal","status":"publish","type":"post","link":"https:\/\/www.bnz.energy\/pt-pt\/bnz-constroi-central-fotovoltaica-na-regiao-norte-de-portugal\/","title":{"rendered":"BNZ constr\u00f3i central fotovoltaica na Regi\u00e3o Norte de Portugal"},"content":{"rendered":"<p>A BNZ, produtora independente de energia (IPP) que desenvolve, constr\u00f3i e opera projetos solares fotovoltaicos, obteve autoriza\u00e7\u00e3o para iniciar a constru\u00e7\u00e3o de uma central fotovoltaica na Comunidade Intermunicipal do Ave com uma capacidade instalada de 49MWp. A BNZ espera que a central esteja operacional em 2023.<\/p>\n<p>Esta ser\u00e1 a primeira central da BNZ a ser constru\u00edda em Portugal, onde a empresa espera instalar uma capacidade total superior a 400MWp, at\u00e9 2024. A capacidade total autorizada da BNZ, em todas as geografias onde opera, \u00e9 de 147MWp.<\/p>\n<p>A produ\u00e7\u00e3o de eletricidade deste projeto seria capaz de suprir as necessidades energ\u00e9ticas anuais de cerca de 14.000 pessoas, o equivalente a um ter\u00e7o da popula\u00e7\u00e3o de \u00c9vora. A energia limpa produzida nesta central evitar\u00e1 21.500 toneladas de emiss\u00f5es de CO<sub>2 <\/sub>por ano, o que equivale a cerca de 37.000 voos de ida e volta entre Lisboa e Londres. Al\u00e9m disso, a BNZ estima que ir\u00e1 criar entre 270 e 370 postos de trabalho diretos e indiretos at\u00e9 2024.<\/p>\n<p>A produ\u00e7\u00e3o de energia solar fotovoltaica est\u00e1vel e acess\u00edvel instalada no nosso pa\u00eds evitar\u00e1 a importa\u00e7\u00e3o de combust\u00edveis f\u00f3sseis, como o g\u00e1s natural, de pa\u00edses terceiros. Isto resultar\u00e1 numa maior independ\u00eancia energ\u00e9tica e seguran\u00e7a de abastecimento, para al\u00e9m de contribuir para a sustentabilidade ambiental. Por exemplo, a energia produzida por este projeto da BNZ ir\u00e1 poupar, por ano, a utiliza\u00e7\u00e3o de 14 milh\u00f5es de m<sup>3 <\/sup>de g\u00e1s natural, que seriam consumidos por instala\u00e7\u00f5es de turbinas a g\u00e1s de ciclo combinado (CCGT) para gerar a mesma quantidade de energia.<\/p>\n<p>A BNZ est\u00e1 empenhada no progresso ambiental e social das comunidades locais onde desenvolve os seus projetos. Assim, para al\u00e9m do impacto econ\u00f3mico positivo das centrais na comunidade local e do seu cumprimento de todos os crit\u00e9rios ambientais, a BNZ colabora com as autoridades locais em projetos sociais.<\/p>\n<p>A par da constru\u00e7\u00e3o desta primeira central em Portugal, a BNZ prestou tamb\u00e9m um contributo relevante ao projeto social &#8220;Cuidar Maior&#8221;, apoiado pelo Portugal 2020, em Vila Nova de Famalic\u00e3o. Este projeto social consiste num programa de interven\u00e7\u00e3o individualizado e personalizado, que visa chamar a aten\u00e7\u00e3o para as car\u00eancias de algumas pessoas da comunidade, que cuidam de familiares com necessidades especiais, desde dem\u00eancia ou <em>alzheimer<\/em>, a problemas motores ou psicomotores.<\/p>\n<p>O Diretor Geral da BNZ, Luis Selva, afirma: &#8220;O principal objetivo da BNZ \u00e9 a produ\u00e7\u00e3o de energia 100% limpa, contribuindo para alcan\u00e7ar um futuro em que as baixas emiss\u00f5es de carbono para a atmosfera s\u00e3o uma realidade. Neste sentido, Portugal \u00e9 um mercado priorit\u00e1rio para e empresa e com um forte potencial de crescimento na gera\u00e7\u00e3o de energias renov\u00e1veis, como \u00e9 o caso da energia solar&#8221;.<\/p>\n<p>Jordi Francesch, membro do Conselho de Administra\u00e7\u00e3o da BNZ, acrescenta: &#8220;A BNZ responde \u00e0s exig\u00eancias ambientais, ajudando a combater as altera\u00e7\u00f5es clim\u00e1ticas e garantindo o cumprimento dos crit\u00e9rios mais rigorosos de ESG, ao mesmo tempo que oferece uma vis\u00e3o de longo prazo \u00e0s comunidades locais&#8221;.<\/p>\n<p>A BNZ tem sido assessorada pelo departamento Corporate, Commercial e M&amp;A da S\u00e9rvulo &amp; Associados &#8211; liderado por Pedro Silveira Borges &#8211; no processo de autoriza\u00e7\u00e3o legal deste projeto.<\/p>\n","protected":false},"excerpt":{"rendered":"<p>A BNZ, produtora independente de energia (IPP) que desenvolve, constr\u00f3i e opera projetos solares fotovoltaicos, obteve autoriza\u00e7\u00e3o para iniciar a constru\u00e7\u00e3o de uma central fotovoltaica na Comunidade Intermunicipal do Ave com uma capacidade instalada de 49MWp. A BNZ espera que a central esteja operacional em 2023. Esta ser\u00e1 a primeira central da BNZ a ser [&hellip;]<\/p>\n","protected":false},"author":1,"featured_media":4595,"comment_status":"closed","ping_status":"closed","sticky":false,"template":"","format":"standard","meta":{"_acf_changed":false,"_et_pb_use_builder":"","_et_pb_old_content":"","_et_gb_content_width":"","footnotes":""},"categories":[57,61],"tags":[],"class_list":["post-1702","post","type-post","status-publish","format-standard","has-post-thumbnail","hentry","category-comunicados-de-imprensa","category-projectos"],"acf":[],"yoast_head":"<!-- This site is optimized with the Yoast SEO plugin v26.6 - https:\/\/yoast.com\/wordpress\/plugins\/seo\/ -->\n<title>BNZ constr\u00f3i central fotovoltaica na Regi\u00e3o Norte de Portugal - BNZ<\/title>\n<meta name=\"robots\" content=\"index, follow, max-snippet:-1, max-image-preview:large, max-video-preview:-1\" \/>\n<link rel=\"canonical\" href=\"https:\/\/www.bnz.energy\/pt-pt\/bnz-constroi-central-fotovoltaica-na-regiao-norte-de-portugal\/\" \/>\n<meta property=\"og:locale\" content=\"pt_PT\" \/>\n<meta property=\"og:type\" content=\"article\" \/>\n<meta property=\"og:title\" content=\"BNZ constr\u00f3i central fotovoltaica na Regi\u00e3o Norte de Portugal - BNZ\" \/>\n<meta property=\"og:description\" content=\"A BNZ, produtora independente de energia (IPP) que desenvolve, constr\u00f3i e opera projetos solares fotovoltaicos, obteve autoriza\u00e7\u00e3o para iniciar a constru\u00e7\u00e3o de uma central fotovoltaica na Comunidade Intermunicipal do Ave com uma capacidade instalada de 49MWp. A BNZ espera que a central esteja operacional em 2023. Esta ser\u00e1 a primeira central da BNZ a ser [&hellip;]\" \/>\n<meta property=\"og:url\" content=\"https:\/\/www.bnz.energy\/pt-pt\/bnz-constroi-central-fotovoltaica-na-regiao-norte-de-portugal\/\" \/>\n<meta property=\"og:site_name\" content=\"BNZ\" \/>\n<meta property=\"article:published_time\" content=\"2022-05-31T11:46:50+00:00\" \/>\n<meta property=\"article:modified_time\" content=\"2025-02-17T12:27:03+00:00\" \/>\n<meta property=\"og:image\" content=\"https:\/\/www.bnz.energy\/wp-content\/uploads\/2022\/05\/PRESS-ROOM_2022_3_MAY_BNZ-will-build-a-49MW-solar-PV-plant-in-PT.jpg\" \/>\n\t<meta property=\"og:image:width\" content=\"1024\" \/>\n\t<meta property=\"og:image:height\" content=\"768\" \/>\n\t<meta property=\"og:image:type\" content=\"image\/jpeg\" \/>\n<meta name=\"author\" content=\"admin_bnz\" \/>\n<meta name=\"twitter:card\" content=\"summary_large_image\" \/>\n<meta name=\"twitter:label1\" content=\"Escrito por\" \/>\n\t<meta name=\"twitter:data1\" content=\"admin_bnz\" \/>\n\t<meta name=\"twitter:label2\" content=\"Tempo estimado de leitura\" \/>\n\t<meta name=\"twitter:data2\" content=\"1 minuto\" \/>\n<script type=\"application\/ld+json\" class=\"yoast-schema-graph\">{\"@context\":\"https:\/\/schema.org\",\"@graph\":[{\"@type\":\"Article\",\"@id\":\"https:\/\/www.bnz.energy\/pt-pt\/bnz-constroi-central-fotovoltaica-na-regiao-norte-de-portugal\/#article\",\"isPartOf\":{\"@id\":\"https:\/\/www.bnz.energy\/pt-pt\/bnz-constroi-central-fotovoltaica-na-regiao-norte-de-portugal\/\"},\"author\":{\"name\":\"admin_bnz\",\"@id\":\"https:\/\/www.bnz.energy\/#\/schema\/person\/e358b3214b1b4a9b443d49305c239bbe\"},\"headline\":\"BNZ constr\u00f3i central fotovoltaica na Regi\u00e3o Norte de Portugal\",\"datePublished\":\"2022-05-31T11:46:50+00:00\",\"dateModified\":\"2025-02-17T12:27:03+00:00\",\"mainEntityOfPage\":{\"@id\":\"https:\/\/www.bnz.energy\/pt-pt\/bnz-constroi-central-fotovoltaica-na-regiao-norte-de-portugal\/\"},\"wordCount\":563,\"publisher\":{\"@id\":\"https:\/\/www.bnz.energy\/#organization\"},\"image\":{\"@id\":\"https:\/\/www.bnz.energy\/pt-pt\/bnz-constroi-central-fotovoltaica-na-regiao-norte-de-portugal\/#primaryimage\"},\"thumbnailUrl\":\"https:\/\/www.bnz.energy\/wp-content\/uploads\/2022\/05\/PRESS-ROOM_2022_3_MAY_BNZ-will-build-a-49MW-solar-PV-plant-in-PT.jpg\",\"articleSection\":[\"Comunicados de imprensa\",\"Projectos\"],\"inLanguage\":\"pt-PT\"},{\"@type\":\"WebPage\",\"@id\":\"https:\/\/www.bnz.energy\/pt-pt\/bnz-constroi-central-fotovoltaica-na-regiao-norte-de-portugal\/\",\"url\":\"https:\/\/www.bnz.energy\/pt-pt\/bnz-constroi-central-fotovoltaica-na-regiao-norte-de-portugal\/\",\"name\":\"BNZ constr\u00f3i central fotovoltaica na Regi\u00e3o Norte de Portugal - BNZ\",\"isPartOf\":{\"@id\":\"https:\/\/www.bnz.energy\/#website\"},\"primaryImageOfPage\":{\"@id\":\"https:\/\/www.bnz.energy\/pt-pt\/bnz-constroi-central-fotovoltaica-na-regiao-norte-de-portugal\/#primaryimage\"},\"image\":{\"@id\":\"https:\/\/www.bnz.energy\/pt-pt\/bnz-constroi-central-fotovoltaica-na-regiao-norte-de-portugal\/#primaryimage\"},\"thumbnailUrl\":\"https:\/\/www.bnz.energy\/wp-content\/uploads\/2022\/05\/PRESS-ROOM_2022_3_MAY_BNZ-will-build-a-49MW-solar-PV-plant-in-PT.jpg\",\"datePublished\":\"2022-05-31T11:46:50+00:00\",\"dateModified\":\"2025-02-17T12:27:03+00:00\",\"breadcrumb\":{\"@id\":\"https:\/\/www.bnz.energy\/pt-pt\/bnz-constroi-central-fotovoltaica-na-regiao-norte-de-portugal\/#breadcrumb\"},\"inLanguage\":\"pt-PT\",\"potentialAction\":[{\"@type\":\"ReadAction\",\"target\":[\"https:\/\/www.bnz.energy\/pt-pt\/bnz-constroi-central-fotovoltaica-na-regiao-norte-de-portugal\/\"]}]},{\"@type\":\"ImageObject\",\"inLanguage\":\"pt-PT\",\"@id\":\"https:\/\/www.bnz.energy\/pt-pt\/bnz-constroi-central-fotovoltaica-na-regiao-norte-de-portugal\/#primaryimage\",\"url\":\"https:\/\/www.bnz.energy\/wp-content\/uploads\/2022\/05\/PRESS-ROOM_2022_3_MAY_BNZ-will-build-a-49MW-solar-PV-plant-in-PT.jpg\",\"contentUrl\":\"https:\/\/www.bnz.energy\/wp-content\/uploads\/2022\/05\/PRESS-ROOM_2022_3_MAY_BNZ-will-build-a-49MW-solar-PV-plant-in-PT.jpg\",\"width\":1024,\"height\":768},{\"@type\":\"BreadcrumbList\",\"@id\":\"https:\/\/www.bnz.energy\/pt-pt\/bnz-constroi-central-fotovoltaica-na-regiao-norte-de-portugal\/#breadcrumb\",\"itemListElement\":[{\"@type\":\"ListItem\",\"position\":1,\"name\":\"Home\",\"item\":\"https:\/\/www.bnz.energy\/pt-pt\/\"},{\"@type\":\"ListItem\",\"position\":2,\"name\":\"BNZ constr\u00f3i central fotovoltaica na Regi\u00e3o Norte de Portugal\"}]},{\"@type\":\"WebSite\",\"@id\":\"https:\/\/www.bnz.energy\/#website\",\"url\":\"https:\/\/www.bnz.energy\/\",\"name\":\"BNZ\",\"description\":\"\",\"publisher\":{\"@id\":\"https:\/\/www.bnz.energy\/#organization\"},\"potentialAction\":[{\"@type\":\"SearchAction\",\"target\":{\"@type\":\"EntryPoint\",\"urlTemplate\":\"https:\/\/www.bnz.energy\/?s={search_term_string}\"},\"query-input\":{\"@type\":\"PropertyValueSpecification\",\"valueRequired\":true,\"valueName\":\"search_term_string\"}}],\"inLanguage\":\"pt-PT\"},{\"@type\":\"Organization\",\"@id\":\"https:\/\/www.bnz.energy\/#organization\",\"name\":\"BNZ\",\"url\":\"https:\/\/www.bnz.energy\/\",\"logo\":{\"@type\":\"ImageObject\",\"inLanguage\":\"pt-PT\",\"@id\":\"https:\/\/www.bnz.energy\/#\/schema\/logo\/image\/\",\"url\":\"https:\/\/www.bnz.energy\/wp-content\/uploads\/2024\/12\/Capa_1.svg\",\"contentUrl\":\"https:\/\/www.bnz.energy\/wp-content\/uploads\/2024\/12\/Capa_1.svg\",\"width\":1,\"height\":1,\"caption\":\"BNZ\"},\"image\":{\"@id\":\"https:\/\/www.bnz.energy\/#\/schema\/logo\/image\/\"},\"sameAs\":[\"https:\/\/www.linkedin.com\/company\/bnetzero\/\"]},{\"@type\":\"Person\",\"@id\":\"https:\/\/www.bnz.energy\/#\/schema\/person\/e358b3214b1b4a9b443d49305c239bbe\",\"name\":\"admin_bnz\",\"image\":{\"@type\":\"ImageObject\",\"inLanguage\":\"pt-PT\",\"@id\":\"https:\/\/www.bnz.energy\/#\/schema\/person\/image\/\",\"url\":\"https:\/\/secure.gravatar.com\/avatar\/cc90964e5c0de17136af9d9d3171efa5c21c920531a6aaa763a62c13f62ec30a?s=96&d=mm&r=g\",\"contentUrl\":\"https:\/\/secure.gravatar.com\/avatar\/cc90964e5c0de17136af9d9d3171efa5c21c920531a6aaa763a62c13f62ec30a?s=96&d=mm&r=g\",\"caption\":\"admin_bnz\"},\"sameAs\":[\"https:\/\/www.bnz.energy\"],\"url\":\"https:\/\/www.bnz.energy\/pt-pt\/author\/admin_bnz\/\"}]}<\/script>\n<!-- \/ Yoast SEO plugin. -->","yoast_head_json":{"title":"BNZ constr\u00f3i central fotovoltaica na Regi\u00e3o Norte de Portugal - BNZ","robots":{"index":"index","follow":"follow","max-snippet":"max-snippet:-1","max-image-preview":"max-image-preview:large","max-video-preview":"max-video-preview:-1"},"canonical":"https:\/\/www.bnz.energy\/pt-pt\/bnz-constroi-central-fotovoltaica-na-regiao-norte-de-portugal\/","og_locale":"pt_PT","og_type":"article","og_title":"BNZ constr\u00f3i central fotovoltaica na Regi\u00e3o Norte de Portugal - BNZ","og_description":"A BNZ, produtora independente de energia (IPP) que desenvolve, constr\u00f3i e opera projetos solares fotovoltaicos, obteve autoriza\u00e7\u00e3o para iniciar a constru\u00e7\u00e3o de uma central fotovoltaica na Comunidade Intermunicipal do Ave com uma capacidade instalada de 49MWp. A BNZ espera que a central esteja operacional em 2023. Esta ser\u00e1 a primeira central da BNZ a ser [&hellip;]","og_url":"https:\/\/www.bnz.energy\/pt-pt\/bnz-constroi-central-fotovoltaica-na-regiao-norte-de-portugal\/","og_site_name":"BNZ","article_published_time":"2022-05-31T11:46:50+00:00","article_modified_time":"2025-02-17T12:27:03+00:00","og_image":[{"width":1024,"height":768,"url":"https:\/\/www.bnz.energy\/wp-content\/uploads\/2022\/05\/PRESS-ROOM_2022_3_MAY_BNZ-will-build-a-49MW-solar-PV-plant-in-PT.jpg","type":"image\/jpeg"}],"author":"admin_bnz","twitter_card":"summary_large_image","twitter_misc":{"Escrito por":"admin_bnz","Tempo estimado de leitura":"1 minuto"},"schema":{"@context":"https:\/\/schema.org","@graph":[{"@type":"Article","@id":"https:\/\/www.bnz.energy\/pt-pt\/bnz-constroi-central-fotovoltaica-na-regiao-norte-de-portugal\/#article","isPartOf":{"@id":"https:\/\/www.bnz.energy\/pt-pt\/bnz-constroi-central-fotovoltaica-na-regiao-norte-de-portugal\/"},"author":{"name":"admin_bnz","@id":"https:\/\/www.bnz.energy\/#\/schema\/person\/e358b3214b1b4a9b443d49305c239bbe"},"headline":"BNZ constr\u00f3i central fotovoltaica na Regi\u00e3o Norte de Portugal","datePublished":"2022-05-31T11:46:50+00:00","dateModified":"2025-02-17T12:27:03+00:00","mainEntityOfPage":{"@id":"https:\/\/www.bnz.energy\/pt-pt\/bnz-constroi-central-fotovoltaica-na-regiao-norte-de-portugal\/"},"wordCount":563,"publisher":{"@id":"https:\/\/www.bnz.energy\/#organization"},"image":{"@id":"https:\/\/www.bnz.energy\/pt-pt\/bnz-constroi-central-fotovoltaica-na-regiao-norte-de-portugal\/#primaryimage"},"thumbnailUrl":"https:\/\/www.bnz.energy\/wp-content\/uploads\/2022\/05\/PRESS-ROOM_2022_3_MAY_BNZ-will-build-a-49MW-solar-PV-plant-in-PT.jpg","articleSection":["Comunicados de imprensa","Projectos"],"inLanguage":"pt-PT"},{"@type":"WebPage","@id":"https:\/\/www.bnz.energy\/pt-pt\/bnz-constroi-central-fotovoltaica-na-regiao-norte-de-portugal\/","url":"https:\/\/www.bnz.energy\/pt-pt\/bnz-constroi-central-fotovoltaica-na-regiao-norte-de-portugal\/","name":"BNZ constr\u00f3i central fotovoltaica na Regi\u00e3o Norte de Portugal - BNZ","isPartOf":{"@id":"https:\/\/www.bnz.energy\/#website"},"primaryImageOfPage":{"@id":"https:\/\/www.bnz.energy\/pt-pt\/bnz-constroi-central-fotovoltaica-na-regiao-norte-de-portugal\/#primaryimage"},"image":{"@id":"https:\/\/www.bnz.energy\/pt-pt\/bnz-constroi-central-fotovoltaica-na-regiao-norte-de-portugal\/#primaryimage"},"thumbnailUrl":"https:\/\/www.bnz.energy\/wp-content\/uploads\/2022\/05\/PRESS-ROOM_2022_3_MAY_BNZ-will-build-a-49MW-solar-PV-plant-in-PT.jpg","datePublished":"2022-05-31T11:46:50+00:00","dateModified":"2025-02-17T12:27:03+00:00","breadcrumb":{"@id":"https:\/\/www.bnz.energy\/pt-pt\/bnz-constroi-central-fotovoltaica-na-regiao-norte-de-portugal\/#breadcrumb"},"inLanguage":"pt-PT","potentialAction":[{"@type":"ReadAction","target":["https:\/\/www.bnz.energy\/pt-pt\/bnz-constroi-central-fotovoltaica-na-regiao-norte-de-portugal\/"]}]},{"@type":"ImageObject","inLanguage":"pt-PT","@id":"https:\/\/www.bnz.energy\/pt-pt\/bnz-constroi-central-fotovoltaica-na-regiao-norte-de-portugal\/#primaryimage","url":"https:\/\/www.bnz.energy\/wp-content\/uploads\/2022\/05\/PRESS-ROOM_2022_3_MAY_BNZ-will-build-a-49MW-solar-PV-plant-in-PT.jpg","contentUrl":"https:\/\/www.bnz.energy\/wp-content\/uploads\/2022\/05\/PRESS-ROOM_2022_3_MAY_BNZ-will-build-a-49MW-solar-PV-plant-in-PT.jpg","width":1024,"height":768},{"@type":"BreadcrumbList","@id":"https:\/\/www.bnz.energy\/pt-pt\/bnz-constroi-central-fotovoltaica-na-regiao-norte-de-portugal\/#breadcrumb","itemListElement":[{"@type":"ListItem","position":1,"name":"Home","item":"https:\/\/www.bnz.energy\/pt-pt\/"},{"@type":"ListItem","position":2,"name":"BNZ constr\u00f3i central fotovoltaica na Regi\u00e3o Norte de Portugal"}]},{"@type":"WebSite","@id":"https:\/\/www.bnz.energy\/#website","url":"https:\/\/www.bnz.energy\/","name":"BNZ","description":"","publisher":{"@id":"https:\/\/www.bnz.energy\/#organization"},"potentialAction":[{"@type":"SearchAction","target":{"@type":"EntryPoint","urlTemplate":"https:\/\/www.bnz.energy\/?s={search_term_string}"},"query-input":{"@type":"PropertyValueSpecification","valueRequired":true,"valueName":"search_term_string"}}],"inLanguage":"pt-PT"},{"@type":"Organization","@id":"https:\/\/www.bnz.energy\/#organization","name":"BNZ","url":"https:\/\/www.bnz.energy\/","logo":{"@type":"ImageObject","inLanguage":"pt-PT","@id":"https:\/\/www.bnz.energy\/#\/schema\/logo\/image\/","url":"https:\/\/www.bnz.energy\/wp-content\/uploads\/2024\/12\/Capa_1.svg","contentUrl":"https:\/\/www.bnz.energy\/wp-content\/uploads\/2024\/12\/Capa_1.svg","width":1,"height":1,"caption":"BNZ"},"image":{"@id":"https:\/\/www.bnz.energy\/#\/schema\/logo\/image\/"},"sameAs":["https:\/\/www.linkedin.com\/company\/bnetzero\/"]},{"@type":"Person","@id":"https:\/\/www.bnz.energy\/#\/schema\/person\/e358b3214b1b4a9b443d49305c239bbe","name":"admin_bnz","image":{"@type":"ImageObject","inLanguage":"pt-PT","@id":"https:\/\/www.bnz.energy\/#\/schema\/person\/image\/","url":"https:\/\/secure.gravatar.com\/avatar\/cc90964e5c0de17136af9d9d3171efa5c21c920531a6aaa763a62c13f62ec30a?s=96&d=mm&r=g","contentUrl":"https:\/\/secure.gravatar.com\/avatar\/cc90964e5c0de17136af9d9d3171efa5c21c920531a6aaa763a62c13f62ec30a?s=96&d=mm&r=g","caption":"admin_bnz"},"sameAs":["https:\/\/www.bnz.energy"],"url":"https:\/\/www.bnz.energy\/pt-pt\/author\/admin_bnz\/"}]}},"_links":{"self":[{"href":"https:\/\/www.bnz.energy\/pt-pt\/wp-json\/wp\/v2\/posts\/1702","targetHints":{"allow":["GET"]}}],"collection":[{"href":"https:\/\/www.bnz.energy\/pt-pt\/wp-json\/wp\/v2\/posts"}],"about":[{"href":"https:\/\/www.bnz.energy\/pt-pt\/wp-json\/wp\/v2\/types\/post"}],"author":[{"embeddable":true,"href":"https:\/\/www.bnz.energy\/pt-pt\/wp-json\/wp\/v2\/users\/1"}],"replies":[{"embeddable":true,"href":"https:\/\/www.bnz.energy\/pt-pt\/wp-json\/wp\/v2\/comments?post=1702"}],"version-history":[{"count":1,"href":"https:\/\/www.bnz.energy\/pt-pt\/wp-json\/wp\/v2\/posts\/1702\/revisions"}],"predecessor-version":[{"id":6988,"href":"https:\/\/www.bnz.energy\/pt-pt\/wp-json\/wp\/v2\/posts\/1702\/revisions\/6988"}],"wp:featuredmedia":[{"embeddable":true,"href":"https:\/\/www.bnz.energy\/pt-pt\/wp-json\/wp\/v2\/media\/4595"}],"wp:attachment":[{"href":"https:\/\/www.bnz.energy\/pt-pt\/wp-json\/wp\/v2\/media?parent=1702"}],"wp:term":[{"taxonomy":"category","embeddable":true,"href":"https:\/\/www.bnz.energy\/pt-pt\/wp-json\/wp\/v2\/categories?post=1702"},{"taxonomy":"post_tag","embeddable":true,"href":"https:\/\/www.bnz.energy\/pt-pt\/wp-json\/wp\/v2\/tags?post=1702"}],"curies":[{"name":"wp","href":"https:\/\/api.w.org\/{rel}","templated":true}]}}