{"id":1691,"date":"2022-03-04T09:35:57","date_gmt":"2022-03-04T09:35:57","guid":{"rendered":"https:\/\/www.bnz.energy\/?p=1273"},"modified":"2025-02-17T12:30:06","modified_gmt":"2025-02-17T12:30:06","slug":"bnz-apoia-o-seu-primeiro-projeto-social-em-portugal","status":"publish","type":"post","link":"https:\/\/www.bnz.energy\/pt-pt\/bnz-apoia-o-seu-primeiro-projeto-social-em-portugal\/","title":{"rendered":"BNZ apoia o seu primeiro projeto social em Portugal"},"content":{"rendered":"<p>A BNZ, produtora independente de energia (IPP), atrav\u00e9s do programa PT2020, ir\u00e1 apoiar o seu primeiro projeto social &#8211; \u201cCuidar Maior\u201d -, no concelho de Vila Nova de Famalic\u00e3o, na regi\u00e3o norte de Portugal.<\/p>\n<p>Muitos habitantes da comunidade de Vila Nova de Famalic\u00e3o cuidam de familiares com necessidades especiais, desde dem\u00eancia ou alzheimer, a problemas motores ou psicomotores que, muitas vezes, s\u00e3o deixados \u00e0 sua sorte. O projeto social \u201cCuidar Maior\u201d \u00e9 um programa de interven\u00e7\u00e3o individualizado e personalizado que visa chamar a aten\u00e7\u00e3o para os mais necessitados. O projeto atua na luta precoce contra o esgotamento dos cuidadores informais, atrav\u00e9s de apoio psicopedag\u00f3gico e aconselhamento familiar. Estas a\u00e7\u00f5es t\u00eam como principal objetivo influenciar de forma positiva a qualidade de vida dos cuidadores e respetivas fam\u00edlias, a fim de criar estrat\u00e9gias de gest\u00e3o de emo\u00e7\u00f5es\/stress, reduzir os sintomas de depress\u00e3o, aumentar compet\u00eancia, bem como substituir o cuidador quando este necessitar. Tamb\u00e9m neste \u00e2mbito, est\u00e1 a ser desenvolvida uma aplica\u00e7\u00e3o m\u00f3vel, que facilitar\u00e1 a monitoriza\u00e7\u00e3o dos cuidadores.<\/p>\n<p>Ana Raquel Carvalho, Coordenadora do projeto, salienta a import\u00e2ncia do papel dos cuidadores informais: <em>&#8220;De acordo com um inqu\u00e9rito realizado a n\u00edvel nacional, no final de 2020, existiam cerca de 1,4 milh\u00f5es de cuidadores informais em Portugal. E o cuidador informal \u00e9 a nossa prioridade no \u201cCuidar Maior\u201d. Estas pessoas que, todos os dias, d\u00e3o o seu apoio incondicional a algu\u00e9m, tamb\u00e9m devem ser apoiadas. \u00c9 urgente agir de forma preventiva, para que tenham a maior qualidade de vida poss\u00edvel e \u00e9 para isso que trabalhamos diariamente&#8221;<\/em>.<\/p>\n<p>O projeto centra a sua abordagem sist\u00e9mica em diferentes \u00e1reas de interven\u00e7\u00e3o, permitindo ao Estado reduzir os seus custos a m\u00e9dio\/longo prazo, nomeadamente nas \u00e1reas da sa\u00fade e da seguran\u00e7a social. Atrav\u00e9s de uma equipa multidisciplinar, o \u201cCuidar Maior\u201d mobiliza recursos internos e parcerias, apoiando, desta forma, os cuidadores informais de Vila Nova de Famalic\u00e3o.<\/p>\n<p>A contribui\u00e7\u00e3o privada da BNZ para este projeto social, apoiado publicamente pelo programa PT2020, consiste no apoio dado na contrata\u00e7\u00e3o e apoio financeiro de 5 colaboradores a tempo inteiro: um coordenador de projeto, um psic\u00f3logo, um educador social, um t\u00e9cnico de Servi\u00e7o Social e um animador. Estes 5 colaboradores ir\u00e3o juntar-se \u00e0 equipa j\u00e1 existente que, atualmente, conta com 40 membros.<\/p>\n<p><em>&#8220;Esta \u00e9 uma parceria muito importante para n\u00f3s. Os nossos objetivos como IPP s\u00e3o, al\u00e9m de fornecer energia limpa, estabelecer a nossa presen\u00e7a social e local, atrav\u00e9s de uma rela\u00e7\u00e3o ben\u00e9fica e de coopera\u00e7\u00e3o com todas as comunidades onde operamos&#8221;<\/em>, explica Luis Selva, Diretor Geral da BNZ. &#8220;<em>Estamos conscientes de que a contrata\u00e7\u00e3o destes funcion\u00e1rios pelo \u201cCuidar Maior\u201d ser\u00e1 fundamental para o apoio que o projeto presta \u00e0 comunidade e, por esta raz\u00e3o, temos muito prazer em apoiar este projeto&#8221;<\/em>, conclui Luis Selva.<\/p>\n<p>A Metodologia de Interven\u00e7\u00e3o do projeto, aprovada pelo Programa Parcerias para a Inova\u00e7\u00e3o Social &#8211; Portugal, foi oficialmente apresentada ontem, no dia 3 de mar\u00e7o, \u00e0s 18h30, no Pavilh\u00e3o Polivalente de Requi\u00e3o.<\/p>\n","protected":false},"excerpt":{"rendered":"<p>A BNZ, produtora independente de energia (IPP), atrav\u00e9s do programa PT2020, ir\u00e1 apoiar o seu primeiro projeto social &#8211; \u201cCuidar Maior\u201d -, no concelho de Vila Nova de Famalic\u00e3o, na regi\u00e3o norte de Portugal. Muitos habitantes da comunidade de Vila Nova de Famalic\u00e3o cuidam de familiares com necessidades especiais, desde dem\u00eancia ou alzheimer, a problemas [&hellip;]<\/p>\n","protected":false},"author":1,"featured_media":7585,"comment_status":"closed","ping_status":"closed","sticky":false,"template":"","format":"standard","meta":{"_acf_changed":false,"_et_pb_use_builder":"","_et_pb_old_content":"","_et_gb_content_width":"","footnotes":""},"categories":[57,51],"tags":[],"class_list":["post-1691","post","type-post","status-publish","format-standard","has-post-thumbnail","hentry","category-comunicados-de-imprensa","category-presenca-nos-media"],"acf":[],"yoast_head":"<!-- This site is optimized with the Yoast SEO plugin v26.6 - https:\/\/yoast.com\/wordpress\/plugins\/seo\/ -->\n<title>BNZ apoia o seu primeiro projeto social em Portugal - BNZ<\/title>\n<meta name=\"robots\" content=\"index, follow, max-snippet:-1, max-image-preview:large, max-video-preview:-1\" \/>\n<link rel=\"canonical\" href=\"https:\/\/www.bnz.energy\/pt-pt\/bnz-apoia-o-seu-primeiro-projeto-social-em-portugal\/\" \/>\n<meta property=\"og:locale\" content=\"pt_PT\" \/>\n<meta property=\"og:type\" content=\"article\" \/>\n<meta property=\"og:title\" content=\"BNZ apoia o seu primeiro projeto social em Portugal - BNZ\" \/>\n<meta property=\"og:description\" content=\"A BNZ, produtora independente de energia (IPP), atrav\u00e9s do programa PT2020, ir\u00e1 apoiar o seu primeiro projeto social &#8211; \u201cCuidar Maior\u201d -, no concelho de Vila Nova de Famalic\u00e3o, na regi\u00e3o norte de Portugal. Muitos habitantes da comunidade de Vila Nova de Famalic\u00e3o cuidam de familiares com necessidades especiais, desde dem\u00eancia ou alzheimer, a problemas [&hellip;]\" \/>\n<meta property=\"og:url\" content=\"https:\/\/www.bnz.energy\/pt-pt\/bnz-apoia-o-seu-primeiro-projeto-social-em-portugal\/\" \/>\n<meta property=\"og:site_name\" content=\"BNZ\" \/>\n<meta property=\"article:published_time\" content=\"2022-03-04T09:35:57+00:00\" \/>\n<meta property=\"article:modified_time\" content=\"2025-02-17T12:30:06+00:00\" \/>\n<meta property=\"og:image\" content=\"https:\/\/www.bnz.energy\/wp-content\/uploads\/2022\/03\/pexels-matthias-zomer-339620-1.jpg\" \/>\n\t<meta property=\"og:image:width\" content=\"2560\" \/>\n\t<meta property=\"og:image:height\" content=\"1440\" \/>\n\t<meta property=\"og:image:type\" content=\"image\/jpeg\" \/>\n<meta name=\"author\" content=\"admin_bnz\" \/>\n<meta name=\"twitter:card\" content=\"summary_large_image\" \/>\n<meta name=\"twitter:label1\" content=\"Escrito por\" \/>\n\t<meta name=\"twitter:data1\" content=\"admin_bnz\" \/>\n\t<meta name=\"twitter:label2\" content=\"Tempo estimado de leitura\" \/>\n\t<meta name=\"twitter:data2\" content=\"3 minutos\" \/>\n<script type=\"application\/ld+json\" class=\"yoast-schema-graph\">{\"@context\":\"https:\/\/schema.org\",\"@graph\":[{\"@type\":\"Article\",\"@id\":\"https:\/\/www.bnz.energy\/pt-pt\/bnz-apoia-o-seu-primeiro-projeto-social-em-portugal\/#article\",\"isPartOf\":{\"@id\":\"https:\/\/www.bnz.energy\/pt-pt\/bnz-apoia-o-seu-primeiro-projeto-social-em-portugal\/\"},\"author\":{\"name\":\"admin_bnz\",\"@id\":\"https:\/\/www.bnz.energy\/#\/schema\/person\/e358b3214b1b4a9b443d49305c239bbe\"},\"headline\":\"BNZ apoia o seu primeiro projeto social em Portugal\",\"datePublished\":\"2022-03-04T09:35:57+00:00\",\"dateModified\":\"2025-02-17T12:30:06+00:00\",\"mainEntityOfPage\":{\"@id\":\"https:\/\/www.bnz.energy\/pt-pt\/bnz-apoia-o-seu-primeiro-projeto-social-em-portugal\/\"},\"wordCount\":540,\"publisher\":{\"@id\":\"https:\/\/www.bnz.energy\/#organization\"},\"image\":{\"@id\":\"https:\/\/www.bnz.energy\/pt-pt\/bnz-apoia-o-seu-primeiro-projeto-social-em-portugal\/#primaryimage\"},\"thumbnailUrl\":\"https:\/\/www.bnz.energy\/wp-content\/uploads\/2022\/03\/pexels-matthias-zomer-339620-1.jpg\",\"articleSection\":[\"Comunicados de imprensa\",\"Presen\u00e7a nos media\"],\"inLanguage\":\"pt-PT\"},{\"@type\":\"WebPage\",\"@id\":\"https:\/\/www.bnz.energy\/pt-pt\/bnz-apoia-o-seu-primeiro-projeto-social-em-portugal\/\",\"url\":\"https:\/\/www.bnz.energy\/pt-pt\/bnz-apoia-o-seu-primeiro-projeto-social-em-portugal\/\",\"name\":\"BNZ apoia o seu primeiro projeto social em Portugal - BNZ\",\"isPartOf\":{\"@id\":\"https:\/\/www.bnz.energy\/#website\"},\"primaryImageOfPage\":{\"@id\":\"https:\/\/www.bnz.energy\/pt-pt\/bnz-apoia-o-seu-primeiro-projeto-social-em-portugal\/#primaryimage\"},\"image\":{\"@id\":\"https:\/\/www.bnz.energy\/pt-pt\/bnz-apoia-o-seu-primeiro-projeto-social-em-portugal\/#primaryimage\"},\"thumbnailUrl\":\"https:\/\/www.bnz.energy\/wp-content\/uploads\/2022\/03\/pexels-matthias-zomer-339620-1.jpg\",\"datePublished\":\"2022-03-04T09:35:57+00:00\",\"dateModified\":\"2025-02-17T12:30:06+00:00\",\"breadcrumb\":{\"@id\":\"https:\/\/www.bnz.energy\/pt-pt\/bnz-apoia-o-seu-primeiro-projeto-social-em-portugal\/#breadcrumb\"},\"inLanguage\":\"pt-PT\",\"potentialAction\":[{\"@type\":\"ReadAction\",\"target\":[\"https:\/\/www.bnz.energy\/pt-pt\/bnz-apoia-o-seu-primeiro-projeto-social-em-portugal\/\"]}]},{\"@type\":\"ImageObject\",\"inLanguage\":\"pt-PT\",\"@id\":\"https:\/\/www.bnz.energy\/pt-pt\/bnz-apoia-o-seu-primeiro-projeto-social-em-portugal\/#primaryimage\",\"url\":\"https:\/\/www.bnz.energy\/wp-content\/uploads\/2022\/03\/pexels-matthias-zomer-339620-1.jpg\",\"contentUrl\":\"https:\/\/www.bnz.energy\/wp-content\/uploads\/2022\/03\/pexels-matthias-zomer-339620-1.jpg\",\"width\":2560,\"height\":1440},{\"@type\":\"BreadcrumbList\",\"@id\":\"https:\/\/www.bnz.energy\/pt-pt\/bnz-apoia-o-seu-primeiro-projeto-social-em-portugal\/#breadcrumb\",\"itemListElement\":[{\"@type\":\"ListItem\",\"position\":1,\"name\":\"Home\",\"item\":\"https:\/\/www.bnz.energy\/pt-pt\/\"},{\"@type\":\"ListItem\",\"position\":2,\"name\":\"BNZ apoia o seu primeiro projeto social em Portugal\"}]},{\"@type\":\"WebSite\",\"@id\":\"https:\/\/www.bnz.energy\/#website\",\"url\":\"https:\/\/www.bnz.energy\/\",\"name\":\"BNZ\",\"description\":\"\",\"publisher\":{\"@id\":\"https:\/\/www.bnz.energy\/#organization\"},\"potentialAction\":[{\"@type\":\"SearchAction\",\"target\":{\"@type\":\"EntryPoint\",\"urlTemplate\":\"https:\/\/www.bnz.energy\/?s={search_term_string}\"},\"query-input\":{\"@type\":\"PropertyValueSpecification\",\"valueRequired\":true,\"valueName\":\"search_term_string\"}}],\"inLanguage\":\"pt-PT\"},{\"@type\":\"Organization\",\"@id\":\"https:\/\/www.bnz.energy\/#organization\",\"name\":\"BNZ\",\"url\":\"https:\/\/www.bnz.energy\/\",\"logo\":{\"@type\":\"ImageObject\",\"inLanguage\":\"pt-PT\",\"@id\":\"https:\/\/www.bnz.energy\/#\/schema\/logo\/image\/\",\"url\":\"https:\/\/www.bnz.energy\/wp-content\/uploads\/2024\/12\/Capa_1.svg\",\"contentUrl\":\"https:\/\/www.bnz.energy\/wp-content\/uploads\/2024\/12\/Capa_1.svg\",\"width\":1,\"height\":1,\"caption\":\"BNZ\"},\"image\":{\"@id\":\"https:\/\/www.bnz.energy\/#\/schema\/logo\/image\/\"},\"sameAs\":[\"https:\/\/www.linkedin.com\/company\/bnetzero\/\"]},{\"@type\":\"Person\",\"@id\":\"https:\/\/www.bnz.energy\/#\/schema\/person\/e358b3214b1b4a9b443d49305c239bbe\",\"name\":\"admin_bnz\",\"image\":{\"@type\":\"ImageObject\",\"inLanguage\":\"pt-PT\",\"@id\":\"https:\/\/www.bnz.energy\/#\/schema\/person\/image\/\",\"url\":\"https:\/\/secure.gravatar.com\/avatar\/cc90964e5c0de17136af9d9d3171efa5c21c920531a6aaa763a62c13f62ec30a?s=96&d=mm&r=g\",\"contentUrl\":\"https:\/\/secure.gravatar.com\/avatar\/cc90964e5c0de17136af9d9d3171efa5c21c920531a6aaa763a62c13f62ec30a?s=96&d=mm&r=g\",\"caption\":\"admin_bnz\"},\"sameAs\":[\"https:\/\/www.bnz.energy\"],\"url\":\"https:\/\/www.bnz.energy\/pt-pt\/author\/admin_bnz\/\"}]}<\/script>\n<!-- \/ Yoast SEO plugin. -->","yoast_head_json":{"title":"BNZ apoia o seu primeiro projeto social em Portugal - BNZ","robots":{"index":"index","follow":"follow","max-snippet":"max-snippet:-1","max-image-preview":"max-image-preview:large","max-video-preview":"max-video-preview:-1"},"canonical":"https:\/\/www.bnz.energy\/pt-pt\/bnz-apoia-o-seu-primeiro-projeto-social-em-portugal\/","og_locale":"pt_PT","og_type":"article","og_title":"BNZ apoia o seu primeiro projeto social em Portugal - BNZ","og_description":"A BNZ, produtora independente de energia (IPP), atrav\u00e9s do programa PT2020, ir\u00e1 apoiar o seu primeiro projeto social &#8211; \u201cCuidar Maior\u201d -, no concelho de Vila Nova de Famalic\u00e3o, na regi\u00e3o norte de Portugal. Muitos habitantes da comunidade de Vila Nova de Famalic\u00e3o cuidam de familiares com necessidades especiais, desde dem\u00eancia ou alzheimer, a problemas [&hellip;]","og_url":"https:\/\/www.bnz.energy\/pt-pt\/bnz-apoia-o-seu-primeiro-projeto-social-em-portugal\/","og_site_name":"BNZ","article_published_time":"2022-03-04T09:35:57+00:00","article_modified_time":"2025-02-17T12:30:06+00:00","og_image":[{"width":2560,"height":1440,"url":"https:\/\/www.bnz.energy\/wp-content\/uploads\/2022\/03\/pexels-matthias-zomer-339620-1.jpg","type":"image\/jpeg"}],"author":"admin_bnz","twitter_card":"summary_large_image","twitter_misc":{"Escrito por":"admin_bnz","Tempo estimado de leitura":"3 minutos"},"schema":{"@context":"https:\/\/schema.org","@graph":[{"@type":"Article","@id":"https:\/\/www.bnz.energy\/pt-pt\/bnz-apoia-o-seu-primeiro-projeto-social-em-portugal\/#article","isPartOf":{"@id":"https:\/\/www.bnz.energy\/pt-pt\/bnz-apoia-o-seu-primeiro-projeto-social-em-portugal\/"},"author":{"name":"admin_bnz","@id":"https:\/\/www.bnz.energy\/#\/schema\/person\/e358b3214b1b4a9b443d49305c239bbe"},"headline":"BNZ apoia o seu primeiro projeto social em Portugal","datePublished":"2022-03-04T09:35:57+00:00","dateModified":"2025-02-17T12:30:06+00:00","mainEntityOfPage":{"@id":"https:\/\/www.bnz.energy\/pt-pt\/bnz-apoia-o-seu-primeiro-projeto-social-em-portugal\/"},"wordCount":540,"publisher":{"@id":"https:\/\/www.bnz.energy\/#organization"},"image":{"@id":"https:\/\/www.bnz.energy\/pt-pt\/bnz-apoia-o-seu-primeiro-projeto-social-em-portugal\/#primaryimage"},"thumbnailUrl":"https:\/\/www.bnz.energy\/wp-content\/uploads\/2022\/03\/pexels-matthias-zomer-339620-1.jpg","articleSection":["Comunicados de imprensa","Presen\u00e7a nos media"],"inLanguage":"pt-PT"},{"@type":"WebPage","@id":"https:\/\/www.bnz.energy\/pt-pt\/bnz-apoia-o-seu-primeiro-projeto-social-em-portugal\/","url":"https:\/\/www.bnz.energy\/pt-pt\/bnz-apoia-o-seu-primeiro-projeto-social-em-portugal\/","name":"BNZ apoia o seu primeiro projeto social em Portugal - BNZ","isPartOf":{"@id":"https:\/\/www.bnz.energy\/#website"},"primaryImageOfPage":{"@id":"https:\/\/www.bnz.energy\/pt-pt\/bnz-apoia-o-seu-primeiro-projeto-social-em-portugal\/#primaryimage"},"image":{"@id":"https:\/\/www.bnz.energy\/pt-pt\/bnz-apoia-o-seu-primeiro-projeto-social-em-portugal\/#primaryimage"},"thumbnailUrl":"https:\/\/www.bnz.energy\/wp-content\/uploads\/2022\/03\/pexels-matthias-zomer-339620-1.jpg","datePublished":"2022-03-04T09:35:57+00:00","dateModified":"2025-02-17T12:30:06+00:00","breadcrumb":{"@id":"https:\/\/www.bnz.energy\/pt-pt\/bnz-apoia-o-seu-primeiro-projeto-social-em-portugal\/#breadcrumb"},"inLanguage":"pt-PT","potentialAction":[{"@type":"ReadAction","target":["https:\/\/www.bnz.energy\/pt-pt\/bnz-apoia-o-seu-primeiro-projeto-social-em-portugal\/"]}]},{"@type":"ImageObject","inLanguage":"pt-PT","@id":"https:\/\/www.bnz.energy\/pt-pt\/bnz-apoia-o-seu-primeiro-projeto-social-em-portugal\/#primaryimage","url":"https:\/\/www.bnz.energy\/wp-content\/uploads\/2022\/03\/pexels-matthias-zomer-339620-1.jpg","contentUrl":"https:\/\/www.bnz.energy\/wp-content\/uploads\/2022\/03\/pexels-matthias-zomer-339620-1.jpg","width":2560,"height":1440},{"@type":"BreadcrumbList","@id":"https:\/\/www.bnz.energy\/pt-pt\/bnz-apoia-o-seu-primeiro-projeto-social-em-portugal\/#breadcrumb","itemListElement":[{"@type":"ListItem","position":1,"name":"Home","item":"https:\/\/www.bnz.energy\/pt-pt\/"},{"@type":"ListItem","position":2,"name":"BNZ apoia o seu primeiro projeto social em Portugal"}]},{"@type":"WebSite","@id":"https:\/\/www.bnz.energy\/#website","url":"https:\/\/www.bnz.energy\/","name":"BNZ","description":"","publisher":{"@id":"https:\/\/www.bnz.energy\/#organization"},"potentialAction":[{"@type":"SearchAction","target":{"@type":"EntryPoint","urlTemplate":"https:\/\/www.bnz.energy\/?s={search_term_string}"},"query-input":{"@type":"PropertyValueSpecification","valueRequired":true,"valueName":"search_term_string"}}],"inLanguage":"pt-PT"},{"@type":"Organization","@id":"https:\/\/www.bnz.energy\/#organization","name":"BNZ","url":"https:\/\/www.bnz.energy\/","logo":{"@type":"ImageObject","inLanguage":"pt-PT","@id":"https:\/\/www.bnz.energy\/#\/schema\/logo\/image\/","url":"https:\/\/www.bnz.energy\/wp-content\/uploads\/2024\/12\/Capa_1.svg","contentUrl":"https:\/\/www.bnz.energy\/wp-content\/uploads\/2024\/12\/Capa_1.svg","width":1,"height":1,"caption":"BNZ"},"image":{"@id":"https:\/\/www.bnz.energy\/#\/schema\/logo\/image\/"},"sameAs":["https:\/\/www.linkedin.com\/company\/bnetzero\/"]},{"@type":"Person","@id":"https:\/\/www.bnz.energy\/#\/schema\/person\/e358b3214b1b4a9b443d49305c239bbe","name":"admin_bnz","image":{"@type":"ImageObject","inLanguage":"pt-PT","@id":"https:\/\/www.bnz.energy\/#\/schema\/person\/image\/","url":"https:\/\/secure.gravatar.com\/avatar\/cc90964e5c0de17136af9d9d3171efa5c21c920531a6aaa763a62c13f62ec30a?s=96&d=mm&r=g","contentUrl":"https:\/\/secure.gravatar.com\/avatar\/cc90964e5c0de17136af9d9d3171efa5c21c920531a6aaa763a62c13f62ec30a?s=96&d=mm&r=g","caption":"admin_bnz"},"sameAs":["https:\/\/www.bnz.energy"],"url":"https:\/\/www.bnz.energy\/pt-pt\/author\/admin_bnz\/"}]}},"_links":{"self":[{"href":"https:\/\/www.bnz.energy\/pt-pt\/wp-json\/wp\/v2\/posts\/1691","targetHints":{"allow":["GET"]}}],"collection":[{"href":"https:\/\/www.bnz.energy\/pt-pt\/wp-json\/wp\/v2\/posts"}],"about":[{"href":"https:\/\/www.bnz.energy\/pt-pt\/wp-json\/wp\/v2\/types\/post"}],"author":[{"embeddable":true,"href":"https:\/\/www.bnz.energy\/pt-pt\/wp-json\/wp\/v2\/users\/1"}],"replies":[{"embeddable":true,"href":"https:\/\/www.bnz.energy\/pt-pt\/wp-json\/wp\/v2\/comments?post=1691"}],"version-history":[{"count":1,"href":"https:\/\/www.bnz.energy\/pt-pt\/wp-json\/wp\/v2\/posts\/1691\/revisions"}],"predecessor-version":[{"id":6992,"href":"https:\/\/www.bnz.energy\/pt-pt\/wp-json\/wp\/v2\/posts\/1691\/revisions\/6992"}],"wp:featuredmedia":[{"embeddable":true,"href":"https:\/\/www.bnz.energy\/pt-pt\/wp-json\/wp\/v2\/media\/7585"}],"wp:attachment":[{"href":"https:\/\/www.bnz.energy\/pt-pt\/wp-json\/wp\/v2\/media?parent=1691"}],"wp:term":[{"taxonomy":"category","embeddable":true,"href":"https:\/\/www.bnz.energy\/pt-pt\/wp-json\/wp\/v2\/categories?post=1691"},{"taxonomy":"post_tag","embeddable":true,"href":"https:\/\/www.bnz.energy\/pt-pt\/wp-json\/wp\/v2\/tags?post=1691"}],"curies":[{"name":"wp","href":"https:\/\/api.w.org\/{rel}","templated":true}]}}