{"id":2802,"date":"2024-04-16T14:00:06","date_gmt":"2024-04-16T14:00:06","guid":{"rendered":"https:\/\/www.bnz.energy\/?p=2345"},"modified":"2025-02-14T11:37:07","modified_gmt":"2025-02-14T11:37:07","slug":"bnz-avvia-la-costruzione-di-impianto-fotovoltaico-da-345-mw-a-jaen","status":"publish","type":"post","link":"https:\/\/www.bnz.energy\/it\/bnz-avvia-la-costruzione-di-impianto-fotovoltaico-da-345-mw-a-jaen\/","title":{"rendered":"BNZ avvia la costruzione di impianto fotovoltaico da 34,5 MW a Ja\u00e9n"},"content":{"rendered":"<p>BNZ, un produttore indipendente di energia (IPP) che sviluppa, costruisce e gestisce progetti fotovoltaici solari, ha annunciato l&#8217;avvio della costruzione di un impianto solare nel comune di Ja\u00e9n. L&#8217;impianto, chiamato Santa Catalina Solar, avr\u00e0 una capacit\u00e0 totale di 34,5 MW ed \u00e8 previsto il suo completamento entro agosto 2024.<\/p>\n<p>Santa Catalina Solar \u00e8 il quinto impianto di BNZ in Spagna, dove l\u2019azienda prevede di installare una capacit\u00e0 solare di circa 600 MWp entro il 2026. Complessivamente, BNZ prevede di dispiegare un portafoglio totale di oltre 1,7 GW di energia fotovoltaica solare nel sud Europa entro la fine del 2026.<\/p>\n<p>Il CEO di BNZ, Luis Selva, ha dichiarato: &#8220;Siamo orgogliosi di promuovere un progetto con queste caratteristiche a Ja\u00e9n, che contribuir\u00e0 alla transizione energetica di questa provincia, dell&#8217;Andalusia e di tutta la Spagna, nonch\u00e9 allo sviluppo socioeconomico e ambientale del territorio&#8221;. Selva ha aggiunto: &#8220;L&#8217;avvio di questa costruzione \u00e8 un altro passo verso il raggiungimento del nostro obiettivo di contribuire alla generazione di energia totalmente rinnovabile ed economica per decarbonizzare l&#8217;economia del sud Europa&#8221;.<\/p>\n<p>Grazie all&#8217;energia pulita prodotta in questo impianto, verranno diminuite le emissioni di CO<sub>2<\/sub> equivalente di circa 18.523 tonnellate all&#8217;anno, che rappresentano 22.600 viaggi di andata e ritorno tra l&#8217;Aeroporto Federico Garc\u00eda Lorca Granada-Ja\u00e9n e Berlino. BNZ stima inoltre che durante i lavori di costruzione saranno generati un totale di 57 posti di lavoro diretti e indiretti, una cifra che include anche l&#8217;assunzione di un totale di 82 aziende.<\/p>\n<p><strong>BNZ dimostra il suo impegno verso la comunit\u00e0 locale con la rigenerazione ambientale del territorio.<\/strong><\/p>\n<p>BNZ \u00e8 attivamente impegnata nel progresso ambientale e sociale delle comunit\u00e0 locali dove stabilisce le sue installazioni fotovoltaiche. Oltre a generare un impatto economico positivo sulla comunit\u00e0 e rispettare gli standard ESG pi\u00f9 elevati, BNZ collaborer\u00e0 sinergicamente con le autorit\u00e0 locali su iniziative ambientali di valore.<\/p>\n<p>Come segno di questo impegno, BNZ protegger\u00e0 la fauna selvatica dal potenziale rischio generato dalle strutture energetiche e contribuir\u00e0 al loro benessere compensandole per la perdita di substrato per la nidificazione. Infine, l&#8217;azienda implementer\u00e0 connessioni naturali sotto forma di bio-corridoi e installer\u00e0 rifugi per animali, con l&#8217;obiettivo di preservare la fauna del territorio.<\/p>\n","protected":false},"excerpt":{"rendered":"<p>BNZ, un produttore indipendente di energia (IPP) che sviluppa, costruisce e gestisce progetti fotovoltaici solari, ha annunciato l&#8217;avvio della costruzione di un impianto solare nel comune di Ja\u00e9n. L&#8217;impianto, chiamato Santa Catalina Solar, avr\u00e0 una capacit\u00e0 totale di 34,5 MW ed \u00e8 previsto il suo completamento entro agosto 2024. Santa Catalina Solar \u00e8 il quinto [&hellip;]<\/p>\n","protected":false},"author":1,"featured_media":4509,"comment_status":"closed","ping_status":"closed","sticky":false,"template":"","format":"standard","meta":{"_acf_changed":false,"_et_pb_use_builder":"","_et_pb_old_content":"","_et_gb_content_width":"","footnotes":""},"categories":[56,60],"tags":[],"class_list":["post-2802","post","type-post","status-publish","format-standard","has-post-thumbnail","hentry","category-comunicati-stampa","category-progetti"],"acf":[],"yoast_head":"<!-- This site is optimized with the Yoast SEO plugin v26.6 - https:\/\/yoast.com\/wordpress\/plugins\/seo\/ -->\n<title>BNZ avvia la costruzione di impianto fotovoltaico da 34,5 MW a Ja\u00e9n - BNZ<\/title>\n<meta name=\"robots\" content=\"index, follow, max-snippet:-1, max-image-preview:large, max-video-preview:-1\" \/>\n<link rel=\"canonical\" href=\"https:\/\/www.bnz.energy\/it\/bnz-avvia-la-costruzione-di-impianto-fotovoltaico-da-345-mw-a-jaen\/\" \/>\n<meta property=\"og:locale\" content=\"it_IT\" \/>\n<meta property=\"og:type\" content=\"article\" \/>\n<meta property=\"og:title\" content=\"BNZ avvia la costruzione di impianto fotovoltaico da 34,5 MW a Ja\u00e9n - BNZ\" \/>\n<meta property=\"og:description\" content=\"BNZ, un produttore indipendente di energia (IPP) che sviluppa, costruisce e gestisce progetti fotovoltaici solari, ha annunciato l&#8217;avvio della costruzione di un impianto solare nel comune di Ja\u00e9n. L&#8217;impianto, chiamato Santa Catalina Solar, avr\u00e0 una capacit\u00e0 totale di 34,5 MW ed \u00e8 previsto il suo completamento entro agosto 2024. Santa Catalina Solar \u00e8 il quinto [&hellip;]\" \/>\n<meta property=\"og:url\" content=\"https:\/\/www.bnz.energy\/it\/bnz-avvia-la-costruzione-di-impianto-fotovoltaico-da-345-mw-a-jaen\/\" \/>\n<meta property=\"og:site_name\" content=\"BNZ\" \/>\n<meta property=\"article:published_time\" content=\"2024-04-16T14:00:06+00:00\" \/>\n<meta property=\"article:modified_time\" content=\"2025-02-14T11:37:07+00:00\" \/>\n<meta property=\"og:image\" content=\"https:\/\/www.bnz.energy\/wp-content\/uploads\/2024\/04\/PRESS-ROOM_2024_2_APR_BNZ-starts-construction-of-a-34.5MW-solar-photovoltaic-plant-in-Jaen-1.jpg\" \/>\n\t<meta property=\"og:image:width\" content=\"888\" \/>\n\t<meta property=\"og:image:height\" content=\"619\" \/>\n\t<meta property=\"og:image:type\" content=\"image\/jpeg\" \/>\n<meta name=\"author\" content=\"admin_bnz\" \/>\n<meta name=\"twitter:card\" content=\"summary_large_image\" \/>\n<meta name=\"twitter:label1\" content=\"Scritto da\" \/>\n\t<meta name=\"twitter:data1\" content=\"admin_bnz\" \/>\n<script type=\"application\/ld+json\" class=\"yoast-schema-graph\">{\"@context\":\"https:\/\/schema.org\",\"@graph\":[{\"@type\":\"Article\",\"@id\":\"https:\/\/www.bnz.energy\/it\/bnz-avvia-la-costruzione-di-impianto-fotovoltaico-da-345-mw-a-jaen\/#article\",\"isPartOf\":{\"@id\":\"https:\/\/www.bnz.energy\/it\/bnz-avvia-la-costruzione-di-impianto-fotovoltaico-da-345-mw-a-jaen\/\"},\"author\":{\"name\":\"admin_bnz\",\"@id\":\"https:\/\/www.bnz.energy\/#\/schema\/person\/e358b3214b1b4a9b443d49305c239bbe\"},\"headline\":\"BNZ avvia la costruzione di impianto fotovoltaico da 34,5 MW a Ja\u00e9n\",\"datePublished\":\"2024-04-16T14:00:06+00:00\",\"dateModified\":\"2025-02-14T11:37:07+00:00\",\"mainEntityOfPage\":{\"@id\":\"https:\/\/www.bnz.energy\/it\/bnz-avvia-la-costruzione-di-impianto-fotovoltaico-da-345-mw-a-jaen\/\"},\"wordCount\":369,\"publisher\":{\"@id\":\"https:\/\/www.bnz.energy\/#organization\"},\"image\":{\"@id\":\"https:\/\/www.bnz.energy\/it\/bnz-avvia-la-costruzione-di-impianto-fotovoltaico-da-345-mw-a-jaen\/#primaryimage\"},\"thumbnailUrl\":\"https:\/\/www.bnz.energy\/wp-content\/uploads\/2024\/04\/PRESS-ROOM_2024_2_APR_BNZ-starts-construction-of-a-34.5MW-solar-photovoltaic-plant-in-Jaen-1.jpg\",\"articleSection\":[\"Comunicati stampa\",\"Progetti\"],\"inLanguage\":\"it-IT\"},{\"@type\":\"WebPage\",\"@id\":\"https:\/\/www.bnz.energy\/it\/bnz-avvia-la-costruzione-di-impianto-fotovoltaico-da-345-mw-a-jaen\/\",\"url\":\"https:\/\/www.bnz.energy\/it\/bnz-avvia-la-costruzione-di-impianto-fotovoltaico-da-345-mw-a-jaen\/\",\"name\":\"BNZ avvia la costruzione di impianto fotovoltaico da 34,5 MW a Ja\u00e9n - BNZ\",\"isPartOf\":{\"@id\":\"https:\/\/www.bnz.energy\/#website\"},\"primaryImageOfPage\":{\"@id\":\"https:\/\/www.bnz.energy\/it\/bnz-avvia-la-costruzione-di-impianto-fotovoltaico-da-345-mw-a-jaen\/#primaryimage\"},\"image\":{\"@id\":\"https:\/\/www.bnz.energy\/it\/bnz-avvia-la-costruzione-di-impianto-fotovoltaico-da-345-mw-a-jaen\/#primaryimage\"},\"thumbnailUrl\":\"https:\/\/www.bnz.energy\/wp-content\/uploads\/2024\/04\/PRESS-ROOM_2024_2_APR_BNZ-starts-construction-of-a-34.5MW-solar-photovoltaic-plant-in-Jaen-1.jpg\",\"datePublished\":\"2024-04-16T14:00:06+00:00\",\"dateModified\":\"2025-02-14T11:37:07+00:00\",\"breadcrumb\":{\"@id\":\"https:\/\/www.bnz.energy\/it\/bnz-avvia-la-costruzione-di-impianto-fotovoltaico-da-345-mw-a-jaen\/#breadcrumb\"},\"inLanguage\":\"it-IT\",\"potentialAction\":[{\"@type\":\"ReadAction\",\"target\":[\"https:\/\/www.bnz.energy\/it\/bnz-avvia-la-costruzione-di-impianto-fotovoltaico-da-345-mw-a-jaen\/\"]}]},{\"@type\":\"ImageObject\",\"inLanguage\":\"it-IT\",\"@id\":\"https:\/\/www.bnz.energy\/it\/bnz-avvia-la-costruzione-di-impianto-fotovoltaico-da-345-mw-a-jaen\/#primaryimage\",\"url\":\"https:\/\/www.bnz.energy\/wp-content\/uploads\/2024\/04\/PRESS-ROOM_2024_2_APR_BNZ-starts-construction-of-a-34.5MW-solar-photovoltaic-plant-in-Jaen-1.jpg\",\"contentUrl\":\"https:\/\/www.bnz.energy\/wp-content\/uploads\/2024\/04\/PRESS-ROOM_2024_2_APR_BNZ-starts-construction-of-a-34.5MW-solar-photovoltaic-plant-in-Jaen-1.jpg\",\"width\":888,\"height\":619},{\"@type\":\"BreadcrumbList\",\"@id\":\"https:\/\/www.bnz.energy\/it\/bnz-avvia-la-costruzione-di-impianto-fotovoltaico-da-345-mw-a-jaen\/#breadcrumb\",\"itemListElement\":[{\"@type\":\"ListItem\",\"position\":1,\"name\":\"Home\",\"item\":\"https:\/\/www.bnz.energy\/it\/\"},{\"@type\":\"ListItem\",\"position\":2,\"name\":\"BNZ avvia la costruzione di impianto fotovoltaico da 34,5 MW a Ja\u00e9n\"}]},{\"@type\":\"WebSite\",\"@id\":\"https:\/\/www.bnz.energy\/#website\",\"url\":\"https:\/\/www.bnz.energy\/\",\"name\":\"BNZ\",\"description\":\"\",\"publisher\":{\"@id\":\"https:\/\/www.bnz.energy\/#organization\"},\"potentialAction\":[{\"@type\":\"SearchAction\",\"target\":{\"@type\":\"EntryPoint\",\"urlTemplate\":\"https:\/\/www.bnz.energy\/?s={search_term_string}\"},\"query-input\":{\"@type\":\"PropertyValueSpecification\",\"valueRequired\":true,\"valueName\":\"search_term_string\"}}],\"inLanguage\":\"it-IT\"},{\"@type\":\"Organization\",\"@id\":\"https:\/\/www.bnz.energy\/#organization\",\"name\":\"BNZ\",\"url\":\"https:\/\/www.bnz.energy\/\",\"logo\":{\"@type\":\"ImageObject\",\"inLanguage\":\"it-IT\",\"@id\":\"https:\/\/www.bnz.energy\/#\/schema\/logo\/image\/\",\"url\":\"https:\/\/www.bnz.energy\/wp-content\/uploads\/2024\/12\/Capa_1.svg\",\"contentUrl\":\"https:\/\/www.bnz.energy\/wp-content\/uploads\/2024\/12\/Capa_1.svg\",\"width\":1,\"height\":1,\"caption\":\"BNZ\"},\"image\":{\"@id\":\"https:\/\/www.bnz.energy\/#\/schema\/logo\/image\/\"},\"sameAs\":[\"https:\/\/www.linkedin.com\/company\/bnetzero\/\"]},{\"@type\":\"Person\",\"@id\":\"https:\/\/www.bnz.energy\/#\/schema\/person\/e358b3214b1b4a9b443d49305c239bbe\",\"name\":\"admin_bnz\",\"image\":{\"@type\":\"ImageObject\",\"inLanguage\":\"it-IT\",\"@id\":\"https:\/\/www.bnz.energy\/#\/schema\/person\/image\/\",\"url\":\"https:\/\/secure.gravatar.com\/avatar\/cc90964e5c0de17136af9d9d3171efa5c21c920531a6aaa763a62c13f62ec30a?s=96&d=mm&r=g\",\"contentUrl\":\"https:\/\/secure.gravatar.com\/avatar\/cc90964e5c0de17136af9d9d3171efa5c21c920531a6aaa763a62c13f62ec30a?s=96&d=mm&r=g\",\"caption\":\"admin_bnz\"},\"sameAs\":[\"https:\/\/www.bnz.energy\"],\"url\":\"https:\/\/www.bnz.energy\/it\/author\/admin_bnz\/\"}]}<\/script>\n<!-- \/ Yoast SEO plugin. -->","yoast_head_json":{"title":"BNZ avvia la costruzione di impianto fotovoltaico da 34,5 MW a Ja\u00e9n - BNZ","robots":{"index":"index","follow":"follow","max-snippet":"max-snippet:-1","max-image-preview":"max-image-preview:large","max-video-preview":"max-video-preview:-1"},"canonical":"https:\/\/www.bnz.energy\/it\/bnz-avvia-la-costruzione-di-impianto-fotovoltaico-da-345-mw-a-jaen\/","og_locale":"it_IT","og_type":"article","og_title":"BNZ avvia la costruzione di impianto fotovoltaico da 34,5 MW a Ja\u00e9n - BNZ","og_description":"BNZ, un produttore indipendente di energia (IPP) che sviluppa, costruisce e gestisce progetti fotovoltaici solari, ha annunciato l&#8217;avvio della costruzione di un impianto solare nel comune di Ja\u00e9n. L&#8217;impianto, chiamato Santa Catalina Solar, avr\u00e0 una capacit\u00e0 totale di 34,5 MW ed \u00e8 previsto il suo completamento entro agosto 2024. Santa Catalina Solar \u00e8 il quinto [&hellip;]","og_url":"https:\/\/www.bnz.energy\/it\/bnz-avvia-la-costruzione-di-impianto-fotovoltaico-da-345-mw-a-jaen\/","og_site_name":"BNZ","article_published_time":"2024-04-16T14:00:06+00:00","article_modified_time":"2025-02-14T11:37:07+00:00","og_image":[{"width":888,"height":619,"url":"https:\/\/www.bnz.energy\/wp-content\/uploads\/2024\/04\/PRESS-ROOM_2024_2_APR_BNZ-starts-construction-of-a-34.5MW-solar-photovoltaic-plant-in-Jaen-1.jpg","type":"image\/jpeg"}],"author":"admin_bnz","twitter_card":"summary_large_image","twitter_misc":{"Scritto da":"admin_bnz"},"schema":{"@context":"https:\/\/schema.org","@graph":[{"@type":"Article","@id":"https:\/\/www.bnz.energy\/it\/bnz-avvia-la-costruzione-di-impianto-fotovoltaico-da-345-mw-a-jaen\/#article","isPartOf":{"@id":"https:\/\/www.bnz.energy\/it\/bnz-avvia-la-costruzione-di-impianto-fotovoltaico-da-345-mw-a-jaen\/"},"author":{"name":"admin_bnz","@id":"https:\/\/www.bnz.energy\/#\/schema\/person\/e358b3214b1b4a9b443d49305c239bbe"},"headline":"BNZ avvia la costruzione di impianto fotovoltaico da 34,5 MW a Ja\u00e9n","datePublished":"2024-04-16T14:00:06+00:00","dateModified":"2025-02-14T11:37:07+00:00","mainEntityOfPage":{"@id":"https:\/\/www.bnz.energy\/it\/bnz-avvia-la-costruzione-di-impianto-fotovoltaico-da-345-mw-a-jaen\/"},"wordCount":369,"publisher":{"@id":"https:\/\/www.bnz.energy\/#organization"},"image":{"@id":"https:\/\/www.bnz.energy\/it\/bnz-avvia-la-costruzione-di-impianto-fotovoltaico-da-345-mw-a-jaen\/#primaryimage"},"thumbnailUrl":"https:\/\/www.bnz.energy\/wp-content\/uploads\/2024\/04\/PRESS-ROOM_2024_2_APR_BNZ-starts-construction-of-a-34.5MW-solar-photovoltaic-plant-in-Jaen-1.jpg","articleSection":["Comunicati stampa","Progetti"],"inLanguage":"it-IT"},{"@type":"WebPage","@id":"https:\/\/www.bnz.energy\/it\/bnz-avvia-la-costruzione-di-impianto-fotovoltaico-da-345-mw-a-jaen\/","url":"https:\/\/www.bnz.energy\/it\/bnz-avvia-la-costruzione-di-impianto-fotovoltaico-da-345-mw-a-jaen\/","name":"BNZ avvia la costruzione di impianto fotovoltaico da 34,5 MW a Ja\u00e9n - BNZ","isPartOf":{"@id":"https:\/\/www.bnz.energy\/#website"},"primaryImageOfPage":{"@id":"https:\/\/www.bnz.energy\/it\/bnz-avvia-la-costruzione-di-impianto-fotovoltaico-da-345-mw-a-jaen\/#primaryimage"},"image":{"@id":"https:\/\/www.bnz.energy\/it\/bnz-avvia-la-costruzione-di-impianto-fotovoltaico-da-345-mw-a-jaen\/#primaryimage"},"thumbnailUrl":"https:\/\/www.bnz.energy\/wp-content\/uploads\/2024\/04\/PRESS-ROOM_2024_2_APR_BNZ-starts-construction-of-a-34.5MW-solar-photovoltaic-plant-in-Jaen-1.jpg","datePublished":"2024-04-16T14:00:06+00:00","dateModified":"2025-02-14T11:37:07+00:00","breadcrumb":{"@id":"https:\/\/www.bnz.energy\/it\/bnz-avvia-la-costruzione-di-impianto-fotovoltaico-da-345-mw-a-jaen\/#breadcrumb"},"inLanguage":"it-IT","potentialAction":[{"@type":"ReadAction","target":["https:\/\/www.bnz.energy\/it\/bnz-avvia-la-costruzione-di-impianto-fotovoltaico-da-345-mw-a-jaen\/"]}]},{"@type":"ImageObject","inLanguage":"it-IT","@id":"https:\/\/www.bnz.energy\/it\/bnz-avvia-la-costruzione-di-impianto-fotovoltaico-da-345-mw-a-jaen\/#primaryimage","url":"https:\/\/www.bnz.energy\/wp-content\/uploads\/2024\/04\/PRESS-ROOM_2024_2_APR_BNZ-starts-construction-of-a-34.5MW-solar-photovoltaic-plant-in-Jaen-1.jpg","contentUrl":"https:\/\/www.bnz.energy\/wp-content\/uploads\/2024\/04\/PRESS-ROOM_2024_2_APR_BNZ-starts-construction-of-a-34.5MW-solar-photovoltaic-plant-in-Jaen-1.jpg","width":888,"height":619},{"@type":"BreadcrumbList","@id":"https:\/\/www.bnz.energy\/it\/bnz-avvia-la-costruzione-di-impianto-fotovoltaico-da-345-mw-a-jaen\/#breadcrumb","itemListElement":[{"@type":"ListItem","position":1,"name":"Home","item":"https:\/\/www.bnz.energy\/it\/"},{"@type":"ListItem","position":2,"name":"BNZ avvia la costruzione di impianto fotovoltaico da 34,5 MW a Ja\u00e9n"}]},{"@type":"WebSite","@id":"https:\/\/www.bnz.energy\/#website","url":"https:\/\/www.bnz.energy\/","name":"BNZ","description":"","publisher":{"@id":"https:\/\/www.bnz.energy\/#organization"},"potentialAction":[{"@type":"SearchAction","target":{"@type":"EntryPoint","urlTemplate":"https:\/\/www.bnz.energy\/?s={search_term_string}"},"query-input":{"@type":"PropertyValueSpecification","valueRequired":true,"valueName":"search_term_string"}}],"inLanguage":"it-IT"},{"@type":"Organization","@id":"https:\/\/www.bnz.energy\/#organization","name":"BNZ","url":"https:\/\/www.bnz.energy\/","logo":{"@type":"ImageObject","inLanguage":"it-IT","@id":"https:\/\/www.bnz.energy\/#\/schema\/logo\/image\/","url":"https:\/\/www.bnz.energy\/wp-content\/uploads\/2024\/12\/Capa_1.svg","contentUrl":"https:\/\/www.bnz.energy\/wp-content\/uploads\/2024\/12\/Capa_1.svg","width":1,"height":1,"caption":"BNZ"},"image":{"@id":"https:\/\/www.bnz.energy\/#\/schema\/logo\/image\/"},"sameAs":["https:\/\/www.linkedin.com\/company\/bnetzero\/"]},{"@type":"Person","@id":"https:\/\/www.bnz.energy\/#\/schema\/person\/e358b3214b1b4a9b443d49305c239bbe","name":"admin_bnz","image":{"@type":"ImageObject","inLanguage":"it-IT","@id":"https:\/\/www.bnz.energy\/#\/schema\/person\/image\/","url":"https:\/\/secure.gravatar.com\/avatar\/cc90964e5c0de17136af9d9d3171efa5c21c920531a6aaa763a62c13f62ec30a?s=96&d=mm&r=g","contentUrl":"https:\/\/secure.gravatar.com\/avatar\/cc90964e5c0de17136af9d9d3171efa5c21c920531a6aaa763a62c13f62ec30a?s=96&d=mm&r=g","caption":"admin_bnz"},"sameAs":["https:\/\/www.bnz.energy"],"url":"https:\/\/www.bnz.energy\/it\/author\/admin_bnz\/"}]}},"_links":{"self":[{"href":"https:\/\/www.bnz.energy\/it\/wp-json\/wp\/v2\/posts\/2802","targetHints":{"allow":["GET"]}}],"collection":[{"href":"https:\/\/www.bnz.energy\/it\/wp-json\/wp\/v2\/posts"}],"about":[{"href":"https:\/\/www.bnz.energy\/it\/wp-json\/wp\/v2\/types\/post"}],"author":[{"embeddable":true,"href":"https:\/\/www.bnz.energy\/it\/wp-json\/wp\/v2\/users\/1"}],"replies":[{"embeddable":true,"href":"https:\/\/www.bnz.energy\/it\/wp-json\/wp\/v2\/comments?post=2802"}],"version-history":[{"count":3,"href":"https:\/\/www.bnz.energy\/it\/wp-json\/wp\/v2\/posts\/2802\/revisions"}],"predecessor-version":[{"id":7076,"href":"https:\/\/www.bnz.energy\/it\/wp-json\/wp\/v2\/posts\/2802\/revisions\/7076"}],"wp:featuredmedia":[{"embeddable":true,"href":"https:\/\/www.bnz.energy\/it\/wp-json\/wp\/v2\/media\/4509"}],"wp:attachment":[{"href":"https:\/\/www.bnz.energy\/it\/wp-json\/wp\/v2\/media?parent=2802"}],"wp:term":[{"taxonomy":"category","embeddable":true,"href":"https:\/\/www.bnz.energy\/it\/wp-json\/wp\/v2\/categories?post=2802"},{"taxonomy":"post_tag","embeddable":true,"href":"https:\/\/www.bnz.energy\/it\/wp-json\/wp\/v2\/tags?post=2802"}],"curies":[{"name":"wp","href":"https:\/\/api.w.org\/{rel}","templated":true}]}}