{"id":1274,"date":"2022-03-15T12:02:37","date_gmt":"2022-03-15T12:02:37","guid":{"rendered":"https:\/\/www.bnz.energy\/?p=1274"},"modified":"2025-02-17T12:29:49","modified_gmt":"2025-02-17T12:29:49","slug":"bnz-supporta-il-suo-primo-progetto-per-il-sociale-in-portogallo","status":"publish","type":"post","link":"https:\/\/www.bnz.energy\/it\/bnz-supporta-il-suo-primo-progetto-per-il-sociale-in-portogallo\/","title":{"rendered":"BNZ supporta il suo primo Progetto per il sociale in Portogallo"},"content":{"rendered":"<p>BNZ, un produttore di energia indipendente (IPP), aggiunge il suo sostegno al progetto sociale &#8220;Cuidar Maior&#8221;, sostenuto da PT2020, nel comune di Vila Nova de Familic\u00e3o nella regione Norte del Portogallo.<\/p>\n<p>Molte famiglie nella comunit\u00e0 si prendono cura di membri con bisogni speciali, dalla demenza o dall&#8217;alzheimer a problemi motori o psicomotori, spesso lasciati a se stessi. Il progetto sociale \u201cCuidar Maior\u201d \u00e8 un programma di intervento individualizzato e personalizzato che mira a fare luce e portare l&#8217;attenzione necessaria ai bisognosi. Il progetto agisce nella lotta precoce contro il burnout di quei caregiver informali, attraverso il supporto psico-educativo e la consulenza familiare. Queste azioni mirano ad influenzare positivamente la qualit\u00e0 della vita dei caregiver e delle rispettive famiglie, al fine di creare strategie e gestire emozioni\/stress, ridurre i sintomi della depressione, aumentare le competenze e le informazioni, nonch\u00e9 sostituire il caregiver quando ha bisogno esso. Anche in questo ambito \u00e8 in fase di sviluppo un&#8217;applicazione mobile, che faciliter\u00e0 il monitoraggio dei caregiver.<\/p>\n<p>Ana Raquel Carvalho, coordinatrice del progetto \u201cCuidar Maior\u201d, sottolinea l&#8217;importanza del ruolo dei caregiver informali: &#8220;Secondo un&#8217;indagine condotta a livello nazionale, entro la fine del 2020 ci sono circa 1,4 milioni di caregiver informali in Portogallo. E l&#8217;assistente informale \u00e8 la nostra priorit\u00e0 in &#8220;Cuidar Maior&#8221;. Anche queste persone che, ogni giorno, danno il loro sostegno incondizionato a qualcuno, devono essere sostenute. \u00c8 urgente agire in modo preventivo affinch\u00e9 abbiano la massima qualit\u00e0 di vita possibile ed \u00e8 per questo che lavoriamo ogni giorno&#8221;.<\/p>\n<p>Il progetto focalizza il suo approccio sistemico su diverse aree di intervento, consentendo allo Stato di ridurre i propri costi nel medio\/lungo termine, in particolare nei settori della salute e della sicurezza sociale. Attraverso un team multidisciplinare, &#8220;Cuidar Maior&#8221; mobilita risorse interne e partnership, supportando gli assistenti informali a Vila Nova de Famalic\u00e3o.<br \/>\nIl contributo privato di BNZ a questo progetto sociale sostenuto con fondi pubblici PT2020 consiste nella partecipazione a \u201cCuidar Maior\u201d attraverso l&#8217;assunzione e il sostegno finanziario di altri 5 dipendenti locali a tempo pieno, tra cui un coordinatore del progetto, uno psicologo, un educatore sociale, un tecnico dell&#8217;assistenza e un animatore. Questi 5 dipendenti si uniranno al team esistente, che attualmente conta 40 membri.<\/p>\n<p>&#8220;Questa \u00e8 una partnership molto importante per noi. I nostri obiettivi come IPP, oltre a fornire energia pulita e conveniente alla rete, sono di stabilire la nostra presenza ambientale e sociale locale, attraverso un rapporto benefico e di cooperazione con tutte le comunit\u00e0 in cui operiamo .&#8221; spiega Luis Selva, amministratore delegato di BNZ. &#8220;Siamo consapevoli che l&#8217;assunzione di questi dipendenti da parte di &#8220;Cuidar Maior&#8221; sar\u00e0 fondamentale per il supporto che fornisce alla comunit\u00e0 e, per questo, siamo molto lieti di sostenere questo progetto&#8221; conclude Selva.<br \/>\nLa metodologia di intervento del progetto, approvata dal Partnerships for Impact &#8211; Portugal Social Innovation Programme, sar\u00e0 presentata ufficialmente il 3 marzo, alle 18:30, presso il Requi\u00e3o Multipurpose Pavilion.<\/p>\n","protected":false},"excerpt":{"rendered":"<p>BNZ, un produttore di energia indipendente (IPP), aggiunge il suo sostegno al progetto sociale &#8220;Cuidar Maior&#8221;, sostenuto da PT2020, nel comune di Vila Nova de Familic\u00e3o nella regione Norte del Portogallo. Molte famiglie nella comunit\u00e0 si prendono cura di membri con bisogni speciali, dalla demenza o dall&#8217;alzheimer a problemi motori o psicomotori, spesso lasciati a [&hellip;]<\/p>\n","protected":false},"author":1,"featured_media":7581,"comment_status":"closed","ping_status":"closed","sticky":false,"template":"","format":"standard","meta":{"_acf_changed":false,"_et_pb_use_builder":"","_et_pb_old_content":"","_et_gb_content_width":"","footnotes":""},"categories":[52,56],"tags":[],"class_list":["post-1274","post","type-post","status-publish","format-standard","has-post-thumbnail","hentry","category-apparizioni-sui-media","category-comunicati-stampa"],"acf":[],"yoast_head":"<!-- This site is optimized with the Yoast SEO plugin v26.6 - https:\/\/yoast.com\/wordpress\/plugins\/seo\/ -->\n<title>BNZ supporta il suo primo Progetto per il sociale in Portogallo - BNZ<\/title>\n<meta name=\"robots\" content=\"index, follow, max-snippet:-1, max-image-preview:large, max-video-preview:-1\" \/>\n<link rel=\"canonical\" href=\"https:\/\/www.bnz.energy\/it\/bnz-supporta-il-suo-primo-progetto-per-il-sociale-in-portogallo\/\" \/>\n<meta property=\"og:locale\" content=\"it_IT\" \/>\n<meta property=\"og:type\" content=\"article\" \/>\n<meta property=\"og:title\" content=\"BNZ supporta il suo primo Progetto per il sociale in Portogallo - BNZ\" \/>\n<meta property=\"og:description\" content=\"BNZ, un produttore di energia indipendente (IPP), aggiunge il suo sostegno al progetto sociale &#8220;Cuidar Maior&#8221;, sostenuto da PT2020, nel comune di Vila Nova de Familic\u00e3o nella regione Norte del Portogallo. Molte famiglie nella comunit\u00e0 si prendono cura di membri con bisogni speciali, dalla demenza o dall&#8217;alzheimer a problemi motori o psicomotori, spesso lasciati a [&hellip;]\" \/>\n<meta property=\"og:url\" content=\"https:\/\/www.bnz.energy\/it\/bnz-supporta-il-suo-primo-progetto-per-il-sociale-in-portogallo\/\" \/>\n<meta property=\"og:site_name\" content=\"BNZ\" \/>\n<meta property=\"article:published_time\" content=\"2022-03-15T12:02:37+00:00\" \/>\n<meta property=\"article:modified_time\" content=\"2025-02-17T12:29:49+00:00\" \/>\n<meta property=\"og:image\" content=\"https:\/\/www.bnz.energy\/wp-content\/uploads\/2022\/03\/pexels-matthias-zomer-339620-1.jpg\" \/>\n\t<meta property=\"og:image:width\" content=\"2560\" \/>\n\t<meta property=\"og:image:height\" content=\"1440\" \/>\n\t<meta property=\"og:image:type\" content=\"image\/jpeg\" \/>\n<meta name=\"author\" content=\"admin_bnz\" \/>\n<meta name=\"twitter:card\" content=\"summary_large_image\" \/>\n<meta name=\"twitter:label1\" content=\"Scritto da\" \/>\n\t<meta name=\"twitter:data1\" content=\"admin_bnz\" \/>\n\t<meta name=\"twitter:label2\" content=\"Tempo di lettura stimato\" \/>\n\t<meta name=\"twitter:data2\" content=\"3 minuti\" \/>\n<script type=\"application\/ld+json\" class=\"yoast-schema-graph\">{\"@context\":\"https:\/\/schema.org\",\"@graph\":[{\"@type\":\"Article\",\"@id\":\"https:\/\/www.bnz.energy\/it\/bnz-supporta-il-suo-primo-progetto-per-il-sociale-in-portogallo\/#article\",\"isPartOf\":{\"@id\":\"https:\/\/www.bnz.energy\/it\/bnz-supporta-il-suo-primo-progetto-per-il-sociale-in-portogallo\/\"},\"author\":{\"name\":\"admin_bnz\",\"@id\":\"https:\/\/www.bnz.energy\/#\/schema\/person\/e358b3214b1b4a9b443d49305c239bbe\"},\"headline\":\"BNZ supporta il suo primo Progetto per il sociale in Portogallo\",\"datePublished\":\"2022-03-15T12:02:37+00:00\",\"dateModified\":\"2025-02-17T12:29:49+00:00\",\"mainEntityOfPage\":{\"@id\":\"https:\/\/www.bnz.energy\/it\/bnz-supporta-il-suo-primo-progetto-per-il-sociale-in-portogallo\/\"},\"wordCount\":490,\"publisher\":{\"@id\":\"https:\/\/www.bnz.energy\/#organization\"},\"image\":{\"@id\":\"https:\/\/www.bnz.energy\/it\/bnz-supporta-il-suo-primo-progetto-per-il-sociale-in-portogallo\/#primaryimage\"},\"thumbnailUrl\":\"https:\/\/www.bnz.energy\/wp-content\/uploads\/2022\/03\/pexels-matthias-zomer-339620-1.jpg\",\"articleSection\":[\"Apparizioni sui media\",\"Comunicati stampa\"],\"inLanguage\":\"it-IT\"},{\"@type\":\"WebPage\",\"@id\":\"https:\/\/www.bnz.energy\/it\/bnz-supporta-il-suo-primo-progetto-per-il-sociale-in-portogallo\/\",\"url\":\"https:\/\/www.bnz.energy\/it\/bnz-supporta-il-suo-primo-progetto-per-il-sociale-in-portogallo\/\",\"name\":\"BNZ supporta il suo primo Progetto per il sociale in Portogallo - BNZ\",\"isPartOf\":{\"@id\":\"https:\/\/www.bnz.energy\/#website\"},\"primaryImageOfPage\":{\"@id\":\"https:\/\/www.bnz.energy\/it\/bnz-supporta-il-suo-primo-progetto-per-il-sociale-in-portogallo\/#primaryimage\"},\"image\":{\"@id\":\"https:\/\/www.bnz.energy\/it\/bnz-supporta-il-suo-primo-progetto-per-il-sociale-in-portogallo\/#primaryimage\"},\"thumbnailUrl\":\"https:\/\/www.bnz.energy\/wp-content\/uploads\/2022\/03\/pexels-matthias-zomer-339620-1.jpg\",\"datePublished\":\"2022-03-15T12:02:37+00:00\",\"dateModified\":\"2025-02-17T12:29:49+00:00\",\"breadcrumb\":{\"@id\":\"https:\/\/www.bnz.energy\/it\/bnz-supporta-il-suo-primo-progetto-per-il-sociale-in-portogallo\/#breadcrumb\"},\"inLanguage\":\"it-IT\",\"potentialAction\":[{\"@type\":\"ReadAction\",\"target\":[\"https:\/\/www.bnz.energy\/it\/bnz-supporta-il-suo-primo-progetto-per-il-sociale-in-portogallo\/\"]}]},{\"@type\":\"ImageObject\",\"inLanguage\":\"it-IT\",\"@id\":\"https:\/\/www.bnz.energy\/it\/bnz-supporta-il-suo-primo-progetto-per-il-sociale-in-portogallo\/#primaryimage\",\"url\":\"https:\/\/www.bnz.energy\/wp-content\/uploads\/2022\/03\/pexels-matthias-zomer-339620-1.jpg\",\"contentUrl\":\"https:\/\/www.bnz.energy\/wp-content\/uploads\/2022\/03\/pexels-matthias-zomer-339620-1.jpg\",\"width\":2560,\"height\":1440},{\"@type\":\"BreadcrumbList\",\"@id\":\"https:\/\/www.bnz.energy\/it\/bnz-supporta-il-suo-primo-progetto-per-il-sociale-in-portogallo\/#breadcrumb\",\"itemListElement\":[{\"@type\":\"ListItem\",\"position\":1,\"name\":\"Home\",\"item\":\"https:\/\/www.bnz.energy\/it\/\"},{\"@type\":\"ListItem\",\"position\":2,\"name\":\"BNZ supporta il suo primo Progetto per il sociale in Portogallo\"}]},{\"@type\":\"WebSite\",\"@id\":\"https:\/\/www.bnz.energy\/#website\",\"url\":\"https:\/\/www.bnz.energy\/\",\"name\":\"BNZ\",\"description\":\"\",\"publisher\":{\"@id\":\"https:\/\/www.bnz.energy\/#organization\"},\"potentialAction\":[{\"@type\":\"SearchAction\",\"target\":{\"@type\":\"EntryPoint\",\"urlTemplate\":\"https:\/\/www.bnz.energy\/?s={search_term_string}\"},\"query-input\":{\"@type\":\"PropertyValueSpecification\",\"valueRequired\":true,\"valueName\":\"search_term_string\"}}],\"inLanguage\":\"it-IT\"},{\"@type\":\"Organization\",\"@id\":\"https:\/\/www.bnz.energy\/#organization\",\"name\":\"BNZ\",\"url\":\"https:\/\/www.bnz.energy\/\",\"logo\":{\"@type\":\"ImageObject\",\"inLanguage\":\"it-IT\",\"@id\":\"https:\/\/www.bnz.energy\/#\/schema\/logo\/image\/\",\"url\":\"https:\/\/www.bnz.energy\/wp-content\/uploads\/2024\/12\/Capa_1.svg\",\"contentUrl\":\"https:\/\/www.bnz.energy\/wp-content\/uploads\/2024\/12\/Capa_1.svg\",\"width\":1,\"height\":1,\"caption\":\"BNZ\"},\"image\":{\"@id\":\"https:\/\/www.bnz.energy\/#\/schema\/logo\/image\/\"},\"sameAs\":[\"https:\/\/www.linkedin.com\/company\/bnetzero\/\"]},{\"@type\":\"Person\",\"@id\":\"https:\/\/www.bnz.energy\/#\/schema\/person\/e358b3214b1b4a9b443d49305c239bbe\",\"name\":\"admin_bnz\",\"image\":{\"@type\":\"ImageObject\",\"inLanguage\":\"it-IT\",\"@id\":\"https:\/\/www.bnz.energy\/#\/schema\/person\/image\/\",\"url\":\"https:\/\/secure.gravatar.com\/avatar\/cc90964e5c0de17136af9d9d3171efa5c21c920531a6aaa763a62c13f62ec30a?s=96&d=mm&r=g\",\"contentUrl\":\"https:\/\/secure.gravatar.com\/avatar\/cc90964e5c0de17136af9d9d3171efa5c21c920531a6aaa763a62c13f62ec30a?s=96&d=mm&r=g\",\"caption\":\"admin_bnz\"},\"sameAs\":[\"https:\/\/www.bnz.energy\"],\"url\":\"https:\/\/www.bnz.energy\/it\/author\/admin_bnz\/\"}]}<\/script>\n<!-- \/ Yoast SEO plugin. -->","yoast_head_json":{"title":"BNZ supporta il suo primo Progetto per il sociale in Portogallo - BNZ","robots":{"index":"index","follow":"follow","max-snippet":"max-snippet:-1","max-image-preview":"max-image-preview:large","max-video-preview":"max-video-preview:-1"},"canonical":"https:\/\/www.bnz.energy\/it\/bnz-supporta-il-suo-primo-progetto-per-il-sociale-in-portogallo\/","og_locale":"it_IT","og_type":"article","og_title":"BNZ supporta il suo primo Progetto per il sociale in Portogallo - BNZ","og_description":"BNZ, un produttore di energia indipendente (IPP), aggiunge il suo sostegno al progetto sociale &#8220;Cuidar Maior&#8221;, sostenuto da PT2020, nel comune di Vila Nova de Familic\u00e3o nella regione Norte del Portogallo. Molte famiglie nella comunit\u00e0 si prendono cura di membri con bisogni speciali, dalla demenza o dall&#8217;alzheimer a problemi motori o psicomotori, spesso lasciati a [&hellip;]","og_url":"https:\/\/www.bnz.energy\/it\/bnz-supporta-il-suo-primo-progetto-per-il-sociale-in-portogallo\/","og_site_name":"BNZ","article_published_time":"2022-03-15T12:02:37+00:00","article_modified_time":"2025-02-17T12:29:49+00:00","og_image":[{"width":2560,"height":1440,"url":"https:\/\/www.bnz.energy\/wp-content\/uploads\/2022\/03\/pexels-matthias-zomer-339620-1.jpg","type":"image\/jpeg"}],"author":"admin_bnz","twitter_card":"summary_large_image","twitter_misc":{"Scritto da":"admin_bnz","Tempo di lettura stimato":"3 minuti"},"schema":{"@context":"https:\/\/schema.org","@graph":[{"@type":"Article","@id":"https:\/\/www.bnz.energy\/it\/bnz-supporta-il-suo-primo-progetto-per-il-sociale-in-portogallo\/#article","isPartOf":{"@id":"https:\/\/www.bnz.energy\/it\/bnz-supporta-il-suo-primo-progetto-per-il-sociale-in-portogallo\/"},"author":{"name":"admin_bnz","@id":"https:\/\/www.bnz.energy\/#\/schema\/person\/e358b3214b1b4a9b443d49305c239bbe"},"headline":"BNZ supporta il suo primo Progetto per il sociale in Portogallo","datePublished":"2022-03-15T12:02:37+00:00","dateModified":"2025-02-17T12:29:49+00:00","mainEntityOfPage":{"@id":"https:\/\/www.bnz.energy\/it\/bnz-supporta-il-suo-primo-progetto-per-il-sociale-in-portogallo\/"},"wordCount":490,"publisher":{"@id":"https:\/\/www.bnz.energy\/#organization"},"image":{"@id":"https:\/\/www.bnz.energy\/it\/bnz-supporta-il-suo-primo-progetto-per-il-sociale-in-portogallo\/#primaryimage"},"thumbnailUrl":"https:\/\/www.bnz.energy\/wp-content\/uploads\/2022\/03\/pexels-matthias-zomer-339620-1.jpg","articleSection":["Apparizioni sui media","Comunicati stampa"],"inLanguage":"it-IT"},{"@type":"WebPage","@id":"https:\/\/www.bnz.energy\/it\/bnz-supporta-il-suo-primo-progetto-per-il-sociale-in-portogallo\/","url":"https:\/\/www.bnz.energy\/it\/bnz-supporta-il-suo-primo-progetto-per-il-sociale-in-portogallo\/","name":"BNZ supporta il suo primo Progetto per il sociale in Portogallo - BNZ","isPartOf":{"@id":"https:\/\/www.bnz.energy\/#website"},"primaryImageOfPage":{"@id":"https:\/\/www.bnz.energy\/it\/bnz-supporta-il-suo-primo-progetto-per-il-sociale-in-portogallo\/#primaryimage"},"image":{"@id":"https:\/\/www.bnz.energy\/it\/bnz-supporta-il-suo-primo-progetto-per-il-sociale-in-portogallo\/#primaryimage"},"thumbnailUrl":"https:\/\/www.bnz.energy\/wp-content\/uploads\/2022\/03\/pexels-matthias-zomer-339620-1.jpg","datePublished":"2022-03-15T12:02:37+00:00","dateModified":"2025-02-17T12:29:49+00:00","breadcrumb":{"@id":"https:\/\/www.bnz.energy\/it\/bnz-supporta-il-suo-primo-progetto-per-il-sociale-in-portogallo\/#breadcrumb"},"inLanguage":"it-IT","potentialAction":[{"@type":"ReadAction","target":["https:\/\/www.bnz.energy\/it\/bnz-supporta-il-suo-primo-progetto-per-il-sociale-in-portogallo\/"]}]},{"@type":"ImageObject","inLanguage":"it-IT","@id":"https:\/\/www.bnz.energy\/it\/bnz-supporta-il-suo-primo-progetto-per-il-sociale-in-portogallo\/#primaryimage","url":"https:\/\/www.bnz.energy\/wp-content\/uploads\/2022\/03\/pexels-matthias-zomer-339620-1.jpg","contentUrl":"https:\/\/www.bnz.energy\/wp-content\/uploads\/2022\/03\/pexels-matthias-zomer-339620-1.jpg","width":2560,"height":1440},{"@type":"BreadcrumbList","@id":"https:\/\/www.bnz.energy\/it\/bnz-supporta-il-suo-primo-progetto-per-il-sociale-in-portogallo\/#breadcrumb","itemListElement":[{"@type":"ListItem","position":1,"name":"Home","item":"https:\/\/www.bnz.energy\/it\/"},{"@type":"ListItem","position":2,"name":"BNZ supporta il suo primo Progetto per il sociale in Portogallo"}]},{"@type":"WebSite","@id":"https:\/\/www.bnz.energy\/#website","url":"https:\/\/www.bnz.energy\/","name":"BNZ","description":"","publisher":{"@id":"https:\/\/www.bnz.energy\/#organization"},"potentialAction":[{"@type":"SearchAction","target":{"@type":"EntryPoint","urlTemplate":"https:\/\/www.bnz.energy\/?s={search_term_string}"},"query-input":{"@type":"PropertyValueSpecification","valueRequired":true,"valueName":"search_term_string"}}],"inLanguage":"it-IT"},{"@type":"Organization","@id":"https:\/\/www.bnz.energy\/#organization","name":"BNZ","url":"https:\/\/www.bnz.energy\/","logo":{"@type":"ImageObject","inLanguage":"it-IT","@id":"https:\/\/www.bnz.energy\/#\/schema\/logo\/image\/","url":"https:\/\/www.bnz.energy\/wp-content\/uploads\/2024\/12\/Capa_1.svg","contentUrl":"https:\/\/www.bnz.energy\/wp-content\/uploads\/2024\/12\/Capa_1.svg","width":1,"height":1,"caption":"BNZ"},"image":{"@id":"https:\/\/www.bnz.energy\/#\/schema\/logo\/image\/"},"sameAs":["https:\/\/www.linkedin.com\/company\/bnetzero\/"]},{"@type":"Person","@id":"https:\/\/www.bnz.energy\/#\/schema\/person\/e358b3214b1b4a9b443d49305c239bbe","name":"admin_bnz","image":{"@type":"ImageObject","inLanguage":"it-IT","@id":"https:\/\/www.bnz.energy\/#\/schema\/person\/image\/","url":"https:\/\/secure.gravatar.com\/avatar\/cc90964e5c0de17136af9d9d3171efa5c21c920531a6aaa763a62c13f62ec30a?s=96&d=mm&r=g","contentUrl":"https:\/\/secure.gravatar.com\/avatar\/cc90964e5c0de17136af9d9d3171efa5c21c920531a6aaa763a62c13f62ec30a?s=96&d=mm&r=g","caption":"admin_bnz"},"sameAs":["https:\/\/www.bnz.energy"],"url":"https:\/\/www.bnz.energy\/it\/author\/admin_bnz\/"}]}},"_links":{"self":[{"href":"https:\/\/www.bnz.energy\/it\/wp-json\/wp\/v2\/posts\/1274","targetHints":{"allow":["GET"]}}],"collection":[{"href":"https:\/\/www.bnz.energy\/it\/wp-json\/wp\/v2\/posts"}],"about":[{"href":"https:\/\/www.bnz.energy\/it\/wp-json\/wp\/v2\/types\/post"}],"author":[{"embeddable":true,"href":"https:\/\/www.bnz.energy\/it\/wp-json\/wp\/v2\/users\/1"}],"replies":[{"embeddable":true,"href":"https:\/\/www.bnz.energy\/it\/wp-json\/wp\/v2\/comments?post=1274"}],"version-history":[{"count":1,"href":"https:\/\/www.bnz.energy\/it\/wp-json\/wp\/v2\/posts\/1274\/revisions"}],"predecessor-version":[{"id":7150,"href":"https:\/\/www.bnz.energy\/it\/wp-json\/wp\/v2\/posts\/1274\/revisions\/7150"}],"wp:featuredmedia":[{"embeddable":true,"href":"https:\/\/www.bnz.energy\/it\/wp-json\/wp\/v2\/media\/7581"}],"wp:attachment":[{"href":"https:\/\/www.bnz.energy\/it\/wp-json\/wp\/v2\/media?parent=1274"}],"wp:term":[{"taxonomy":"category","embeddable":true,"href":"https:\/\/www.bnz.energy\/it\/wp-json\/wp\/v2\/categories?post=1274"},{"taxonomy":"post_tag","embeddable":true,"href":"https:\/\/www.bnz.energy\/it\/wp-json\/wp\/v2\/tags?post=1274"}],"curies":[{"name":"wp","href":"https:\/\/api.w.org\/{rel}","templated":true}]}}