{"id":9241,"date":"2025-04-07T09:32:11","date_gmt":"2025-04-07T09:32:11","guid":{"rendered":"https:\/\/www.bnz.energy\/?p=9241"},"modified":"2025-04-07T09:32:11","modified_gmt":"2025-04-07T09:32:11","slug":"bnz-se-incorpora-a-ceoe-para-fortalecer-su-compromiso-con-la-transicion-energetica-en-espana-y-europa","status":"publish","type":"post","link":"https:\/\/www.bnz.energy\/es\/bnz-se-incorpora-a-ceoe-para-fortalecer-su-compromiso-con-la-transicion-energetica-en-espana-y-europa\/","title":{"rendered":"BNZ se incorpora a CEOE para fortalecer su compromiso con la transici\u00f3n energ\u00e9tica en Espa\u00f1a y Europa"},"content":{"rendered":"<p><span style=\"font-weight: 400;\">BNZ, productor independiente de energ\u00eda (IPP) especializado en el desarrollo, construcci\u00f3n y operaci\u00f3n de proyectos de energ\u00eda renovable, ha anunciado su incorporaci\u00f3n a CEOE (Confederaci\u00f3n Espa\u00f1ola de Organizaciones Empresariales) como miembro asociado, reafirmando su compromiso con la transici\u00f3n energ\u00e9tica y el impulso hacia un futuro m\u00e1s verde para Espa\u00f1a y Europa.<\/span><\/p>\n<p><span style=\"font-weight: 400;\">Con m\u00e1s de 1.7 GW de energ\u00eda renovable en desarrollo, construcci\u00f3n y operaci\u00f3n en Espa\u00f1a, Italia y Portugal, BNZ contin\u00faa consolid\u00e1ndose como un l\u00edder en el sector de las energ\u00edas limpias. La incorporaci\u00f3n a CEOE refuerza la posici\u00f3n de la empresa en el ecosistema empresarial espa\u00f1ol y le permite colaborar activamente en el impulso de pol\u00edticas que favorezcan la sostenibilidad y el progreso econ\u00f3mico.<\/span><\/p>\n<p><b>Acelerando la transici\u00f3n energ\u00e9tica y el compromiso social<\/b><\/p>\n<p><i><span style=\"font-weight: 400;\">\u00abEste paso es clave en nuestra estrategia para consolidarnos como l\u00edderes en la transici\u00f3n energ\u00e9tica en Europa<\/span><\/i><span style=\"font-weight: 400;\">\u00ab, ha se\u00f1alado <\/span><b>Luis Selva, Director General de BNZ<\/b><span style=\"font-weight: 400;\">. <\/span><i><span style=\"font-weight: 400;\">\u00abNuestro objetivo es claro: producir energ\u00eda 100% renovable y contribuir al desarrollo econ\u00f3mico mediante proyectos que apoyen tanto la transici\u00f3n energ\u00e9tica como el progreso social de las comunidades locales.\u00bb<\/span><\/i><\/p>\n<p><span style=\"font-weight: 400;\">Por su parte, el <\/span><b>Secretario General de CEOE, Jos\u00e9 Alberto Gonz\u00e1lez-Ruiz,<\/b><span style=\"font-weight: 400;\"> ha destacado la relevancia de la incorporaci\u00f3n de BNZ, resaltando su<\/span><i><span style=\"font-weight: 400;\"> \u00abcompromiso firme con la sostenibilidad y la innovaci\u00f3n en el sector de las energ\u00edas renovables\u00bb<\/span><\/i><span style=\"font-weight: 400;\">, lo cual refuerza la colaboraci\u00f3n y el impulso de iniciativas que transforman el panorama energ\u00e9tico y empresarial.<\/span><\/p>\n<p><span style=\"font-weight: 400;\">BNZ sigue comprometida con el desarrollo de proyectos que no solo generan energ\u00eda limpia, sino que tambi\u00e9n benefician a las comunidades locales. Adem\u00e1s, la compa\u00f1\u00eda gestiona activamente toda su cadena de producci\u00f3n, asegurando altos est\u00e1ndares de sostenibilidad y contribuyendo a la biodiversidad en las zonas donde opera.\u00a0<\/span><\/p>\n<p><span style=\"font-weight: 400;\">Con su incorporaci\u00f3n a CEOE, BNZ refuerza su apuesta por la creaci\u00f3n de empleo y por trabajar estrechamente con proveedores y comunidades para generar un impacto positivo y duradero en las econom\u00edas locales, garantizando el cumplimiento de las pol\u00edticas ambientales, sociales y de gobernanza (ESG).<\/span><\/p>\n","protected":false},"excerpt":{"rendered":"<p>BNZ, productor independiente de energ\u00eda (IPP) especializado en el desarrollo, construcci\u00f3n y operaci\u00f3n de proyectos de energ\u00eda renovable, ha anunciado su incorporaci\u00f3n a CEOE (Confederaci\u00f3n Espa\u00f1ola de Organizaciones Empresariales) como miembro asociado, reafirmando su compromiso con la transici\u00f3n energ\u00e9tica y el impulso hacia un futuro m\u00e1s verde para Espa\u00f1a y Europa. Con m\u00e1s de 1.7 [&hellip;]<\/p>\n","protected":false},"author":8,"featured_media":9233,"comment_status":"open","ping_status":"open","sticky":false,"template":"","format":"standard","meta":{"_acf_changed":false,"_et_pb_use_builder":"","_et_pb_old_content":"","_et_gb_content_width":"","footnotes":""},"categories":[58],"tags":[],"class_list":["post-9241","post","type-post","status-publish","format-standard","has-post-thumbnail","hentry","category-notas-de-prensa"],"acf":[],"yoast_head":"<!-- This site is optimized with the Yoast SEO plugin v26.6 - https:\/\/yoast.com\/wordpress\/plugins\/seo\/ -->\n<title>BNZ se incorpora a CEOE para fortalecer su compromiso con la transici\u00f3n energ\u00e9tica en Espa\u00f1a y Europa - BNZ<\/title>\n<meta name=\"robots\" content=\"index, follow, max-snippet:-1, max-image-preview:large, max-video-preview:-1\" \/>\n<link rel=\"canonical\" href=\"https:\/\/www.bnz.energy\/es\/bnz-se-incorpora-a-ceoe-para-fortalecer-su-compromiso-con-la-transicion-energetica-en-espana-y-europa\/\" \/>\n<meta property=\"og:locale\" content=\"es_ES\" \/>\n<meta property=\"og:type\" content=\"article\" \/>\n<meta property=\"og:title\" content=\"BNZ se incorpora a CEOE para fortalecer su compromiso con la transici\u00f3n energ\u00e9tica en Espa\u00f1a y Europa - BNZ\" \/>\n<meta property=\"og:description\" content=\"BNZ, productor independiente de energ\u00eda (IPP) especializado en el desarrollo, construcci\u00f3n y operaci\u00f3n de proyectos de energ\u00eda renovable, ha anunciado su incorporaci\u00f3n a CEOE (Confederaci\u00f3n Espa\u00f1ola de Organizaciones Empresariales) como miembro asociado, reafirmando su compromiso con la transici\u00f3n energ\u00e9tica y el impulso hacia un futuro m\u00e1s verde para Espa\u00f1a y Europa. Con m\u00e1s de 1.7 [&hellip;]\" \/>\n<meta property=\"og:url\" content=\"https:\/\/www.bnz.energy\/es\/bnz-se-incorpora-a-ceoe-para-fortalecer-su-compromiso-con-la-transicion-energetica-en-espana-y-europa\/\" \/>\n<meta property=\"og:site_name\" content=\"BNZ\" \/>\n<meta property=\"article:published_time\" content=\"2025-04-07T09:32:11+00:00\" \/>\n<meta property=\"og:image\" content=\"https:\/\/www.bnz.energy\/wp-content\/uploads\/2025\/04\/BNZ-scaled.jpg\" \/>\n\t<meta property=\"og:image:width\" content=\"2560\" \/>\n\t<meta property=\"og:image:height\" content=\"1785\" \/>\n\t<meta property=\"og:image:type\" content=\"image\/jpeg\" \/>\n<meta name=\"author\" content=\"rfeliu\" \/>\n<meta name=\"twitter:card\" content=\"summary_large_image\" \/>\n<meta name=\"twitter:label1\" content=\"Escrito por\" \/>\n\t<meta name=\"twitter:data1\" content=\"rfeliu\" \/>\n\t<meta name=\"twitter:label2\" content=\"Tiempo de lectura\" \/>\n\t<meta name=\"twitter:data2\" content=\"2 minutos\" \/>\n<script type=\"application\/ld+json\" class=\"yoast-schema-graph\">{\"@context\":\"https:\/\/schema.org\",\"@graph\":[{\"@type\":\"Article\",\"@id\":\"https:\/\/www.bnz.energy\/es\/bnz-se-incorpora-a-ceoe-para-fortalecer-su-compromiso-con-la-transicion-energetica-en-espana-y-europa\/#article\",\"isPartOf\":{\"@id\":\"https:\/\/www.bnz.energy\/es\/bnz-se-incorpora-a-ceoe-para-fortalecer-su-compromiso-con-la-transicion-energetica-en-espana-y-europa\/\"},\"author\":{\"name\":\"rfeliu\",\"@id\":\"https:\/\/www.bnz.energy\/#\/schema\/person\/30a0168daa9aceb70e107627f8ea37c1\"},\"headline\":\"BNZ se incorpora a CEOE para fortalecer su compromiso con la transici\u00f3n energ\u00e9tica en Espa\u00f1a y Europa\",\"datePublished\":\"2025-04-07T09:32:11+00:00\",\"mainEntityOfPage\":{\"@id\":\"https:\/\/www.bnz.energy\/es\/bnz-se-incorpora-a-ceoe-para-fortalecer-su-compromiso-con-la-transicion-energetica-en-espana-y-europa\/\"},\"wordCount\":392,\"commentCount\":0,\"publisher\":{\"@id\":\"https:\/\/www.bnz.energy\/#organization\"},\"image\":{\"@id\":\"https:\/\/www.bnz.energy\/es\/bnz-se-incorpora-a-ceoe-para-fortalecer-su-compromiso-con-la-transicion-energetica-en-espana-y-europa\/#primaryimage\"},\"thumbnailUrl\":\"https:\/\/www.bnz.energy\/wp-content\/uploads\/2025\/04\/BNZ-scaled.jpg\",\"articleSection\":[\"Notas de prensa\"],\"inLanguage\":\"es\",\"potentialAction\":[{\"@type\":\"CommentAction\",\"name\":\"Comment\",\"target\":[\"https:\/\/www.bnz.energy\/es\/bnz-se-incorpora-a-ceoe-para-fortalecer-su-compromiso-con-la-transicion-energetica-en-espana-y-europa\/#respond\"]}]},{\"@type\":\"WebPage\",\"@id\":\"https:\/\/www.bnz.energy\/es\/bnz-se-incorpora-a-ceoe-para-fortalecer-su-compromiso-con-la-transicion-energetica-en-espana-y-europa\/\",\"url\":\"https:\/\/www.bnz.energy\/es\/bnz-se-incorpora-a-ceoe-para-fortalecer-su-compromiso-con-la-transicion-energetica-en-espana-y-europa\/\",\"name\":\"BNZ se incorpora a CEOE para fortalecer su compromiso con la transici\u00f3n energ\u00e9tica en Espa\u00f1a y Europa - BNZ\",\"isPartOf\":{\"@id\":\"https:\/\/www.bnz.energy\/#website\"},\"primaryImageOfPage\":{\"@id\":\"https:\/\/www.bnz.energy\/es\/bnz-se-incorpora-a-ceoe-para-fortalecer-su-compromiso-con-la-transicion-energetica-en-espana-y-europa\/#primaryimage\"},\"image\":{\"@id\":\"https:\/\/www.bnz.energy\/es\/bnz-se-incorpora-a-ceoe-para-fortalecer-su-compromiso-con-la-transicion-energetica-en-espana-y-europa\/#primaryimage\"},\"thumbnailUrl\":\"https:\/\/www.bnz.energy\/wp-content\/uploads\/2025\/04\/BNZ-scaled.jpg\",\"datePublished\":\"2025-04-07T09:32:11+00:00\",\"breadcrumb\":{\"@id\":\"https:\/\/www.bnz.energy\/es\/bnz-se-incorpora-a-ceoe-para-fortalecer-su-compromiso-con-la-transicion-energetica-en-espana-y-europa\/#breadcrumb\"},\"inLanguage\":\"es\",\"potentialAction\":[{\"@type\":\"ReadAction\",\"target\":[\"https:\/\/www.bnz.energy\/es\/bnz-se-incorpora-a-ceoe-para-fortalecer-su-compromiso-con-la-transicion-energetica-en-espana-y-europa\/\"]}]},{\"@type\":\"ImageObject\",\"inLanguage\":\"es\",\"@id\":\"https:\/\/www.bnz.energy\/es\/bnz-se-incorpora-a-ceoe-para-fortalecer-su-compromiso-con-la-transicion-energetica-en-espana-y-europa\/#primaryimage\",\"url\":\"https:\/\/www.bnz.energy\/wp-content\/uploads\/2025\/04\/BNZ-scaled.jpg\",\"contentUrl\":\"https:\/\/www.bnz.energy\/wp-content\/uploads\/2025\/04\/BNZ-scaled.jpg\",\"width\":2560,\"height\":1785},{\"@type\":\"BreadcrumbList\",\"@id\":\"https:\/\/www.bnz.energy\/es\/bnz-se-incorpora-a-ceoe-para-fortalecer-su-compromiso-con-la-transicion-energetica-en-espana-y-europa\/#breadcrumb\",\"itemListElement\":[{\"@type\":\"ListItem\",\"position\":1,\"name\":\"Home\",\"item\":\"https:\/\/www.bnz.energy\/es\/\"},{\"@type\":\"ListItem\",\"position\":2,\"name\":\"BNZ se incorpora a CEOE para fortalecer su compromiso con la transici\u00f3n energ\u00e9tica en Espa\u00f1a y Europa\"}]},{\"@type\":\"WebSite\",\"@id\":\"https:\/\/www.bnz.energy\/#website\",\"url\":\"https:\/\/www.bnz.energy\/\",\"name\":\"BNZ\",\"description\":\"\",\"publisher\":{\"@id\":\"https:\/\/www.bnz.energy\/#organization\"},\"potentialAction\":[{\"@type\":\"SearchAction\",\"target\":{\"@type\":\"EntryPoint\",\"urlTemplate\":\"https:\/\/www.bnz.energy\/?s={search_term_string}\"},\"query-input\":{\"@type\":\"PropertyValueSpecification\",\"valueRequired\":true,\"valueName\":\"search_term_string\"}}],\"inLanguage\":\"es\"},{\"@type\":\"Organization\",\"@id\":\"https:\/\/www.bnz.energy\/#organization\",\"name\":\"BNZ\",\"url\":\"https:\/\/www.bnz.energy\/\",\"logo\":{\"@type\":\"ImageObject\",\"inLanguage\":\"es\",\"@id\":\"https:\/\/www.bnz.energy\/#\/schema\/logo\/image\/\",\"url\":\"https:\/\/www.bnz.energy\/wp-content\/uploads\/2024\/12\/Capa_1.svg\",\"contentUrl\":\"https:\/\/www.bnz.energy\/wp-content\/uploads\/2024\/12\/Capa_1.svg\",\"width\":1,\"height\":1,\"caption\":\"BNZ\"},\"image\":{\"@id\":\"https:\/\/www.bnz.energy\/#\/schema\/logo\/image\/\"},\"sameAs\":[\"https:\/\/www.linkedin.com\/company\/bnetzero\/\"]},{\"@type\":\"Person\",\"@id\":\"https:\/\/www.bnz.energy\/#\/schema\/person\/30a0168daa9aceb70e107627f8ea37c1\",\"name\":\"rfeliu\",\"image\":{\"@type\":\"ImageObject\",\"inLanguage\":\"es\",\"@id\":\"https:\/\/www.bnz.energy\/#\/schema\/person\/image\/\",\"url\":\"https:\/\/secure.gravatar.com\/avatar\/690759e9692c42d8c3567ba1b598071aa2360bf6971ef499d38767489effd4aa?s=96&d=mm&r=g\",\"contentUrl\":\"https:\/\/secure.gravatar.com\/avatar\/690759e9692c42d8c3567ba1b598071aa2360bf6971ef499d38767489effd4aa?s=96&d=mm&r=g\",\"caption\":\"rfeliu\"},\"url\":\"https:\/\/www.bnz.energy\/es\/author\/rfeliu\/\"}]}<\/script>\n<!-- \/ Yoast SEO plugin. -->","yoast_head_json":{"title":"BNZ se incorpora a CEOE para fortalecer su compromiso con la transici\u00f3n energ\u00e9tica en Espa\u00f1a y Europa - BNZ","robots":{"index":"index","follow":"follow","max-snippet":"max-snippet:-1","max-image-preview":"max-image-preview:large","max-video-preview":"max-video-preview:-1"},"canonical":"https:\/\/www.bnz.energy\/es\/bnz-se-incorpora-a-ceoe-para-fortalecer-su-compromiso-con-la-transicion-energetica-en-espana-y-europa\/","og_locale":"es_ES","og_type":"article","og_title":"BNZ se incorpora a CEOE para fortalecer su compromiso con la transici\u00f3n energ\u00e9tica en Espa\u00f1a y Europa - BNZ","og_description":"BNZ, productor independiente de energ\u00eda (IPP) especializado en el desarrollo, construcci\u00f3n y operaci\u00f3n de proyectos de energ\u00eda renovable, ha anunciado su incorporaci\u00f3n a CEOE (Confederaci\u00f3n Espa\u00f1ola de Organizaciones Empresariales) como miembro asociado, reafirmando su compromiso con la transici\u00f3n energ\u00e9tica y el impulso hacia un futuro m\u00e1s verde para Espa\u00f1a y Europa. Con m\u00e1s de 1.7 [&hellip;]","og_url":"https:\/\/www.bnz.energy\/es\/bnz-se-incorpora-a-ceoe-para-fortalecer-su-compromiso-con-la-transicion-energetica-en-espana-y-europa\/","og_site_name":"BNZ","article_published_time":"2025-04-07T09:32:11+00:00","og_image":[{"width":2560,"height":1785,"url":"https:\/\/www.bnz.energy\/wp-content\/uploads\/2025\/04\/BNZ-scaled.jpg","type":"image\/jpeg"}],"author":"rfeliu","twitter_card":"summary_large_image","twitter_misc":{"Escrito por":"rfeliu","Tiempo de lectura":"2 minutos"},"schema":{"@context":"https:\/\/schema.org","@graph":[{"@type":"Article","@id":"https:\/\/www.bnz.energy\/es\/bnz-se-incorpora-a-ceoe-para-fortalecer-su-compromiso-con-la-transicion-energetica-en-espana-y-europa\/#article","isPartOf":{"@id":"https:\/\/www.bnz.energy\/es\/bnz-se-incorpora-a-ceoe-para-fortalecer-su-compromiso-con-la-transicion-energetica-en-espana-y-europa\/"},"author":{"name":"rfeliu","@id":"https:\/\/www.bnz.energy\/#\/schema\/person\/30a0168daa9aceb70e107627f8ea37c1"},"headline":"BNZ se incorpora a CEOE para fortalecer su compromiso con la transici\u00f3n energ\u00e9tica en Espa\u00f1a y Europa","datePublished":"2025-04-07T09:32:11+00:00","mainEntityOfPage":{"@id":"https:\/\/www.bnz.energy\/es\/bnz-se-incorpora-a-ceoe-para-fortalecer-su-compromiso-con-la-transicion-energetica-en-espana-y-europa\/"},"wordCount":392,"commentCount":0,"publisher":{"@id":"https:\/\/www.bnz.energy\/#organization"},"image":{"@id":"https:\/\/www.bnz.energy\/es\/bnz-se-incorpora-a-ceoe-para-fortalecer-su-compromiso-con-la-transicion-energetica-en-espana-y-europa\/#primaryimage"},"thumbnailUrl":"https:\/\/www.bnz.energy\/wp-content\/uploads\/2025\/04\/BNZ-scaled.jpg","articleSection":["Notas de prensa"],"inLanguage":"es","potentialAction":[{"@type":"CommentAction","name":"Comment","target":["https:\/\/www.bnz.energy\/es\/bnz-se-incorpora-a-ceoe-para-fortalecer-su-compromiso-con-la-transicion-energetica-en-espana-y-europa\/#respond"]}]},{"@type":"WebPage","@id":"https:\/\/www.bnz.energy\/es\/bnz-se-incorpora-a-ceoe-para-fortalecer-su-compromiso-con-la-transicion-energetica-en-espana-y-europa\/","url":"https:\/\/www.bnz.energy\/es\/bnz-se-incorpora-a-ceoe-para-fortalecer-su-compromiso-con-la-transicion-energetica-en-espana-y-europa\/","name":"BNZ se incorpora a CEOE para fortalecer su compromiso con la transici\u00f3n energ\u00e9tica en Espa\u00f1a y Europa - BNZ","isPartOf":{"@id":"https:\/\/www.bnz.energy\/#website"},"primaryImageOfPage":{"@id":"https:\/\/www.bnz.energy\/es\/bnz-se-incorpora-a-ceoe-para-fortalecer-su-compromiso-con-la-transicion-energetica-en-espana-y-europa\/#primaryimage"},"image":{"@id":"https:\/\/www.bnz.energy\/es\/bnz-se-incorpora-a-ceoe-para-fortalecer-su-compromiso-con-la-transicion-energetica-en-espana-y-europa\/#primaryimage"},"thumbnailUrl":"https:\/\/www.bnz.energy\/wp-content\/uploads\/2025\/04\/BNZ-scaled.jpg","datePublished":"2025-04-07T09:32:11+00:00","breadcrumb":{"@id":"https:\/\/www.bnz.energy\/es\/bnz-se-incorpora-a-ceoe-para-fortalecer-su-compromiso-con-la-transicion-energetica-en-espana-y-europa\/#breadcrumb"},"inLanguage":"es","potentialAction":[{"@type":"ReadAction","target":["https:\/\/www.bnz.energy\/es\/bnz-se-incorpora-a-ceoe-para-fortalecer-su-compromiso-con-la-transicion-energetica-en-espana-y-europa\/"]}]},{"@type":"ImageObject","inLanguage":"es","@id":"https:\/\/www.bnz.energy\/es\/bnz-se-incorpora-a-ceoe-para-fortalecer-su-compromiso-con-la-transicion-energetica-en-espana-y-europa\/#primaryimage","url":"https:\/\/www.bnz.energy\/wp-content\/uploads\/2025\/04\/BNZ-scaled.jpg","contentUrl":"https:\/\/www.bnz.energy\/wp-content\/uploads\/2025\/04\/BNZ-scaled.jpg","width":2560,"height":1785},{"@type":"BreadcrumbList","@id":"https:\/\/www.bnz.energy\/es\/bnz-se-incorpora-a-ceoe-para-fortalecer-su-compromiso-con-la-transicion-energetica-en-espana-y-europa\/#breadcrumb","itemListElement":[{"@type":"ListItem","position":1,"name":"Home","item":"https:\/\/www.bnz.energy\/es\/"},{"@type":"ListItem","position":2,"name":"BNZ se incorpora a CEOE para fortalecer su compromiso con la transici\u00f3n energ\u00e9tica en Espa\u00f1a y Europa"}]},{"@type":"WebSite","@id":"https:\/\/www.bnz.energy\/#website","url":"https:\/\/www.bnz.energy\/","name":"BNZ","description":"","publisher":{"@id":"https:\/\/www.bnz.energy\/#organization"},"potentialAction":[{"@type":"SearchAction","target":{"@type":"EntryPoint","urlTemplate":"https:\/\/www.bnz.energy\/?s={search_term_string}"},"query-input":{"@type":"PropertyValueSpecification","valueRequired":true,"valueName":"search_term_string"}}],"inLanguage":"es"},{"@type":"Organization","@id":"https:\/\/www.bnz.energy\/#organization","name":"BNZ","url":"https:\/\/www.bnz.energy\/","logo":{"@type":"ImageObject","inLanguage":"es","@id":"https:\/\/www.bnz.energy\/#\/schema\/logo\/image\/","url":"https:\/\/www.bnz.energy\/wp-content\/uploads\/2024\/12\/Capa_1.svg","contentUrl":"https:\/\/www.bnz.energy\/wp-content\/uploads\/2024\/12\/Capa_1.svg","width":1,"height":1,"caption":"BNZ"},"image":{"@id":"https:\/\/www.bnz.energy\/#\/schema\/logo\/image\/"},"sameAs":["https:\/\/www.linkedin.com\/company\/bnetzero\/"]},{"@type":"Person","@id":"https:\/\/www.bnz.energy\/#\/schema\/person\/30a0168daa9aceb70e107627f8ea37c1","name":"rfeliu","image":{"@type":"ImageObject","inLanguage":"es","@id":"https:\/\/www.bnz.energy\/#\/schema\/person\/image\/","url":"https:\/\/secure.gravatar.com\/avatar\/690759e9692c42d8c3567ba1b598071aa2360bf6971ef499d38767489effd4aa?s=96&d=mm&r=g","contentUrl":"https:\/\/secure.gravatar.com\/avatar\/690759e9692c42d8c3567ba1b598071aa2360bf6971ef499d38767489effd4aa?s=96&d=mm&r=g","caption":"rfeliu"},"url":"https:\/\/www.bnz.energy\/es\/author\/rfeliu\/"}]}},"_links":{"self":[{"href":"https:\/\/www.bnz.energy\/es\/wp-json\/wp\/v2\/posts\/9241","targetHints":{"allow":["GET"]}}],"collection":[{"href":"https:\/\/www.bnz.energy\/es\/wp-json\/wp\/v2\/posts"}],"about":[{"href":"https:\/\/www.bnz.energy\/es\/wp-json\/wp\/v2\/types\/post"}],"author":[{"embeddable":true,"href":"https:\/\/www.bnz.energy\/es\/wp-json\/wp\/v2\/users\/8"}],"replies":[{"embeddable":true,"href":"https:\/\/www.bnz.energy\/es\/wp-json\/wp\/v2\/comments?post=9241"}],"version-history":[{"count":1,"href":"https:\/\/www.bnz.energy\/es\/wp-json\/wp\/v2\/posts\/9241\/revisions"}],"predecessor-version":[{"id":9242,"href":"https:\/\/www.bnz.energy\/es\/wp-json\/wp\/v2\/posts\/9241\/revisions\/9242"}],"wp:featuredmedia":[{"embeddable":true,"href":"https:\/\/www.bnz.energy\/es\/wp-json\/wp\/v2\/media\/9233"}],"wp:attachment":[{"href":"https:\/\/www.bnz.energy\/es\/wp-json\/wp\/v2\/media?parent=9241"}],"wp:term":[{"taxonomy":"category","embeddable":true,"href":"https:\/\/www.bnz.energy\/es\/wp-json\/wp\/v2\/categories?post=9241"},{"taxonomy":"post_tag","embeddable":true,"href":"https:\/\/www.bnz.energy\/es\/wp-json\/wp\/v2\/tags?post=9241"}],"curies":[{"name":"wp","href":"https:\/\/api.w.org\/{rel}","templated":true}]}}