{"id":2181,"date":"2022-06-02T11:22:46","date_gmt":"2022-06-02T11:22:46","guid":{"rendered":"https:\/\/www.bnz.energy\/?p=2181"},"modified":"2025-02-17T12:25:57","modified_gmt":"2025-02-17T12:25:57","slug":"el-anuncio-de-la-planta-solar-fotovoltaica-de-49-mw-en-la-region-norte-portugal-en-prensa","status":"publish","type":"post","link":"https:\/\/www.bnz.energy\/es\/el-anuncio-de-la-planta-solar-fotovoltaica-de-49-mw-en-la-region-norte-portugal-en-prensa\/","title":{"rendered":"El anuncio de la planta solar fotovoltaica de 49 MW en la Regi\u00f3n Norte &#8211; Portugal en prensa"},"content":{"rendered":"<p><span style=\"font-weight: 400;\">Tras el reciente anuncio de BNZ, productor de energ\u00eda independiente, sobre la obtenci\u00f3n de la autorizaci\u00f3n para construir una planta solar fotovoltaica en la Regi\u00f3n Norte de Portugal, la compa\u00f1\u00eda se prepara para iniciar la construcci\u00f3n de su primera instalaci\u00f3n en el pa\u00eds. <a href=\"https:\/\/www.bnz.energy\/es\/bnz-construira-una-planta-solar-fotovoltaica-de-49-mw-en-la-region-norte-portugal\/\">Esta planta, ubicada en la comunidad intermunicipal de Ave, tendr\u00e1 una capacidad instalada de 49 MWp.<\/a><\/span><\/p>\n<p><span style=\"font-weight: 400;\">La planta en Ave contribuir\u00e1 significativamente a la producci\u00f3n de energ\u00eda limpia, con la capacidad de abastecer las necesidades el\u00e9ctricas anuales de unas 14.000 personas, aproximadamente un tercio de la poblaci\u00f3n de \u00c9vora. Adem\u00e1s, se estima que evitar\u00e1 la emisi\u00f3n de 21.500 toneladas de CO2 al a\u00f1o, equivalente a unos 37.000 vuelos de ida y vuelta entre Lisboa y Londres.<\/span><\/p>\n<p><span style=\"font-weight: 400;\">Este proyecto tambi\u00e9n tiene un impacto positivo en el empleo, ya que se espera la creaci\u00f3n de entre 270 y 370 puestos de trabajo directos e indirectos hasta el a\u00f1o 2024. La producci\u00f3n de energ\u00eda solar asequible y confiable contribuir\u00e1 a la independencia energ\u00e9tica y la seguridad de suministro, reduciendo la necesidad de importar combustibles f\u00f3siles como el gas natural.<\/span><\/p>\n<p><span style=\"font-weight: 400;\">La importancia de este hito en la regi\u00f3n no ha pasado desapercibida, generando un eco significativo en los medios de comunicaci\u00f3n a nivel nacional e internacional, especialmente en los medios portugueses como; \u00a0<a href=\"https:\/\/eco.sapo.pt\/2023\/03\/08\/central-fotovoltaica-de-valongo-i-com-parecer-favoravel-condicionado-da-apa\/\">ECO &#8211; Economia Online<\/a>, <a href=\"https:\/\/www.dnoticias.pt\/2023\/7\/26\/369426-jornais-nacionais-com-olhares-distintos-da-politica-a-justica-e-a-economia\/\">Di\u00e1rio de Not\u00edcias da Madeira Online<\/a>, <a href=\"https:\/\/www.essential-business.pt\/2023\/07\/26\/bnz-invests-e450m-in-solar-parques\/\">Essential Business Online<\/a>, <a href=\"https:\/\/www.jornaldenegocios.pt\/empresas\/energia\/detalhe\/bnz-tem-450-milhoes-para-nove-centrais-solares-em-portugal\">Neg\u00f3cios<\/a>, y\u00a0<a href=\"https:\/\/www.ambientemagazine.com\/ambipress-as-noticias-que-mais-marcaram-a-semana-13\/\">Ambiente Magazine Online<\/a>,<\/span><span style=\"font-weight: 400;\">\u00a0entre otros.<\/span><\/p>\n","protected":false},"excerpt":{"rendered":"<p>Tras el reciente anuncio de BNZ, productor de energ\u00eda independiente, sobre la obtenci\u00f3n de la autorizaci\u00f3n para construir una planta solar fotovoltaica en la Regi\u00f3n Norte de Portugal, la compa\u00f1\u00eda se prepara para iniciar la construcci\u00f3n de su primera instalaci\u00f3n en el pa\u00eds. Esta planta, ubicada en la comunidad intermunicipal de Ave, tendr\u00e1 una capacidad [&hellip;]<\/p>\n","protected":false},"author":1,"featured_media":4588,"comment_status":"closed","ping_status":"closed","sticky":false,"template":"","format":"standard","meta":{"_acf_changed":false,"_et_pb_use_builder":"","_et_pb_old_content":"","_et_gb_content_width":"","footnotes":""},"categories":[50,58,62],"tags":[],"class_list":["post-2181","post","type-post","status-publish","format-standard","has-post-thumbnail","hentry","category-aparicion-en-medios","category-notas-de-prensa","category-proyectos"],"acf":[],"yoast_head":"<!-- This site is optimized with the Yoast SEO plugin v26.6 - https:\/\/yoast.com\/wordpress\/plugins\/seo\/ -->\n<title>El anuncio de la planta solar fotovoltaica de 49 MW en la Regi\u00f3n Norte - Portugal en prensa - BNZ<\/title>\n<meta name=\"robots\" content=\"index, follow, max-snippet:-1, max-image-preview:large, max-video-preview:-1\" \/>\n<link rel=\"canonical\" href=\"https:\/\/www.bnz.energy\/the-announcement-of-the-49mw-solar-pv-plant-in-the-north-region-portugal-on-media\/\" \/>\n<meta property=\"og:locale\" content=\"es_ES\" \/>\n<meta property=\"og:type\" content=\"article\" \/>\n<meta property=\"og:title\" content=\"El anuncio de la planta solar fotovoltaica de 49 MW en la Regi\u00f3n Norte - Portugal en prensa - BNZ\" \/>\n<meta property=\"og:description\" content=\"Tras el reciente anuncio de BNZ, productor de energ\u00eda independiente, sobre la obtenci\u00f3n de la autorizaci\u00f3n para construir una planta solar fotovoltaica en la Regi\u00f3n Norte de Portugal, la compa\u00f1\u00eda se prepara para iniciar la construcci\u00f3n de su primera instalaci\u00f3n en el pa\u00eds. Esta planta, ubicada en la comunidad intermunicipal de Ave, tendr\u00e1 una capacidad [&hellip;]\" \/>\n<meta property=\"og:url\" content=\"https:\/\/www.bnz.energy\/the-announcement-of-the-49mw-solar-pv-plant-in-the-north-region-portugal-on-media\/\" \/>\n<meta property=\"og:site_name\" content=\"BNZ\" \/>\n<meta property=\"article:published_time\" content=\"2022-06-02T11:22:46+00:00\" \/>\n<meta property=\"article:modified_time\" content=\"2025-02-17T12:25:57+00:00\" \/>\n<meta property=\"og:image\" content=\"https:\/\/www.bnz.energy\/wp-content\/uploads\/2022\/06\/PRESS-ROOM_2022_4_JUNE_The-announcement-of-the-49MW-solar-PV-plant-in-Portugal-on-media-1.jpg\" \/>\n\t<meta property=\"og:image:width\" content=\"817\" \/>\n\t<meta property=\"og:image:height\" content=\"619\" \/>\n\t<meta property=\"og:image:type\" content=\"image\/jpeg\" \/>\n<meta name=\"author\" content=\"admin_bnz\" \/>\n<meta name=\"twitter:card\" content=\"summary_large_image\" \/>\n<meta name=\"twitter:label1\" content=\"Escrito por\" \/>\n\t<meta name=\"twitter:data1\" content=\"admin_bnz\" \/>\n\t<meta name=\"twitter:label2\" content=\"Tiempo de lectura\" \/>\n\t<meta name=\"twitter:data2\" content=\"1 minuto\" \/>\n<script type=\"application\/ld+json\" class=\"yoast-schema-graph\">{\"@context\":\"https:\/\/schema.org\",\"@graph\":[{\"@type\":\"Article\",\"@id\":\"https:\/\/www.bnz.energy\/the-announcement-of-the-49mw-solar-pv-plant-in-the-north-region-portugal-on-media\/#article\",\"isPartOf\":{\"@id\":\"https:\/\/www.bnz.energy\/the-announcement-of-the-49mw-solar-pv-plant-in-the-north-region-portugal-on-media\/\"},\"author\":{\"name\":\"admin_bnz\",\"@id\":\"https:\/\/www.bnz.energy\/#\/schema\/person\/e358b3214b1b4a9b443d49305c239bbe\"},\"headline\":\"El anuncio de la planta solar fotovoltaica de 49 MW en la Regi\u00f3n Norte &#8211; Portugal en prensa\",\"datePublished\":\"2022-06-02T11:22:46+00:00\",\"dateModified\":\"2025-02-17T12:25:57+00:00\",\"mainEntityOfPage\":{\"@id\":\"https:\/\/www.bnz.energy\/the-announcement-of-the-49mw-solar-pv-plant-in-the-north-region-portugal-on-media\/\"},\"wordCount\":269,\"publisher\":{\"@id\":\"https:\/\/www.bnz.energy\/#organization\"},\"image\":{\"@id\":\"https:\/\/www.bnz.energy\/the-announcement-of-the-49mw-solar-pv-plant-in-the-north-region-portugal-on-media\/#primaryimage\"},\"thumbnailUrl\":\"https:\/\/www.bnz.energy\/wp-content\/uploads\/2022\/06\/PRESS-ROOM_2022_4_JUNE_The-announcement-of-the-49MW-solar-PV-plant-in-Portugal-on-media-1.jpg\",\"articleSection\":[\"Aparici\u00f3n en medios\",\"Notas de prensa\",\"Proyectos\"],\"inLanguage\":\"es\"},{\"@type\":\"WebPage\",\"@id\":\"https:\/\/www.bnz.energy\/the-announcement-of-the-49mw-solar-pv-plant-in-the-north-region-portugal-on-media\/\",\"url\":\"https:\/\/www.bnz.energy\/the-announcement-of-the-49mw-solar-pv-plant-in-the-north-region-portugal-on-media\/\",\"name\":\"El anuncio de la planta solar fotovoltaica de 49 MW en la Regi\u00f3n Norte - Portugal en prensa - BNZ\",\"isPartOf\":{\"@id\":\"https:\/\/www.bnz.energy\/#website\"},\"primaryImageOfPage\":{\"@id\":\"https:\/\/www.bnz.energy\/the-announcement-of-the-49mw-solar-pv-plant-in-the-north-region-portugal-on-media\/#primaryimage\"},\"image\":{\"@id\":\"https:\/\/www.bnz.energy\/the-announcement-of-the-49mw-solar-pv-plant-in-the-north-region-portugal-on-media\/#primaryimage\"},\"thumbnailUrl\":\"https:\/\/www.bnz.energy\/wp-content\/uploads\/2022\/06\/PRESS-ROOM_2022_4_JUNE_The-announcement-of-the-49MW-solar-PV-plant-in-Portugal-on-media-1.jpg\",\"datePublished\":\"2022-06-02T11:22:46+00:00\",\"dateModified\":\"2025-02-17T12:25:57+00:00\",\"breadcrumb\":{\"@id\":\"https:\/\/www.bnz.energy\/the-announcement-of-the-49mw-solar-pv-plant-in-the-north-region-portugal-on-media\/#breadcrumb\"},\"inLanguage\":\"es\",\"potentialAction\":[{\"@type\":\"ReadAction\",\"target\":[\"https:\/\/www.bnz.energy\/the-announcement-of-the-49mw-solar-pv-plant-in-the-north-region-portugal-on-media\/\"]}]},{\"@type\":\"ImageObject\",\"inLanguage\":\"es\",\"@id\":\"https:\/\/www.bnz.energy\/the-announcement-of-the-49mw-solar-pv-plant-in-the-north-region-portugal-on-media\/#primaryimage\",\"url\":\"https:\/\/www.bnz.energy\/wp-content\/uploads\/2022\/06\/PRESS-ROOM_2022_4_JUNE_The-announcement-of-the-49MW-solar-PV-plant-in-Portugal-on-media-1.jpg\",\"contentUrl\":\"https:\/\/www.bnz.energy\/wp-content\/uploads\/2022\/06\/PRESS-ROOM_2022_4_JUNE_The-announcement-of-the-49MW-solar-PV-plant-in-Portugal-on-media-1.jpg\",\"width\":817,\"height\":619},{\"@type\":\"BreadcrumbList\",\"@id\":\"https:\/\/www.bnz.energy\/the-announcement-of-the-49mw-solar-pv-plant-in-the-north-region-portugal-on-media\/#breadcrumb\",\"itemListElement\":[{\"@type\":\"ListItem\",\"position\":1,\"name\":\"Home\",\"item\":\"https:\/\/www.bnz.energy\/es\/\"},{\"@type\":\"ListItem\",\"position\":2,\"name\":\"El anuncio de la planta solar fotovoltaica de 49 MW en la Regi\u00f3n Norte &#8211; Portugal en prensa\"}]},{\"@type\":\"WebSite\",\"@id\":\"https:\/\/www.bnz.energy\/#website\",\"url\":\"https:\/\/www.bnz.energy\/\",\"name\":\"BNZ\",\"description\":\"\",\"publisher\":{\"@id\":\"https:\/\/www.bnz.energy\/#organization\"},\"potentialAction\":[{\"@type\":\"SearchAction\",\"target\":{\"@type\":\"EntryPoint\",\"urlTemplate\":\"https:\/\/www.bnz.energy\/?s={search_term_string}\"},\"query-input\":{\"@type\":\"PropertyValueSpecification\",\"valueRequired\":true,\"valueName\":\"search_term_string\"}}],\"inLanguage\":\"es\"},{\"@type\":\"Organization\",\"@id\":\"https:\/\/www.bnz.energy\/#organization\",\"name\":\"BNZ\",\"url\":\"https:\/\/www.bnz.energy\/\",\"logo\":{\"@type\":\"ImageObject\",\"inLanguage\":\"es\",\"@id\":\"https:\/\/www.bnz.energy\/#\/schema\/logo\/image\/\",\"url\":\"https:\/\/www.bnz.energy\/wp-content\/uploads\/2024\/12\/Capa_1.svg\",\"contentUrl\":\"https:\/\/www.bnz.energy\/wp-content\/uploads\/2024\/12\/Capa_1.svg\",\"width\":1,\"height\":1,\"caption\":\"BNZ\"},\"image\":{\"@id\":\"https:\/\/www.bnz.energy\/#\/schema\/logo\/image\/\"},\"sameAs\":[\"https:\/\/www.linkedin.com\/company\/bnetzero\/\"]},{\"@type\":\"Person\",\"@id\":\"https:\/\/www.bnz.energy\/#\/schema\/person\/e358b3214b1b4a9b443d49305c239bbe\",\"name\":\"admin_bnz\",\"image\":{\"@type\":\"ImageObject\",\"inLanguage\":\"es\",\"@id\":\"https:\/\/www.bnz.energy\/#\/schema\/person\/image\/\",\"url\":\"https:\/\/secure.gravatar.com\/avatar\/cc90964e5c0de17136af9d9d3171efa5c21c920531a6aaa763a62c13f62ec30a?s=96&d=mm&r=g\",\"contentUrl\":\"https:\/\/secure.gravatar.com\/avatar\/cc90964e5c0de17136af9d9d3171efa5c21c920531a6aaa763a62c13f62ec30a?s=96&d=mm&r=g\",\"caption\":\"admin_bnz\"},\"sameAs\":[\"https:\/\/www.bnz.energy\"],\"url\":\"https:\/\/www.bnz.energy\/es\/author\/admin_bnz\/\"}]}<\/script>\n<!-- \/ Yoast SEO plugin. -->","yoast_head_json":{"title":"El anuncio de la planta solar fotovoltaica de 49 MW en la Regi\u00f3n Norte - Portugal en prensa - BNZ","robots":{"index":"index","follow":"follow","max-snippet":"max-snippet:-1","max-image-preview":"max-image-preview:large","max-video-preview":"max-video-preview:-1"},"canonical":"https:\/\/www.bnz.energy\/the-announcement-of-the-49mw-solar-pv-plant-in-the-north-region-portugal-on-media\/","og_locale":"es_ES","og_type":"article","og_title":"El anuncio de la planta solar fotovoltaica de 49 MW en la Regi\u00f3n Norte - Portugal en prensa - BNZ","og_description":"Tras el reciente anuncio de BNZ, productor de energ\u00eda independiente, sobre la obtenci\u00f3n de la autorizaci\u00f3n para construir una planta solar fotovoltaica en la Regi\u00f3n Norte de Portugal, la compa\u00f1\u00eda se prepara para iniciar la construcci\u00f3n de su primera instalaci\u00f3n en el pa\u00eds. Esta planta, ubicada en la comunidad intermunicipal de Ave, tendr\u00e1 una capacidad [&hellip;]","og_url":"https:\/\/www.bnz.energy\/the-announcement-of-the-49mw-solar-pv-plant-in-the-north-region-portugal-on-media\/","og_site_name":"BNZ","article_published_time":"2022-06-02T11:22:46+00:00","article_modified_time":"2025-02-17T12:25:57+00:00","og_image":[{"width":817,"height":619,"url":"https:\/\/www.bnz.energy\/wp-content\/uploads\/2022\/06\/PRESS-ROOM_2022_4_JUNE_The-announcement-of-the-49MW-solar-PV-plant-in-Portugal-on-media-1.jpg","type":"image\/jpeg"}],"author":"admin_bnz","twitter_card":"summary_large_image","twitter_misc":{"Escrito por":"admin_bnz","Tiempo de lectura":"1 minuto"},"schema":{"@context":"https:\/\/schema.org","@graph":[{"@type":"Article","@id":"https:\/\/www.bnz.energy\/the-announcement-of-the-49mw-solar-pv-plant-in-the-north-region-portugal-on-media\/#article","isPartOf":{"@id":"https:\/\/www.bnz.energy\/the-announcement-of-the-49mw-solar-pv-plant-in-the-north-region-portugal-on-media\/"},"author":{"name":"admin_bnz","@id":"https:\/\/www.bnz.energy\/#\/schema\/person\/e358b3214b1b4a9b443d49305c239bbe"},"headline":"El anuncio de la planta solar fotovoltaica de 49 MW en la Regi\u00f3n Norte &#8211; Portugal en prensa","datePublished":"2022-06-02T11:22:46+00:00","dateModified":"2025-02-17T12:25:57+00:00","mainEntityOfPage":{"@id":"https:\/\/www.bnz.energy\/the-announcement-of-the-49mw-solar-pv-plant-in-the-north-region-portugal-on-media\/"},"wordCount":269,"publisher":{"@id":"https:\/\/www.bnz.energy\/#organization"},"image":{"@id":"https:\/\/www.bnz.energy\/the-announcement-of-the-49mw-solar-pv-plant-in-the-north-region-portugal-on-media\/#primaryimage"},"thumbnailUrl":"https:\/\/www.bnz.energy\/wp-content\/uploads\/2022\/06\/PRESS-ROOM_2022_4_JUNE_The-announcement-of-the-49MW-solar-PV-plant-in-Portugal-on-media-1.jpg","articleSection":["Aparici\u00f3n en medios","Notas de prensa","Proyectos"],"inLanguage":"es"},{"@type":"WebPage","@id":"https:\/\/www.bnz.energy\/the-announcement-of-the-49mw-solar-pv-plant-in-the-north-region-portugal-on-media\/","url":"https:\/\/www.bnz.energy\/the-announcement-of-the-49mw-solar-pv-plant-in-the-north-region-portugal-on-media\/","name":"El anuncio de la planta solar fotovoltaica de 49 MW en la Regi\u00f3n Norte - Portugal en prensa - BNZ","isPartOf":{"@id":"https:\/\/www.bnz.energy\/#website"},"primaryImageOfPage":{"@id":"https:\/\/www.bnz.energy\/the-announcement-of-the-49mw-solar-pv-plant-in-the-north-region-portugal-on-media\/#primaryimage"},"image":{"@id":"https:\/\/www.bnz.energy\/the-announcement-of-the-49mw-solar-pv-plant-in-the-north-region-portugal-on-media\/#primaryimage"},"thumbnailUrl":"https:\/\/www.bnz.energy\/wp-content\/uploads\/2022\/06\/PRESS-ROOM_2022_4_JUNE_The-announcement-of-the-49MW-solar-PV-plant-in-Portugal-on-media-1.jpg","datePublished":"2022-06-02T11:22:46+00:00","dateModified":"2025-02-17T12:25:57+00:00","breadcrumb":{"@id":"https:\/\/www.bnz.energy\/the-announcement-of-the-49mw-solar-pv-plant-in-the-north-region-portugal-on-media\/#breadcrumb"},"inLanguage":"es","potentialAction":[{"@type":"ReadAction","target":["https:\/\/www.bnz.energy\/the-announcement-of-the-49mw-solar-pv-plant-in-the-north-region-portugal-on-media\/"]}]},{"@type":"ImageObject","inLanguage":"es","@id":"https:\/\/www.bnz.energy\/the-announcement-of-the-49mw-solar-pv-plant-in-the-north-region-portugal-on-media\/#primaryimage","url":"https:\/\/www.bnz.energy\/wp-content\/uploads\/2022\/06\/PRESS-ROOM_2022_4_JUNE_The-announcement-of-the-49MW-solar-PV-plant-in-Portugal-on-media-1.jpg","contentUrl":"https:\/\/www.bnz.energy\/wp-content\/uploads\/2022\/06\/PRESS-ROOM_2022_4_JUNE_The-announcement-of-the-49MW-solar-PV-plant-in-Portugal-on-media-1.jpg","width":817,"height":619},{"@type":"BreadcrumbList","@id":"https:\/\/www.bnz.energy\/the-announcement-of-the-49mw-solar-pv-plant-in-the-north-region-portugal-on-media\/#breadcrumb","itemListElement":[{"@type":"ListItem","position":1,"name":"Home","item":"https:\/\/www.bnz.energy\/es\/"},{"@type":"ListItem","position":2,"name":"El anuncio de la planta solar fotovoltaica de 49 MW en la Regi\u00f3n Norte &#8211; Portugal en prensa"}]},{"@type":"WebSite","@id":"https:\/\/www.bnz.energy\/#website","url":"https:\/\/www.bnz.energy\/","name":"BNZ","description":"","publisher":{"@id":"https:\/\/www.bnz.energy\/#organization"},"potentialAction":[{"@type":"SearchAction","target":{"@type":"EntryPoint","urlTemplate":"https:\/\/www.bnz.energy\/?s={search_term_string}"},"query-input":{"@type":"PropertyValueSpecification","valueRequired":true,"valueName":"search_term_string"}}],"inLanguage":"es"},{"@type":"Organization","@id":"https:\/\/www.bnz.energy\/#organization","name":"BNZ","url":"https:\/\/www.bnz.energy\/","logo":{"@type":"ImageObject","inLanguage":"es","@id":"https:\/\/www.bnz.energy\/#\/schema\/logo\/image\/","url":"https:\/\/www.bnz.energy\/wp-content\/uploads\/2024\/12\/Capa_1.svg","contentUrl":"https:\/\/www.bnz.energy\/wp-content\/uploads\/2024\/12\/Capa_1.svg","width":1,"height":1,"caption":"BNZ"},"image":{"@id":"https:\/\/www.bnz.energy\/#\/schema\/logo\/image\/"},"sameAs":["https:\/\/www.linkedin.com\/company\/bnetzero\/"]},{"@type":"Person","@id":"https:\/\/www.bnz.energy\/#\/schema\/person\/e358b3214b1b4a9b443d49305c239bbe","name":"admin_bnz","image":{"@type":"ImageObject","inLanguage":"es","@id":"https:\/\/www.bnz.energy\/#\/schema\/person\/image\/","url":"https:\/\/secure.gravatar.com\/avatar\/cc90964e5c0de17136af9d9d3171efa5c21c920531a6aaa763a62c13f62ec30a?s=96&d=mm&r=g","contentUrl":"https:\/\/secure.gravatar.com\/avatar\/cc90964e5c0de17136af9d9d3171efa5c21c920531a6aaa763a62c13f62ec30a?s=96&d=mm&r=g","caption":"admin_bnz"},"sameAs":["https:\/\/www.bnz.energy"],"url":"https:\/\/www.bnz.energy\/es\/author\/admin_bnz\/"}]}},"_links":{"self":[{"href":"https:\/\/www.bnz.energy\/es\/wp-json\/wp\/v2\/posts\/2181","targetHints":{"allow":["GET"]}}],"collection":[{"href":"https:\/\/www.bnz.energy\/es\/wp-json\/wp\/v2\/posts"}],"about":[{"href":"https:\/\/www.bnz.energy\/es\/wp-json\/wp\/v2\/types\/post"}],"author":[{"embeddable":true,"href":"https:\/\/www.bnz.energy\/es\/wp-json\/wp\/v2\/users\/1"}],"replies":[{"embeddable":true,"href":"https:\/\/www.bnz.energy\/es\/wp-json\/wp\/v2\/comments?post=2181"}],"version-history":[{"count":1,"href":"https:\/\/www.bnz.energy\/es\/wp-json\/wp\/v2\/posts\/2181\/revisions"}],"predecessor-version":[{"id":6888,"href":"https:\/\/www.bnz.energy\/es\/wp-json\/wp\/v2\/posts\/2181\/revisions\/6888"}],"wp:featuredmedia":[{"embeddable":true,"href":"https:\/\/www.bnz.energy\/es\/wp-json\/wp\/v2\/media\/4588"}],"wp:attachment":[{"href":"https:\/\/www.bnz.energy\/es\/wp-json\/wp\/v2\/media?parent=2181"}],"wp:term":[{"taxonomy":"category","embeddable":true,"href":"https:\/\/www.bnz.energy\/es\/wp-json\/wp\/v2\/categories?post=2181"},{"taxonomy":"post_tag","embeddable":true,"href":"https:\/\/www.bnz.energy\/es\/wp-json\/wp\/v2\/tags?post=2181"}],"curies":[{"name":"wp","href":"https:\/\/api.w.org\/{rel}","templated":true}]}}