{"id":2170,"date":"2023-09-10T10:35:41","date_gmt":"2023-09-10T10:35:41","guid":{"rendered":"https:\/\/www.bnz.energy\/?p=2170"},"modified":"2025-02-17T11:26:10","modified_gmt":"2025-02-17T11:26:10","slug":"bnz-en-el-viii-foro-de-energia-en-prensa","status":"publish","type":"post","link":"https:\/\/www.bnz.energy\/es\/bnz-en-el-viii-foro-de-energia-en-prensa\/","title":{"rendered":"BNZ en el \u00abVIII Foro de Energ\u00eda\u00bb en prensa"},"content":{"rendered":"<p>El 7 de septiembre de 2023, se llev\u00f3 a cabo la octava edici\u00f3n del Foro de Energ\u00eda de elEconomista, enfocado en la evaluaci\u00f3n del Plan Nacional de Energ\u00eda y Clima. Este evento congreg\u00f3 a CEOs y directores de las principales empresas energ\u00e9ticas del pa\u00eds, quienes participaron en siete mesas de debate. Expertos discutieron diversos temas, como la generaci\u00f3n de energ\u00eda renovable, infraestructuras, desarrollo de gases como biometano e hidr\u00f3geno, perspectivas para 2030, autoconsumo y energ\u00eda e\u00f3lica marina.<\/p>\n<p>Destacando la importancia de establecer conexiones y difundir nuestro compromiso, Luis Selva, CEO de BNZ, fue invitado a participar en la cuarta mesa de debate, titulada &#8216;Despliegue de las renovables a 2030&#8217;.<\/p>\n<p>En BNZ, reconocemos la relevancia de involucrarnos activamente en eventos como foros, reuniones y mesas redondas. Estas instancias nos brindan la oportunidad de impulsar nuestro desarrollo y obtener valiosas ideas de otros profesionales, consolidando nuestro papel como expertos responsables en la industria. Este enfoque se refleja en las numerosas menciones y reconocimientos que hemos recibido, especialmente por nuestra participaci\u00f3n en iniciativas destacadas, evidenciando nuestro compromiso con el crecimiento, el aprendizaje continuo y la proyecci\u00f3n como l\u00edderes sectoriales.<\/p>\n<p>Cabe destacar que las menciones m\u00e1s destacadas provienen del medio l\u00edder en el sector econ\u00f3mico espa\u00f1ol: <a href=\"https:\/\/www.eleconomista.es\/energia\/noticias\/d8220\/09\/23\/VIII-Foro-de-Energia-2023-de-elEconomista-en-directo-Debates-sobre-el-Plan-Nacional-de-Energia-y-Clima.html\">El Economista.<\/a><\/p>\n","protected":false},"excerpt":{"rendered":"<p>El 7 de septiembre de 2023, se llev\u00f3 a cabo la octava edici\u00f3n del Foro de Energ\u00eda de elEconomista, enfocado en la evaluaci\u00f3n del Plan Nacional de Energ\u00eda y Clima. Este evento congreg\u00f3 a CEOs y directores de las principales empresas energ\u00e9ticas del pa\u00eds, quienes participaron en siete mesas de debate. Expertos discutieron diversos temas, [&hellip;]<\/p>\n","protected":false},"author":1,"featured_media":4552,"comment_status":"closed","ping_status":"closed","sticky":false,"template":"","format":"standard","meta":{"_acf_changed":false,"_et_pb_use_builder":"","_et_pb_old_content":"","_et_gb_content_width":"","footnotes":""},"categories":[50,58],"tags":[],"class_list":["post-2170","post","type-post","status-publish","format-standard","has-post-thumbnail","hentry","category-aparicion-en-medios","category-notas-de-prensa"],"acf":[],"yoast_head":"<!-- This site is optimized with the Yoast SEO plugin v26.6 - https:\/\/yoast.com\/wordpress\/plugins\/seo\/ -->\n<title>BNZ en el &quot;VIII Foro de Energ\u00eda&quot; en prensa - BNZ<\/title>\n<meta name=\"robots\" content=\"index, follow, max-snippet:-1, max-image-preview:large, max-video-preview:-1\" \/>\n<link rel=\"canonical\" href=\"https:\/\/www.bnz.energy\/es\/bnz-en-el-viii-foro-de-energia-en-prensa\/\" \/>\n<meta property=\"og:locale\" content=\"es_ES\" \/>\n<meta property=\"og:type\" content=\"article\" \/>\n<meta property=\"og:title\" content=\"BNZ en el &quot;VIII Foro de Energ\u00eda&quot; en prensa - BNZ\" \/>\n<meta property=\"og:description\" content=\"El 7 de septiembre de 2023, se llev\u00f3 a cabo la octava edici\u00f3n del Foro de Energ\u00eda de elEconomista, enfocado en la evaluaci\u00f3n del Plan Nacional de Energ\u00eda y Clima. Este evento congreg\u00f3 a CEOs y directores de las principales empresas energ\u00e9ticas del pa\u00eds, quienes participaron en siete mesas de debate. Expertos discutieron diversos temas, [&hellip;]\" \/>\n<meta property=\"og:url\" content=\"https:\/\/www.bnz.energy\/es\/bnz-en-el-viii-foro-de-energia-en-prensa\/\" \/>\n<meta property=\"og:site_name\" content=\"BNZ\" \/>\n<meta property=\"article:published_time\" content=\"2023-09-10T10:35:41+00:00\" \/>\n<meta property=\"article:modified_time\" content=\"2025-02-17T11:26:10+00:00\" \/>\n<meta property=\"og:image\" content=\"https:\/\/www.bnz.energy\/wp-content\/uploads\/2023\/09\/PRESS-ROOM_2023_5_SEPT_BNZ-at-the-VIII-Foro-de-Energia-on-media.jpg\" \/>\n\t<meta property=\"og:image:width\" content=\"735\" \/>\n\t<meta property=\"og:image:height\" content=\"630\" \/>\n\t<meta property=\"og:image:type\" content=\"image\/jpeg\" \/>\n<meta name=\"author\" content=\"admin_bnz\" \/>\n<meta name=\"twitter:card\" content=\"summary_large_image\" \/>\n<meta name=\"twitter:label1\" content=\"Escrito por\" \/>\n\t<meta name=\"twitter:data1\" content=\"admin_bnz\" \/>\n\t<meta name=\"twitter:label2\" content=\"Tiempo de lectura\" \/>\n\t<meta name=\"twitter:data2\" content=\"1 minuto\" \/>\n<script type=\"application\/ld+json\" class=\"yoast-schema-graph\">{\"@context\":\"https:\/\/schema.org\",\"@graph\":[{\"@type\":\"Article\",\"@id\":\"https:\/\/www.bnz.energy\/es\/bnz-en-el-viii-foro-de-energia-en-prensa\/#article\",\"isPartOf\":{\"@id\":\"https:\/\/www.bnz.energy\/es\/bnz-en-el-viii-foro-de-energia-en-prensa\/\"},\"author\":{\"name\":\"admin_bnz\",\"@id\":\"https:\/\/www.bnz.energy\/#\/schema\/person\/e358b3214b1b4a9b443d49305c239bbe\"},\"headline\":\"BNZ en el \u00abVIII Foro de Energ\u00eda\u00bb en prensa\",\"datePublished\":\"2023-09-10T10:35:41+00:00\",\"dateModified\":\"2025-02-17T11:26:10+00:00\",\"mainEntityOfPage\":{\"@id\":\"https:\/\/www.bnz.energy\/es\/bnz-en-el-viii-foro-de-energia-en-prensa\/\"},\"wordCount\":228,\"publisher\":{\"@id\":\"https:\/\/www.bnz.energy\/#organization\"},\"image\":{\"@id\":\"https:\/\/www.bnz.energy\/es\/bnz-en-el-viii-foro-de-energia-en-prensa\/#primaryimage\"},\"thumbnailUrl\":\"https:\/\/www.bnz.energy\/wp-content\/uploads\/2023\/09\/PRESS-ROOM_2023_5_SEPT_BNZ-at-the-VIII-Foro-de-Energia-on-media.jpg\",\"articleSection\":[\"Aparici\u00f3n en medios\",\"Notas de prensa\"],\"inLanguage\":\"es\"},{\"@type\":\"WebPage\",\"@id\":\"https:\/\/www.bnz.energy\/es\/bnz-en-el-viii-foro-de-energia-en-prensa\/\",\"url\":\"https:\/\/www.bnz.energy\/es\/bnz-en-el-viii-foro-de-energia-en-prensa\/\",\"name\":\"BNZ en el \\\"VIII Foro de Energ\u00eda\\\" en prensa - BNZ\",\"isPartOf\":{\"@id\":\"https:\/\/www.bnz.energy\/#website\"},\"primaryImageOfPage\":{\"@id\":\"https:\/\/www.bnz.energy\/es\/bnz-en-el-viii-foro-de-energia-en-prensa\/#primaryimage\"},\"image\":{\"@id\":\"https:\/\/www.bnz.energy\/es\/bnz-en-el-viii-foro-de-energia-en-prensa\/#primaryimage\"},\"thumbnailUrl\":\"https:\/\/www.bnz.energy\/wp-content\/uploads\/2023\/09\/PRESS-ROOM_2023_5_SEPT_BNZ-at-the-VIII-Foro-de-Energia-on-media.jpg\",\"datePublished\":\"2023-09-10T10:35:41+00:00\",\"dateModified\":\"2025-02-17T11:26:10+00:00\",\"breadcrumb\":{\"@id\":\"https:\/\/www.bnz.energy\/es\/bnz-en-el-viii-foro-de-energia-en-prensa\/#breadcrumb\"},\"inLanguage\":\"es\",\"potentialAction\":[{\"@type\":\"ReadAction\",\"target\":[\"https:\/\/www.bnz.energy\/es\/bnz-en-el-viii-foro-de-energia-en-prensa\/\"]}]},{\"@type\":\"ImageObject\",\"inLanguage\":\"es\",\"@id\":\"https:\/\/www.bnz.energy\/es\/bnz-en-el-viii-foro-de-energia-en-prensa\/#primaryimage\",\"url\":\"https:\/\/www.bnz.energy\/wp-content\/uploads\/2023\/09\/PRESS-ROOM_2023_5_SEPT_BNZ-at-the-VIII-Foro-de-Energia-on-media.jpg\",\"contentUrl\":\"https:\/\/www.bnz.energy\/wp-content\/uploads\/2023\/09\/PRESS-ROOM_2023_5_SEPT_BNZ-at-the-VIII-Foro-de-Energia-on-media.jpg\",\"width\":735,\"height\":630},{\"@type\":\"BreadcrumbList\",\"@id\":\"https:\/\/www.bnz.energy\/es\/bnz-en-el-viii-foro-de-energia-en-prensa\/#breadcrumb\",\"itemListElement\":[{\"@type\":\"ListItem\",\"position\":1,\"name\":\"Home\",\"item\":\"https:\/\/www.bnz.energy\/es\/\"},{\"@type\":\"ListItem\",\"position\":2,\"name\":\"BNZ en el &#8220;VIII Foro de Energ\u00eda&#8221; en prensa\"}]},{\"@type\":\"WebSite\",\"@id\":\"https:\/\/www.bnz.energy\/#website\",\"url\":\"https:\/\/www.bnz.energy\/\",\"name\":\"BNZ\",\"description\":\"\",\"publisher\":{\"@id\":\"https:\/\/www.bnz.energy\/#organization\"},\"potentialAction\":[{\"@type\":\"SearchAction\",\"target\":{\"@type\":\"EntryPoint\",\"urlTemplate\":\"https:\/\/www.bnz.energy\/?s={search_term_string}\"},\"query-input\":{\"@type\":\"PropertyValueSpecification\",\"valueRequired\":true,\"valueName\":\"search_term_string\"}}],\"inLanguage\":\"es\"},{\"@type\":\"Organization\",\"@id\":\"https:\/\/www.bnz.energy\/#organization\",\"name\":\"BNZ\",\"url\":\"https:\/\/www.bnz.energy\/\",\"logo\":{\"@type\":\"ImageObject\",\"inLanguage\":\"es\",\"@id\":\"https:\/\/www.bnz.energy\/#\/schema\/logo\/image\/\",\"url\":\"https:\/\/www.bnz.energy\/wp-content\/uploads\/2024\/12\/Capa_1.svg\",\"contentUrl\":\"https:\/\/www.bnz.energy\/wp-content\/uploads\/2024\/12\/Capa_1.svg\",\"width\":1,\"height\":1,\"caption\":\"BNZ\"},\"image\":{\"@id\":\"https:\/\/www.bnz.energy\/#\/schema\/logo\/image\/\"},\"sameAs\":[\"https:\/\/www.linkedin.com\/company\/bnetzero\/\"]},{\"@type\":\"Person\",\"@id\":\"https:\/\/www.bnz.energy\/#\/schema\/person\/e358b3214b1b4a9b443d49305c239bbe\",\"name\":\"admin_bnz\",\"image\":{\"@type\":\"ImageObject\",\"inLanguage\":\"es\",\"@id\":\"https:\/\/www.bnz.energy\/#\/schema\/person\/image\/\",\"url\":\"https:\/\/secure.gravatar.com\/avatar\/cc90964e5c0de17136af9d9d3171efa5c21c920531a6aaa763a62c13f62ec30a?s=96&d=mm&r=g\",\"contentUrl\":\"https:\/\/secure.gravatar.com\/avatar\/cc90964e5c0de17136af9d9d3171efa5c21c920531a6aaa763a62c13f62ec30a?s=96&d=mm&r=g\",\"caption\":\"admin_bnz\"},\"sameAs\":[\"https:\/\/www.bnz.energy\"],\"url\":\"https:\/\/www.bnz.energy\/es\/author\/admin_bnz\/\"}]}<\/script>\n<!-- \/ Yoast SEO plugin. -->","yoast_head_json":{"title":"BNZ en el \"VIII Foro de Energ\u00eda\" en prensa - BNZ","robots":{"index":"index","follow":"follow","max-snippet":"max-snippet:-1","max-image-preview":"max-image-preview:large","max-video-preview":"max-video-preview:-1"},"canonical":"https:\/\/www.bnz.energy\/es\/bnz-en-el-viii-foro-de-energia-en-prensa\/","og_locale":"es_ES","og_type":"article","og_title":"BNZ en el \"VIII Foro de Energ\u00eda\" en prensa - BNZ","og_description":"El 7 de septiembre de 2023, se llev\u00f3 a cabo la octava edici\u00f3n del Foro de Energ\u00eda de elEconomista, enfocado en la evaluaci\u00f3n del Plan Nacional de Energ\u00eda y Clima. Este evento congreg\u00f3 a CEOs y directores de las principales empresas energ\u00e9ticas del pa\u00eds, quienes participaron en siete mesas de debate. Expertos discutieron diversos temas, [&hellip;]","og_url":"https:\/\/www.bnz.energy\/es\/bnz-en-el-viii-foro-de-energia-en-prensa\/","og_site_name":"BNZ","article_published_time":"2023-09-10T10:35:41+00:00","article_modified_time":"2025-02-17T11:26:10+00:00","og_image":[{"width":735,"height":630,"url":"https:\/\/www.bnz.energy\/wp-content\/uploads\/2023\/09\/PRESS-ROOM_2023_5_SEPT_BNZ-at-the-VIII-Foro-de-Energia-on-media.jpg","type":"image\/jpeg"}],"author":"admin_bnz","twitter_card":"summary_large_image","twitter_misc":{"Escrito por":"admin_bnz","Tiempo de lectura":"1 minuto"},"schema":{"@context":"https:\/\/schema.org","@graph":[{"@type":"Article","@id":"https:\/\/www.bnz.energy\/es\/bnz-en-el-viii-foro-de-energia-en-prensa\/#article","isPartOf":{"@id":"https:\/\/www.bnz.energy\/es\/bnz-en-el-viii-foro-de-energia-en-prensa\/"},"author":{"name":"admin_bnz","@id":"https:\/\/www.bnz.energy\/#\/schema\/person\/e358b3214b1b4a9b443d49305c239bbe"},"headline":"BNZ en el \u00abVIII Foro de Energ\u00eda\u00bb en prensa","datePublished":"2023-09-10T10:35:41+00:00","dateModified":"2025-02-17T11:26:10+00:00","mainEntityOfPage":{"@id":"https:\/\/www.bnz.energy\/es\/bnz-en-el-viii-foro-de-energia-en-prensa\/"},"wordCount":228,"publisher":{"@id":"https:\/\/www.bnz.energy\/#organization"},"image":{"@id":"https:\/\/www.bnz.energy\/es\/bnz-en-el-viii-foro-de-energia-en-prensa\/#primaryimage"},"thumbnailUrl":"https:\/\/www.bnz.energy\/wp-content\/uploads\/2023\/09\/PRESS-ROOM_2023_5_SEPT_BNZ-at-the-VIII-Foro-de-Energia-on-media.jpg","articleSection":["Aparici\u00f3n en medios","Notas de prensa"],"inLanguage":"es"},{"@type":"WebPage","@id":"https:\/\/www.bnz.energy\/es\/bnz-en-el-viii-foro-de-energia-en-prensa\/","url":"https:\/\/www.bnz.energy\/es\/bnz-en-el-viii-foro-de-energia-en-prensa\/","name":"BNZ en el \"VIII Foro de Energ\u00eda\" en prensa - BNZ","isPartOf":{"@id":"https:\/\/www.bnz.energy\/#website"},"primaryImageOfPage":{"@id":"https:\/\/www.bnz.energy\/es\/bnz-en-el-viii-foro-de-energia-en-prensa\/#primaryimage"},"image":{"@id":"https:\/\/www.bnz.energy\/es\/bnz-en-el-viii-foro-de-energia-en-prensa\/#primaryimage"},"thumbnailUrl":"https:\/\/www.bnz.energy\/wp-content\/uploads\/2023\/09\/PRESS-ROOM_2023_5_SEPT_BNZ-at-the-VIII-Foro-de-Energia-on-media.jpg","datePublished":"2023-09-10T10:35:41+00:00","dateModified":"2025-02-17T11:26:10+00:00","breadcrumb":{"@id":"https:\/\/www.bnz.energy\/es\/bnz-en-el-viii-foro-de-energia-en-prensa\/#breadcrumb"},"inLanguage":"es","potentialAction":[{"@type":"ReadAction","target":["https:\/\/www.bnz.energy\/es\/bnz-en-el-viii-foro-de-energia-en-prensa\/"]}]},{"@type":"ImageObject","inLanguage":"es","@id":"https:\/\/www.bnz.energy\/es\/bnz-en-el-viii-foro-de-energia-en-prensa\/#primaryimage","url":"https:\/\/www.bnz.energy\/wp-content\/uploads\/2023\/09\/PRESS-ROOM_2023_5_SEPT_BNZ-at-the-VIII-Foro-de-Energia-on-media.jpg","contentUrl":"https:\/\/www.bnz.energy\/wp-content\/uploads\/2023\/09\/PRESS-ROOM_2023_5_SEPT_BNZ-at-the-VIII-Foro-de-Energia-on-media.jpg","width":735,"height":630},{"@type":"BreadcrumbList","@id":"https:\/\/www.bnz.energy\/es\/bnz-en-el-viii-foro-de-energia-en-prensa\/#breadcrumb","itemListElement":[{"@type":"ListItem","position":1,"name":"Home","item":"https:\/\/www.bnz.energy\/es\/"},{"@type":"ListItem","position":2,"name":"BNZ en el &#8220;VIII Foro de Energ\u00eda&#8221; en prensa"}]},{"@type":"WebSite","@id":"https:\/\/www.bnz.energy\/#website","url":"https:\/\/www.bnz.energy\/","name":"BNZ","description":"","publisher":{"@id":"https:\/\/www.bnz.energy\/#organization"},"potentialAction":[{"@type":"SearchAction","target":{"@type":"EntryPoint","urlTemplate":"https:\/\/www.bnz.energy\/?s={search_term_string}"},"query-input":{"@type":"PropertyValueSpecification","valueRequired":true,"valueName":"search_term_string"}}],"inLanguage":"es"},{"@type":"Organization","@id":"https:\/\/www.bnz.energy\/#organization","name":"BNZ","url":"https:\/\/www.bnz.energy\/","logo":{"@type":"ImageObject","inLanguage":"es","@id":"https:\/\/www.bnz.energy\/#\/schema\/logo\/image\/","url":"https:\/\/www.bnz.energy\/wp-content\/uploads\/2024\/12\/Capa_1.svg","contentUrl":"https:\/\/www.bnz.energy\/wp-content\/uploads\/2024\/12\/Capa_1.svg","width":1,"height":1,"caption":"BNZ"},"image":{"@id":"https:\/\/www.bnz.energy\/#\/schema\/logo\/image\/"},"sameAs":["https:\/\/www.linkedin.com\/company\/bnetzero\/"]},{"@type":"Person","@id":"https:\/\/www.bnz.energy\/#\/schema\/person\/e358b3214b1b4a9b443d49305c239bbe","name":"admin_bnz","image":{"@type":"ImageObject","inLanguage":"es","@id":"https:\/\/www.bnz.energy\/#\/schema\/person\/image\/","url":"https:\/\/secure.gravatar.com\/avatar\/cc90964e5c0de17136af9d9d3171efa5c21c920531a6aaa763a62c13f62ec30a?s=96&d=mm&r=g","contentUrl":"https:\/\/secure.gravatar.com\/avatar\/cc90964e5c0de17136af9d9d3171efa5c21c920531a6aaa763a62c13f62ec30a?s=96&d=mm&r=g","caption":"admin_bnz"},"sameAs":["https:\/\/www.bnz.energy"],"url":"https:\/\/www.bnz.energy\/es\/author\/admin_bnz\/"}]}},"_links":{"self":[{"href":"https:\/\/www.bnz.energy\/es\/wp-json\/wp\/v2\/posts\/2170","targetHints":{"allow":["GET"]}}],"collection":[{"href":"https:\/\/www.bnz.energy\/es\/wp-json\/wp\/v2\/posts"}],"about":[{"href":"https:\/\/www.bnz.energy\/es\/wp-json\/wp\/v2\/types\/post"}],"author":[{"embeddable":true,"href":"https:\/\/www.bnz.energy\/es\/wp-json\/wp\/v2\/users\/1"}],"replies":[{"embeddable":true,"href":"https:\/\/www.bnz.energy\/es\/wp-json\/wp\/v2\/comments?post=2170"}],"version-history":[{"count":3,"href":"https:\/\/www.bnz.energy\/es\/wp-json\/wp\/v2\/posts\/2170\/revisions"}],"predecessor-version":[{"id":6858,"href":"https:\/\/www.bnz.energy\/es\/wp-json\/wp\/v2\/posts\/2170\/revisions\/6858"}],"wp:featuredmedia":[{"embeddable":true,"href":"https:\/\/www.bnz.energy\/es\/wp-json\/wp\/v2\/media\/4552"}],"wp:attachment":[{"href":"https:\/\/www.bnz.energy\/es\/wp-json\/wp\/v2\/media?parent=2170"}],"wp:term":[{"taxonomy":"category","embeddable":true,"href":"https:\/\/www.bnz.energy\/es\/wp-json\/wp\/v2\/categories?post=2170"},{"taxonomy":"post_tag","embeddable":true,"href":"https:\/\/www.bnz.energy\/es\/wp-json\/wp\/v2\/tags?post=2170"}],"curies":[{"name":"wp","href":"https:\/\/api.w.org\/{rel}","templated":true}]}}