{"id":2151,"date":"2023-05-20T13:55:11","date_gmt":"2023-05-20T13:55:11","guid":{"rendered":"https:\/\/www.bnz.energy\/?p=2151"},"modified":"2025-02-17T12:10:08","modified_gmt":"2025-02-17T12:10:08","slug":"el-inicio-de-la-construccion-de-emerita-y-tremisol-en-prensa","status":"publish","type":"post","link":"https:\/\/www.bnz.energy\/es\/el-inicio-de-la-construccion-de-emerita-y-tremisol-en-prensa\/","title":{"rendered":"El inicio de la construcci\u00f3n de Em\u00e9rita y Tremisol en prensa"},"content":{"rendered":"<p>En mayo de 2023, <a href=\"https:\/\/www.bnz.energy\/es\/bnz-inicia-la-construccion-de-dos-plantas-solares-fotovoltaicas-de-96mw-en-merida-extremadura\/\">BNZ anunci\u00f3 el inicio de la construcci\u00f3n de dos plantas de energ\u00eda solar en la ciudad de M\u00e9rida (Extremadura)<\/a>. Las plantas, llamadas Em\u00e9rita y Tremisol, tendr\u00e1n una capacidad total de 9.6 MW cada una. Em\u00e9rita se encuentra en fase de construcci\u00f3n, mientras que las obras de Tremisol se prev\u00e9 que finalicen en el verano de 2024. Este acontecimiento atrajo la atenci\u00f3n nacional debido a la importancia y valor que el proyecto aportar\u00e1 a la zona.<\/p>\n<p>Estas son las segunda y tercera plantas que BNZ construir\u00e1 en Espa\u00f1a, con planes de alcanzar una capacidad de aproximadamente 600 MWp para 2026. En total, BNZ tiene como objetivo desplegar un portafolio agregado de m\u00e1s de 1.7 GW de energ\u00eda solar fotovoltaica en el sur de Europa para finales de 2026.<\/p>\n<p>La energ\u00eda limpia generada por estas dos plantas, que ocupar\u00e1n 18 hect\u00e1reas cada una y con una capacidad combinada de 19.2 MW, se espera que evite la emisi\u00f3n de 10,000 toneladas de CO2 equivalente por a\u00f1o. Tambi\u00e9n se estima que la fase de construcci\u00f3n crear\u00e1 un total de 140 empleos directos e indirectos, involucrando a m\u00e1s de 14 empresas locales contratadas.<\/p>\n<p>Medios de comunicaci\u00f3n como <a href=\"https:\/\/www.hoy.es\/merida\/compania-bnz-hara-dos-plantas-solares-merida-20230514084721-nt.html\">HOY<\/a> cubrieron este desarrollo tanto en formatos impresos como en l\u00ednea.<\/p>\n","protected":false},"excerpt":{"rendered":"<p>En mayo de 2023, BNZ anunci\u00f3 el inicio de la construcci\u00f3n de dos plantas de energ\u00eda solar en la ciudad de M\u00e9rida (Extremadura). Las plantas, llamadas Em\u00e9rita y Tremisol, tendr\u00e1n una capacidad total de 9.6 MW cada una. Em\u00e9rita se encuentra en fase de construcci\u00f3n, mientras que las obras de Tremisol se prev\u00e9 que finalicen [&hellip;]<\/p>\n","protected":false},"author":1,"featured_media":4567,"comment_status":"closed","ping_status":"closed","sticky":false,"template":"","format":"standard","meta":{"_acf_changed":false,"_et_pb_use_builder":"","_et_pb_old_content":"","_et_gb_content_width":"","footnotes":""},"categories":[50,58,62],"tags":[],"class_list":["post-2151","post","type-post","status-publish","format-standard","has-post-thumbnail","hentry","category-aparicion-en-medios","category-notas-de-prensa","category-proyectos"],"acf":[],"yoast_head":"<!-- This site is optimized with the Yoast SEO plugin v26.6 - https:\/\/yoast.com\/wordpress\/plugins\/seo\/ -->\n<title>El inicio de la construcci\u00f3n de Em\u00e9rita y Tremisol en prensa - BNZ<\/title>\n<meta name=\"robots\" content=\"index, follow, max-snippet:-1, max-image-preview:large, max-video-preview:-1\" \/>\n<link rel=\"canonical\" href=\"https:\/\/www.bnz.energy\/es\/el-inicio-de-la-construccion-de-emerita-y-tremisol-en-prensa\/\" \/>\n<meta property=\"og:locale\" content=\"es_ES\" \/>\n<meta property=\"og:type\" content=\"article\" \/>\n<meta property=\"og:title\" content=\"El inicio de la construcci\u00f3n de Em\u00e9rita y Tremisol en prensa - BNZ\" \/>\n<meta property=\"og:description\" content=\"En mayo de 2023, BNZ anunci\u00f3 el inicio de la construcci\u00f3n de dos plantas de energ\u00eda solar en la ciudad de M\u00e9rida (Extremadura). Las plantas, llamadas Em\u00e9rita y Tremisol, tendr\u00e1n una capacidad total de 9.6 MW cada una. Em\u00e9rita se encuentra en fase de construcci\u00f3n, mientras que las obras de Tremisol se prev\u00e9 que finalicen [&hellip;]\" \/>\n<meta property=\"og:url\" content=\"https:\/\/www.bnz.energy\/es\/el-inicio-de-la-construccion-de-emerita-y-tremisol-en-prensa\/\" \/>\n<meta property=\"og:site_name\" content=\"BNZ\" \/>\n<meta property=\"article:published_time\" content=\"2023-05-20T13:55:11+00:00\" \/>\n<meta property=\"article:modified_time\" content=\"2025-02-17T12:10:08+00:00\" \/>\n<meta property=\"og:image\" content=\"https:\/\/www.bnz.energy\/wp-content\/uploads\/2023\/05\/PRESS-ROOM_2023_3_MAY_The-commencement-of-the-construction-of-Emerita-and-Tremisol-on-media-2.jpg\" \/>\n\t<meta property=\"og:image:width\" content=\"511\" \/>\n\t<meta property=\"og:image:height\" content=\"622\" \/>\n\t<meta property=\"og:image:type\" content=\"image\/jpeg\" \/>\n<meta name=\"author\" content=\"admin_bnz\" \/>\n<meta name=\"twitter:card\" content=\"summary_large_image\" \/>\n<meta name=\"twitter:label1\" content=\"Escrito por\" \/>\n\t<meta name=\"twitter:data1\" content=\"admin_bnz\" \/>\n\t<meta name=\"twitter:label2\" content=\"Tiempo de lectura\" \/>\n\t<meta name=\"twitter:data2\" content=\"1 minuto\" \/>\n<script type=\"application\/ld+json\" class=\"yoast-schema-graph\">{\"@context\":\"https:\/\/schema.org\",\"@graph\":[{\"@type\":\"Article\",\"@id\":\"https:\/\/www.bnz.energy\/es\/el-inicio-de-la-construccion-de-emerita-y-tremisol-en-prensa\/#article\",\"isPartOf\":{\"@id\":\"https:\/\/www.bnz.energy\/es\/el-inicio-de-la-construccion-de-emerita-y-tremisol-en-prensa\/\"},\"author\":{\"name\":\"admin_bnz\",\"@id\":\"https:\/\/www.bnz.energy\/#\/schema\/person\/e358b3214b1b4a9b443d49305c239bbe\"},\"headline\":\"El inicio de la construcci\u00f3n de Em\u00e9rita y Tremisol en prensa\",\"datePublished\":\"2023-05-20T13:55:11+00:00\",\"dateModified\":\"2025-02-17T12:10:08+00:00\",\"mainEntityOfPage\":{\"@id\":\"https:\/\/www.bnz.energy\/es\/el-inicio-de-la-construccion-de-emerita-y-tremisol-en-prensa\/\"},\"wordCount\":229,\"publisher\":{\"@id\":\"https:\/\/www.bnz.energy\/#organization\"},\"image\":{\"@id\":\"https:\/\/www.bnz.energy\/es\/el-inicio-de-la-construccion-de-emerita-y-tremisol-en-prensa\/#primaryimage\"},\"thumbnailUrl\":\"https:\/\/www.bnz.energy\/wp-content\/uploads\/2023\/05\/PRESS-ROOM_2023_3_MAY_The-commencement-of-the-construction-of-Emerita-and-Tremisol-on-media-2.jpg\",\"articleSection\":[\"Aparici\u00f3n en medios\",\"Notas de prensa\",\"Proyectos\"],\"inLanguage\":\"es\"},{\"@type\":\"WebPage\",\"@id\":\"https:\/\/www.bnz.energy\/es\/el-inicio-de-la-construccion-de-emerita-y-tremisol-en-prensa\/\",\"url\":\"https:\/\/www.bnz.energy\/es\/el-inicio-de-la-construccion-de-emerita-y-tremisol-en-prensa\/\",\"name\":\"El inicio de la construcci\u00f3n de Em\u00e9rita y Tremisol en prensa - BNZ\",\"isPartOf\":{\"@id\":\"https:\/\/www.bnz.energy\/#website\"},\"primaryImageOfPage\":{\"@id\":\"https:\/\/www.bnz.energy\/es\/el-inicio-de-la-construccion-de-emerita-y-tremisol-en-prensa\/#primaryimage\"},\"image\":{\"@id\":\"https:\/\/www.bnz.energy\/es\/el-inicio-de-la-construccion-de-emerita-y-tremisol-en-prensa\/#primaryimage\"},\"thumbnailUrl\":\"https:\/\/www.bnz.energy\/wp-content\/uploads\/2023\/05\/PRESS-ROOM_2023_3_MAY_The-commencement-of-the-construction-of-Emerita-and-Tremisol-on-media-2.jpg\",\"datePublished\":\"2023-05-20T13:55:11+00:00\",\"dateModified\":\"2025-02-17T12:10:08+00:00\",\"breadcrumb\":{\"@id\":\"https:\/\/www.bnz.energy\/es\/el-inicio-de-la-construccion-de-emerita-y-tremisol-en-prensa\/#breadcrumb\"},\"inLanguage\":\"es\",\"potentialAction\":[{\"@type\":\"ReadAction\",\"target\":[\"https:\/\/www.bnz.energy\/es\/el-inicio-de-la-construccion-de-emerita-y-tremisol-en-prensa\/\"]}]},{\"@type\":\"ImageObject\",\"inLanguage\":\"es\",\"@id\":\"https:\/\/www.bnz.energy\/es\/el-inicio-de-la-construccion-de-emerita-y-tremisol-en-prensa\/#primaryimage\",\"url\":\"https:\/\/www.bnz.energy\/wp-content\/uploads\/2023\/05\/PRESS-ROOM_2023_3_MAY_The-commencement-of-the-construction-of-Emerita-and-Tremisol-on-media-2.jpg\",\"contentUrl\":\"https:\/\/www.bnz.energy\/wp-content\/uploads\/2023\/05\/PRESS-ROOM_2023_3_MAY_The-commencement-of-the-construction-of-Emerita-and-Tremisol-on-media-2.jpg\",\"width\":511,\"height\":622},{\"@type\":\"BreadcrumbList\",\"@id\":\"https:\/\/www.bnz.energy\/es\/el-inicio-de-la-construccion-de-emerita-y-tremisol-en-prensa\/#breadcrumb\",\"itemListElement\":[{\"@type\":\"ListItem\",\"position\":1,\"name\":\"Home\",\"item\":\"https:\/\/www.bnz.energy\/es\/\"},{\"@type\":\"ListItem\",\"position\":2,\"name\":\"El inicio de la construcci\u00f3n de Em\u00e9rita y Tremisol en prensa\"}]},{\"@type\":\"WebSite\",\"@id\":\"https:\/\/www.bnz.energy\/#website\",\"url\":\"https:\/\/www.bnz.energy\/\",\"name\":\"BNZ\",\"description\":\"\",\"publisher\":{\"@id\":\"https:\/\/www.bnz.energy\/#organization\"},\"potentialAction\":[{\"@type\":\"SearchAction\",\"target\":{\"@type\":\"EntryPoint\",\"urlTemplate\":\"https:\/\/www.bnz.energy\/?s={search_term_string}\"},\"query-input\":{\"@type\":\"PropertyValueSpecification\",\"valueRequired\":true,\"valueName\":\"search_term_string\"}}],\"inLanguage\":\"es\"},{\"@type\":\"Organization\",\"@id\":\"https:\/\/www.bnz.energy\/#organization\",\"name\":\"BNZ\",\"url\":\"https:\/\/www.bnz.energy\/\",\"logo\":{\"@type\":\"ImageObject\",\"inLanguage\":\"es\",\"@id\":\"https:\/\/www.bnz.energy\/#\/schema\/logo\/image\/\",\"url\":\"https:\/\/www.bnz.energy\/wp-content\/uploads\/2024\/12\/Capa_1.svg\",\"contentUrl\":\"https:\/\/www.bnz.energy\/wp-content\/uploads\/2024\/12\/Capa_1.svg\",\"width\":1,\"height\":1,\"caption\":\"BNZ\"},\"image\":{\"@id\":\"https:\/\/www.bnz.energy\/#\/schema\/logo\/image\/\"},\"sameAs\":[\"https:\/\/www.linkedin.com\/company\/bnetzero\/\"]},{\"@type\":\"Person\",\"@id\":\"https:\/\/www.bnz.energy\/#\/schema\/person\/e358b3214b1b4a9b443d49305c239bbe\",\"name\":\"admin_bnz\",\"image\":{\"@type\":\"ImageObject\",\"inLanguage\":\"es\",\"@id\":\"https:\/\/www.bnz.energy\/#\/schema\/person\/image\/\",\"url\":\"https:\/\/secure.gravatar.com\/avatar\/cc90964e5c0de17136af9d9d3171efa5c21c920531a6aaa763a62c13f62ec30a?s=96&d=mm&r=g\",\"contentUrl\":\"https:\/\/secure.gravatar.com\/avatar\/cc90964e5c0de17136af9d9d3171efa5c21c920531a6aaa763a62c13f62ec30a?s=96&d=mm&r=g\",\"caption\":\"admin_bnz\"},\"sameAs\":[\"https:\/\/www.bnz.energy\"],\"url\":\"https:\/\/www.bnz.energy\/es\/author\/admin_bnz\/\"}]}<\/script>\n<!-- \/ Yoast SEO plugin. -->","yoast_head_json":{"title":"El inicio de la construcci\u00f3n de Em\u00e9rita y Tremisol en prensa - BNZ","robots":{"index":"index","follow":"follow","max-snippet":"max-snippet:-1","max-image-preview":"max-image-preview:large","max-video-preview":"max-video-preview:-1"},"canonical":"https:\/\/www.bnz.energy\/es\/el-inicio-de-la-construccion-de-emerita-y-tremisol-en-prensa\/","og_locale":"es_ES","og_type":"article","og_title":"El inicio de la construcci\u00f3n de Em\u00e9rita y Tremisol en prensa - BNZ","og_description":"En mayo de 2023, BNZ anunci\u00f3 el inicio de la construcci\u00f3n de dos plantas de energ\u00eda solar en la ciudad de M\u00e9rida (Extremadura). Las plantas, llamadas Em\u00e9rita y Tremisol, tendr\u00e1n una capacidad total de 9.6 MW cada una. Em\u00e9rita se encuentra en fase de construcci\u00f3n, mientras que las obras de Tremisol se prev\u00e9 que finalicen [&hellip;]","og_url":"https:\/\/www.bnz.energy\/es\/el-inicio-de-la-construccion-de-emerita-y-tremisol-en-prensa\/","og_site_name":"BNZ","article_published_time":"2023-05-20T13:55:11+00:00","article_modified_time":"2025-02-17T12:10:08+00:00","og_image":[{"width":511,"height":622,"url":"https:\/\/www.bnz.energy\/wp-content\/uploads\/2023\/05\/PRESS-ROOM_2023_3_MAY_The-commencement-of-the-construction-of-Emerita-and-Tremisol-on-media-2.jpg","type":"image\/jpeg"}],"author":"admin_bnz","twitter_card":"summary_large_image","twitter_misc":{"Escrito por":"admin_bnz","Tiempo de lectura":"1 minuto"},"schema":{"@context":"https:\/\/schema.org","@graph":[{"@type":"Article","@id":"https:\/\/www.bnz.energy\/es\/el-inicio-de-la-construccion-de-emerita-y-tremisol-en-prensa\/#article","isPartOf":{"@id":"https:\/\/www.bnz.energy\/es\/el-inicio-de-la-construccion-de-emerita-y-tremisol-en-prensa\/"},"author":{"name":"admin_bnz","@id":"https:\/\/www.bnz.energy\/#\/schema\/person\/e358b3214b1b4a9b443d49305c239bbe"},"headline":"El inicio de la construcci\u00f3n de Em\u00e9rita y Tremisol en prensa","datePublished":"2023-05-20T13:55:11+00:00","dateModified":"2025-02-17T12:10:08+00:00","mainEntityOfPage":{"@id":"https:\/\/www.bnz.energy\/es\/el-inicio-de-la-construccion-de-emerita-y-tremisol-en-prensa\/"},"wordCount":229,"publisher":{"@id":"https:\/\/www.bnz.energy\/#organization"},"image":{"@id":"https:\/\/www.bnz.energy\/es\/el-inicio-de-la-construccion-de-emerita-y-tremisol-en-prensa\/#primaryimage"},"thumbnailUrl":"https:\/\/www.bnz.energy\/wp-content\/uploads\/2023\/05\/PRESS-ROOM_2023_3_MAY_The-commencement-of-the-construction-of-Emerita-and-Tremisol-on-media-2.jpg","articleSection":["Aparici\u00f3n en medios","Notas de prensa","Proyectos"],"inLanguage":"es"},{"@type":"WebPage","@id":"https:\/\/www.bnz.energy\/es\/el-inicio-de-la-construccion-de-emerita-y-tremisol-en-prensa\/","url":"https:\/\/www.bnz.energy\/es\/el-inicio-de-la-construccion-de-emerita-y-tremisol-en-prensa\/","name":"El inicio de la construcci\u00f3n de Em\u00e9rita y Tremisol en prensa - BNZ","isPartOf":{"@id":"https:\/\/www.bnz.energy\/#website"},"primaryImageOfPage":{"@id":"https:\/\/www.bnz.energy\/es\/el-inicio-de-la-construccion-de-emerita-y-tremisol-en-prensa\/#primaryimage"},"image":{"@id":"https:\/\/www.bnz.energy\/es\/el-inicio-de-la-construccion-de-emerita-y-tremisol-en-prensa\/#primaryimage"},"thumbnailUrl":"https:\/\/www.bnz.energy\/wp-content\/uploads\/2023\/05\/PRESS-ROOM_2023_3_MAY_The-commencement-of-the-construction-of-Emerita-and-Tremisol-on-media-2.jpg","datePublished":"2023-05-20T13:55:11+00:00","dateModified":"2025-02-17T12:10:08+00:00","breadcrumb":{"@id":"https:\/\/www.bnz.energy\/es\/el-inicio-de-la-construccion-de-emerita-y-tremisol-en-prensa\/#breadcrumb"},"inLanguage":"es","potentialAction":[{"@type":"ReadAction","target":["https:\/\/www.bnz.energy\/es\/el-inicio-de-la-construccion-de-emerita-y-tremisol-en-prensa\/"]}]},{"@type":"ImageObject","inLanguage":"es","@id":"https:\/\/www.bnz.energy\/es\/el-inicio-de-la-construccion-de-emerita-y-tremisol-en-prensa\/#primaryimage","url":"https:\/\/www.bnz.energy\/wp-content\/uploads\/2023\/05\/PRESS-ROOM_2023_3_MAY_The-commencement-of-the-construction-of-Emerita-and-Tremisol-on-media-2.jpg","contentUrl":"https:\/\/www.bnz.energy\/wp-content\/uploads\/2023\/05\/PRESS-ROOM_2023_3_MAY_The-commencement-of-the-construction-of-Emerita-and-Tremisol-on-media-2.jpg","width":511,"height":622},{"@type":"BreadcrumbList","@id":"https:\/\/www.bnz.energy\/es\/el-inicio-de-la-construccion-de-emerita-y-tremisol-en-prensa\/#breadcrumb","itemListElement":[{"@type":"ListItem","position":1,"name":"Home","item":"https:\/\/www.bnz.energy\/es\/"},{"@type":"ListItem","position":2,"name":"El inicio de la construcci\u00f3n de Em\u00e9rita y Tremisol en prensa"}]},{"@type":"WebSite","@id":"https:\/\/www.bnz.energy\/#website","url":"https:\/\/www.bnz.energy\/","name":"BNZ","description":"","publisher":{"@id":"https:\/\/www.bnz.energy\/#organization"},"potentialAction":[{"@type":"SearchAction","target":{"@type":"EntryPoint","urlTemplate":"https:\/\/www.bnz.energy\/?s={search_term_string}"},"query-input":{"@type":"PropertyValueSpecification","valueRequired":true,"valueName":"search_term_string"}}],"inLanguage":"es"},{"@type":"Organization","@id":"https:\/\/www.bnz.energy\/#organization","name":"BNZ","url":"https:\/\/www.bnz.energy\/","logo":{"@type":"ImageObject","inLanguage":"es","@id":"https:\/\/www.bnz.energy\/#\/schema\/logo\/image\/","url":"https:\/\/www.bnz.energy\/wp-content\/uploads\/2024\/12\/Capa_1.svg","contentUrl":"https:\/\/www.bnz.energy\/wp-content\/uploads\/2024\/12\/Capa_1.svg","width":1,"height":1,"caption":"BNZ"},"image":{"@id":"https:\/\/www.bnz.energy\/#\/schema\/logo\/image\/"},"sameAs":["https:\/\/www.linkedin.com\/company\/bnetzero\/"]},{"@type":"Person","@id":"https:\/\/www.bnz.energy\/#\/schema\/person\/e358b3214b1b4a9b443d49305c239bbe","name":"admin_bnz","image":{"@type":"ImageObject","inLanguage":"es","@id":"https:\/\/www.bnz.energy\/#\/schema\/person\/image\/","url":"https:\/\/secure.gravatar.com\/avatar\/cc90964e5c0de17136af9d9d3171efa5c21c920531a6aaa763a62c13f62ec30a?s=96&d=mm&r=g","contentUrl":"https:\/\/secure.gravatar.com\/avatar\/cc90964e5c0de17136af9d9d3171efa5c21c920531a6aaa763a62c13f62ec30a?s=96&d=mm&r=g","caption":"admin_bnz"},"sameAs":["https:\/\/www.bnz.energy"],"url":"https:\/\/www.bnz.energy\/es\/author\/admin_bnz\/"}]}},"_links":{"self":[{"href":"https:\/\/www.bnz.energy\/es\/wp-json\/wp\/v2\/posts\/2151","targetHints":{"allow":["GET"]}}],"collection":[{"href":"https:\/\/www.bnz.energy\/es\/wp-json\/wp\/v2\/posts"}],"about":[{"href":"https:\/\/www.bnz.energy\/es\/wp-json\/wp\/v2\/types\/post"}],"author":[{"embeddable":true,"href":"https:\/\/www.bnz.energy\/es\/wp-json\/wp\/v2\/users\/1"}],"replies":[{"embeddable":true,"href":"https:\/\/www.bnz.energy\/es\/wp-json\/wp\/v2\/comments?post=2151"}],"version-history":[{"count":2,"href":"https:\/\/www.bnz.energy\/es\/wp-json\/wp\/v2\/posts\/2151\/revisions"}],"predecessor-version":[{"id":6863,"href":"https:\/\/www.bnz.energy\/es\/wp-json\/wp\/v2\/posts\/2151\/revisions\/6863"}],"wp:featuredmedia":[{"embeddable":true,"href":"https:\/\/www.bnz.energy\/es\/wp-json\/wp\/v2\/media\/4567"}],"wp:attachment":[{"href":"https:\/\/www.bnz.energy\/es\/wp-json\/wp\/v2\/media?parent=2151"}],"wp:term":[{"taxonomy":"category","embeddable":true,"href":"https:\/\/www.bnz.energy\/es\/wp-json\/wp\/v2\/categories?post=2151"},{"taxonomy":"post_tag","embeddable":true,"href":"https:\/\/www.bnz.energy\/es\/wp-json\/wp\/v2\/tags?post=2151"}],"curies":[{"name":"wp","href":"https:\/\/api.w.org\/{rel}","templated":true}]}}