{"id":1332,"date":"2022-05-31T11:46:50","date_gmt":"2022-05-31T11:46:50","guid":{"rendered":"https:\/\/www.bnz.energy\/?p=1332"},"modified":"2025-02-14T12:35:25","modified_gmt":"2025-02-14T12:35:25","slug":"bnz-construira-una-planta-solar-fotovoltaica-de-49-mw-en-la-region-norte-portugal","status":"publish","type":"post","link":"https:\/\/www.bnz.energy\/es\/bnz-construira-una-planta-solar-fotovoltaica-de-49-mw-en-la-region-norte-portugal\/","title":{"rendered":"BNZ construir\u00e1 una planta solar fotovoltaica de 49 MW en la Regi\u00f3n Norte \u2013 Portugal"},"content":{"rendered":"<p>BNZ, productor de energ\u00eda independiente (IPP) que desarrolla, construye y opera proyectos solares fotovoltaicos, ha obtenido la autorizaci\u00f3n en la Regi\u00f3n Norte \u2013 Portugal, para iniciar la construcci\u00f3n de una planta solar fotovoltaica en la comunidad intermunicipal de Ave, con una capacidad instalada de 49 MWp. BNZ espera que la planta est\u00e9 operativa en 2023.<\/p>\n<p>Esta ser\u00e1 la primera planta de BNZ que se construir\u00e1 en Portugal, pa\u00eds en el que espera instalar una capacidad aproximada de m\u00e1s de 400 MWp hasta 2024. La capacidad agregada total permitida de BNZ en toda la geograf\u00eda es de 147 MWp.<\/p>\n<p>La producci\u00f3n el\u00e9ctrica de ese proyecto ser\u00eda capaz de abastecer las necesidades el\u00e9ctricas anuales de unas 14.000 personas, el equivalente a un tercio de la poblaci\u00f3n de \u00c9vora. La energ\u00eda limpia producida en esta planta evitar\u00e1 la emisi\u00f3n de 21.500 toneladas de CO2 equivalente al a\u00f1o, lo que equivale a unos 37.000 vuelos de ida y vuelta entre Lisboa y Londres. Adem\u00e1s, BNZ estima que crear\u00e1 entre 270 y 370 puestos de trabajo directos e indirectos para hasta el a\u00f1o 2024.<\/p>\n<p>La producci\u00f3n de energ\u00eda solar fotovoltaica fiable y asequible ubicada en el pa\u00eds, evitar\u00e1 la importaci\u00f3n de combustibles f\u00f3siles como el gas natural en terceros pa\u00edses. Esto potenciar\u00e1 la independencia energ\u00e9tica y seguridad de suministro, adem\u00e1s de mejorar la sostenibilidad ambiental. Por ejemplo, la energ\u00eda producida por este proyecto de BNZ, ahorrar\u00e1 el uso de 14 millones de m3 por a\u00f1o de gas natural que iban a ser consumidos por plantas de turbinas de gas de ciclo combinado (CCGT) para generar la misma cantidad de energ\u00eda.<\/p>\n<p>BNZ est\u00e1 comprometida con el progreso ambiental y social de las comunidades locales donde la empresa instala sus plantas. Por ello, adem\u00e1s del impacto econ\u00f3mico positivo de las instalaciones en la comunidad local y su cumplimiento de los m\u00e1ximos criterios ambientales, BNZ colaborar\u00e1 con las autoridades locales en proyectos sociales actualmente en desarrollo.<\/p>\n<p>Con esta primera planta en Portugal, BNZ suma su apoyo al proyecto social respaldado por PT2020 \u201cCuidar Maior\u201d, en el municipio de Vila Nova de Famalic\u00e3o, en la regi\u00f3n Norte de Portugal. Este proyecto social es un programa de intervenci\u00f3n individualizado y personalizado que pretende arrojar luz y brindar la atenci\u00f3n necesaria a quienes m\u00e1s lo necesitan, ya que muchas familias de la comunidad est\u00e1n cuidando a miembros con necesidades especiales, desde demencia o Alzheimer hasta problemas motores o psicomotores, muchas veces causando que no puedan valerse por s\u00ed mismos.<\/p>\n<p>El Director General de BNZ, Luis Selva, a\u00f1adi\u00f3:\u00a0\u201cEl principal objetivo de la compa\u00f1\u00eda es la producci\u00f3n de energ\u00eda 100% limpia para ayudar a conseguir un futuro bajo en carbono, y Portugal es un mercado prioritario para BNZ, con un fuerte potencial de crecimiento en la generaci\u00f3n de tecnolog\u00edas renovables como la energ\u00eda solar fotovoltaica\u201d.<\/p>\n<p>El Miembro de la Junta de BNZ, Jordi Francesch, se\u00f1al\u00f3:\u00a0\u201cBNZ responde a las demandas de la necesidad ambiental, ayudando a abordar el cambio clim\u00e1tico y asegurando el cumplimiento de los criterios ESG m\u00e1s estrictos, a la vez que ofrece una visi\u00f3n a largo plazo a las comunidades locales\u201d.<\/p>\n<p>BNZ ha sido asesorado por el departamento Corporativo, Comercial y de M&amp;A de S\u00e9rvulo -liderado por Pedro Silveira Borges- en el proceso de autorizaci\u00f3n legal de este proyecto.<\/p>\n","protected":false},"excerpt":{"rendered":"<p>BNZ, productor de energ\u00eda independiente (IPP) que desarrolla, construye y opera proyectos solares fotovoltaicos, ha obtenido la autorizaci\u00f3n en la Regi\u00f3n Norte \u2013 Portugal, para iniciar la construcci\u00f3n de una planta solar fotovoltaica en la comunidad intermunicipal de Ave, con una capacidad instalada de 49 MWp. BNZ espera que la planta est\u00e9 operativa en 2023. [&hellip;]<\/p>\n","protected":false},"author":1,"featured_media":4596,"comment_status":"closed","ping_status":"closed","sticky":false,"template":"","format":"standard","meta":{"_acf_changed":false,"_et_pb_use_builder":"","_et_pb_old_content":"","_et_gb_content_width":"","footnotes":""},"categories":[58,62],"tags":[],"class_list":["post-1332","post","type-post","status-publish","format-standard","has-post-thumbnail","hentry","category-notas-de-prensa","category-proyectos"],"acf":[],"yoast_head":"<!-- This site is optimized with the Yoast SEO plugin v26.6 - https:\/\/yoast.com\/wordpress\/plugins\/seo\/ -->\n<title>BNZ construir\u00e1 una planta solar fotovoltaica de 49 MW en la Regi\u00f3n Norte \u2013 Portugal - BNZ<\/title>\n<meta name=\"robots\" content=\"index, follow, max-snippet:-1, max-image-preview:large, max-video-preview:-1\" \/>\n<link rel=\"canonical\" href=\"https:\/\/www.bnz.energy\/es\/bnz-construira-una-planta-solar-fotovoltaica-de-49-mw-en-la-region-norte-portugal\/\" \/>\n<meta property=\"og:locale\" content=\"es_ES\" \/>\n<meta property=\"og:type\" content=\"article\" \/>\n<meta property=\"og:title\" content=\"BNZ construir\u00e1 una planta solar fotovoltaica de 49 MW en la Regi\u00f3n Norte \u2013 Portugal - BNZ\" \/>\n<meta property=\"og:description\" content=\"BNZ, productor de energ\u00eda independiente (IPP) que desarrolla, construye y opera proyectos solares fotovoltaicos, ha obtenido la autorizaci\u00f3n en la Regi\u00f3n Norte \u2013 Portugal, para iniciar la construcci\u00f3n de una planta solar fotovoltaica en la comunidad intermunicipal de Ave, con una capacidad instalada de 49 MWp. BNZ espera que la planta est\u00e9 operativa en 2023. [&hellip;]\" \/>\n<meta property=\"og:url\" content=\"https:\/\/www.bnz.energy\/es\/bnz-construira-una-planta-solar-fotovoltaica-de-49-mw-en-la-region-norte-portugal\/\" \/>\n<meta property=\"og:site_name\" content=\"BNZ\" \/>\n<meta property=\"article:published_time\" content=\"2022-05-31T11:46:50+00:00\" \/>\n<meta property=\"article:modified_time\" content=\"2025-02-14T12:35:25+00:00\" \/>\n<meta property=\"og:image\" content=\"https:\/\/www.bnz.energy\/wp-content\/uploads\/2022\/05\/PRESS-ROOM_2022_3_MAY_BNZ-will-build-a-49MW-solar-PV-plant-in-PT.jpg\" \/>\n\t<meta property=\"og:image:width\" content=\"1024\" \/>\n\t<meta property=\"og:image:height\" content=\"768\" \/>\n\t<meta property=\"og:image:type\" content=\"image\/jpeg\" \/>\n<meta name=\"author\" content=\"admin_bnz\" \/>\n<meta name=\"twitter:card\" content=\"summary_large_image\" \/>\n<meta name=\"twitter:label1\" content=\"Escrito por\" \/>\n\t<meta name=\"twitter:data1\" content=\"admin_bnz\" \/>\n\t<meta name=\"twitter:label2\" content=\"Tiempo de lectura\" \/>\n\t<meta name=\"twitter:data2\" content=\"1 minuto\" \/>\n<script type=\"application\/ld+json\" class=\"yoast-schema-graph\">{\"@context\":\"https:\/\/schema.org\",\"@graph\":[{\"@type\":\"Article\",\"@id\":\"https:\/\/www.bnz.energy\/es\/bnz-construira-una-planta-solar-fotovoltaica-de-49-mw-en-la-region-norte-portugal\/#article\",\"isPartOf\":{\"@id\":\"https:\/\/www.bnz.energy\/es\/bnz-construira-una-planta-solar-fotovoltaica-de-49-mw-en-la-region-norte-portugal\/\"},\"author\":{\"name\":\"admin_bnz\",\"@id\":\"https:\/\/www.bnz.energy\/#\/schema\/person\/e358b3214b1b4a9b443d49305c239bbe\"},\"headline\":\"BNZ construir\u00e1 una planta solar fotovoltaica de 49 MW en la Regi\u00f3n Norte \u2013 Portugal\",\"datePublished\":\"2022-05-31T11:46:50+00:00\",\"dateModified\":\"2025-02-14T12:35:25+00:00\",\"mainEntityOfPage\":{\"@id\":\"https:\/\/www.bnz.energy\/es\/bnz-construira-una-planta-solar-fotovoltaica-de-49-mw-en-la-region-norte-portugal\/\"},\"wordCount\":592,\"publisher\":{\"@id\":\"https:\/\/www.bnz.energy\/#organization\"},\"image\":{\"@id\":\"https:\/\/www.bnz.energy\/es\/bnz-construira-una-planta-solar-fotovoltaica-de-49-mw-en-la-region-norte-portugal\/#primaryimage\"},\"thumbnailUrl\":\"https:\/\/www.bnz.energy\/wp-content\/uploads\/2022\/05\/PRESS-ROOM_2022_3_MAY_BNZ-will-build-a-49MW-solar-PV-plant-in-PT.jpg\",\"articleSection\":[\"Notas de prensa\",\"Proyectos\"],\"inLanguage\":\"es\"},{\"@type\":\"WebPage\",\"@id\":\"https:\/\/www.bnz.energy\/es\/bnz-construira-una-planta-solar-fotovoltaica-de-49-mw-en-la-region-norte-portugal\/\",\"url\":\"https:\/\/www.bnz.energy\/es\/bnz-construira-una-planta-solar-fotovoltaica-de-49-mw-en-la-region-norte-portugal\/\",\"name\":\"BNZ construir\u00e1 una planta solar fotovoltaica de 49 MW en la Regi\u00f3n Norte \u2013 Portugal - BNZ\",\"isPartOf\":{\"@id\":\"https:\/\/www.bnz.energy\/#website\"},\"primaryImageOfPage\":{\"@id\":\"https:\/\/www.bnz.energy\/es\/bnz-construira-una-planta-solar-fotovoltaica-de-49-mw-en-la-region-norte-portugal\/#primaryimage\"},\"image\":{\"@id\":\"https:\/\/www.bnz.energy\/es\/bnz-construira-una-planta-solar-fotovoltaica-de-49-mw-en-la-region-norte-portugal\/#primaryimage\"},\"thumbnailUrl\":\"https:\/\/www.bnz.energy\/wp-content\/uploads\/2022\/05\/PRESS-ROOM_2022_3_MAY_BNZ-will-build-a-49MW-solar-PV-plant-in-PT.jpg\",\"datePublished\":\"2022-05-31T11:46:50+00:00\",\"dateModified\":\"2025-02-14T12:35:25+00:00\",\"breadcrumb\":{\"@id\":\"https:\/\/www.bnz.energy\/es\/bnz-construira-una-planta-solar-fotovoltaica-de-49-mw-en-la-region-norte-portugal\/#breadcrumb\"},\"inLanguage\":\"es\",\"potentialAction\":[{\"@type\":\"ReadAction\",\"target\":[\"https:\/\/www.bnz.energy\/es\/bnz-construira-una-planta-solar-fotovoltaica-de-49-mw-en-la-region-norte-portugal\/\"]}]},{\"@type\":\"ImageObject\",\"inLanguage\":\"es\",\"@id\":\"https:\/\/www.bnz.energy\/es\/bnz-construira-una-planta-solar-fotovoltaica-de-49-mw-en-la-region-norte-portugal\/#primaryimage\",\"url\":\"https:\/\/www.bnz.energy\/wp-content\/uploads\/2022\/05\/PRESS-ROOM_2022_3_MAY_BNZ-will-build-a-49MW-solar-PV-plant-in-PT.jpg\",\"contentUrl\":\"https:\/\/www.bnz.energy\/wp-content\/uploads\/2022\/05\/PRESS-ROOM_2022_3_MAY_BNZ-will-build-a-49MW-solar-PV-plant-in-PT.jpg\",\"width\":1024,\"height\":768},{\"@type\":\"BreadcrumbList\",\"@id\":\"https:\/\/www.bnz.energy\/es\/bnz-construira-una-planta-solar-fotovoltaica-de-49-mw-en-la-region-norte-portugal\/#breadcrumb\",\"itemListElement\":[{\"@type\":\"ListItem\",\"position\":1,\"name\":\"Home\",\"item\":\"https:\/\/www.bnz.energy\/es\/\"},{\"@type\":\"ListItem\",\"position\":2,\"name\":\"BNZ construir\u00e1 una planta solar fotovoltaica de 49 MW en la Regi\u00f3n Norte \u2013 Portugal\"}]},{\"@type\":\"WebSite\",\"@id\":\"https:\/\/www.bnz.energy\/#website\",\"url\":\"https:\/\/www.bnz.energy\/\",\"name\":\"BNZ\",\"description\":\"\",\"publisher\":{\"@id\":\"https:\/\/www.bnz.energy\/#organization\"},\"potentialAction\":[{\"@type\":\"SearchAction\",\"target\":{\"@type\":\"EntryPoint\",\"urlTemplate\":\"https:\/\/www.bnz.energy\/?s={search_term_string}\"},\"query-input\":{\"@type\":\"PropertyValueSpecification\",\"valueRequired\":true,\"valueName\":\"search_term_string\"}}],\"inLanguage\":\"es\"},{\"@type\":\"Organization\",\"@id\":\"https:\/\/www.bnz.energy\/#organization\",\"name\":\"BNZ\",\"url\":\"https:\/\/www.bnz.energy\/\",\"logo\":{\"@type\":\"ImageObject\",\"inLanguage\":\"es\",\"@id\":\"https:\/\/www.bnz.energy\/#\/schema\/logo\/image\/\",\"url\":\"https:\/\/www.bnz.energy\/wp-content\/uploads\/2024\/12\/Capa_1.svg\",\"contentUrl\":\"https:\/\/www.bnz.energy\/wp-content\/uploads\/2024\/12\/Capa_1.svg\",\"width\":1,\"height\":1,\"caption\":\"BNZ\"},\"image\":{\"@id\":\"https:\/\/www.bnz.energy\/#\/schema\/logo\/image\/\"},\"sameAs\":[\"https:\/\/www.linkedin.com\/company\/bnetzero\/\"]},{\"@type\":\"Person\",\"@id\":\"https:\/\/www.bnz.energy\/#\/schema\/person\/e358b3214b1b4a9b443d49305c239bbe\",\"name\":\"admin_bnz\",\"image\":{\"@type\":\"ImageObject\",\"inLanguage\":\"es\",\"@id\":\"https:\/\/www.bnz.energy\/#\/schema\/person\/image\/\",\"url\":\"https:\/\/secure.gravatar.com\/avatar\/cc90964e5c0de17136af9d9d3171efa5c21c920531a6aaa763a62c13f62ec30a?s=96&d=mm&r=g\",\"contentUrl\":\"https:\/\/secure.gravatar.com\/avatar\/cc90964e5c0de17136af9d9d3171efa5c21c920531a6aaa763a62c13f62ec30a?s=96&d=mm&r=g\",\"caption\":\"admin_bnz\"},\"sameAs\":[\"https:\/\/www.bnz.energy\"],\"url\":\"https:\/\/www.bnz.energy\/es\/author\/admin_bnz\/\"}]}<\/script>\n<!-- \/ Yoast SEO plugin. -->","yoast_head_json":{"title":"BNZ construir\u00e1 una planta solar fotovoltaica de 49 MW en la Regi\u00f3n Norte \u2013 Portugal - BNZ","robots":{"index":"index","follow":"follow","max-snippet":"max-snippet:-1","max-image-preview":"max-image-preview:large","max-video-preview":"max-video-preview:-1"},"canonical":"https:\/\/www.bnz.energy\/es\/bnz-construira-una-planta-solar-fotovoltaica-de-49-mw-en-la-region-norte-portugal\/","og_locale":"es_ES","og_type":"article","og_title":"BNZ construir\u00e1 una planta solar fotovoltaica de 49 MW en la Regi\u00f3n Norte \u2013 Portugal - BNZ","og_description":"BNZ, productor de energ\u00eda independiente (IPP) que desarrolla, construye y opera proyectos solares fotovoltaicos, ha obtenido la autorizaci\u00f3n en la Regi\u00f3n Norte \u2013 Portugal, para iniciar la construcci\u00f3n de una planta solar fotovoltaica en la comunidad intermunicipal de Ave, con una capacidad instalada de 49 MWp. BNZ espera que la planta est\u00e9 operativa en 2023. [&hellip;]","og_url":"https:\/\/www.bnz.energy\/es\/bnz-construira-una-planta-solar-fotovoltaica-de-49-mw-en-la-region-norte-portugal\/","og_site_name":"BNZ","article_published_time":"2022-05-31T11:46:50+00:00","article_modified_time":"2025-02-14T12:35:25+00:00","og_image":[{"width":1024,"height":768,"url":"https:\/\/www.bnz.energy\/wp-content\/uploads\/2022\/05\/PRESS-ROOM_2022_3_MAY_BNZ-will-build-a-49MW-solar-PV-plant-in-PT.jpg","type":"image\/jpeg"}],"author":"admin_bnz","twitter_card":"summary_large_image","twitter_misc":{"Escrito por":"admin_bnz","Tiempo de lectura":"1 minuto"},"schema":{"@context":"https:\/\/schema.org","@graph":[{"@type":"Article","@id":"https:\/\/www.bnz.energy\/es\/bnz-construira-una-planta-solar-fotovoltaica-de-49-mw-en-la-region-norte-portugal\/#article","isPartOf":{"@id":"https:\/\/www.bnz.energy\/es\/bnz-construira-una-planta-solar-fotovoltaica-de-49-mw-en-la-region-norte-portugal\/"},"author":{"name":"admin_bnz","@id":"https:\/\/www.bnz.energy\/#\/schema\/person\/e358b3214b1b4a9b443d49305c239bbe"},"headline":"BNZ construir\u00e1 una planta solar fotovoltaica de 49 MW en la Regi\u00f3n Norte \u2013 Portugal","datePublished":"2022-05-31T11:46:50+00:00","dateModified":"2025-02-14T12:35:25+00:00","mainEntityOfPage":{"@id":"https:\/\/www.bnz.energy\/es\/bnz-construira-una-planta-solar-fotovoltaica-de-49-mw-en-la-region-norte-portugal\/"},"wordCount":592,"publisher":{"@id":"https:\/\/www.bnz.energy\/#organization"},"image":{"@id":"https:\/\/www.bnz.energy\/es\/bnz-construira-una-planta-solar-fotovoltaica-de-49-mw-en-la-region-norte-portugal\/#primaryimage"},"thumbnailUrl":"https:\/\/www.bnz.energy\/wp-content\/uploads\/2022\/05\/PRESS-ROOM_2022_3_MAY_BNZ-will-build-a-49MW-solar-PV-plant-in-PT.jpg","articleSection":["Notas de prensa","Proyectos"],"inLanguage":"es"},{"@type":"WebPage","@id":"https:\/\/www.bnz.energy\/es\/bnz-construira-una-planta-solar-fotovoltaica-de-49-mw-en-la-region-norte-portugal\/","url":"https:\/\/www.bnz.energy\/es\/bnz-construira-una-planta-solar-fotovoltaica-de-49-mw-en-la-region-norte-portugal\/","name":"BNZ construir\u00e1 una planta solar fotovoltaica de 49 MW en la Regi\u00f3n Norte \u2013 Portugal - BNZ","isPartOf":{"@id":"https:\/\/www.bnz.energy\/#website"},"primaryImageOfPage":{"@id":"https:\/\/www.bnz.energy\/es\/bnz-construira-una-planta-solar-fotovoltaica-de-49-mw-en-la-region-norte-portugal\/#primaryimage"},"image":{"@id":"https:\/\/www.bnz.energy\/es\/bnz-construira-una-planta-solar-fotovoltaica-de-49-mw-en-la-region-norte-portugal\/#primaryimage"},"thumbnailUrl":"https:\/\/www.bnz.energy\/wp-content\/uploads\/2022\/05\/PRESS-ROOM_2022_3_MAY_BNZ-will-build-a-49MW-solar-PV-plant-in-PT.jpg","datePublished":"2022-05-31T11:46:50+00:00","dateModified":"2025-02-14T12:35:25+00:00","breadcrumb":{"@id":"https:\/\/www.bnz.energy\/es\/bnz-construira-una-planta-solar-fotovoltaica-de-49-mw-en-la-region-norte-portugal\/#breadcrumb"},"inLanguage":"es","potentialAction":[{"@type":"ReadAction","target":["https:\/\/www.bnz.energy\/es\/bnz-construira-una-planta-solar-fotovoltaica-de-49-mw-en-la-region-norte-portugal\/"]}]},{"@type":"ImageObject","inLanguage":"es","@id":"https:\/\/www.bnz.energy\/es\/bnz-construira-una-planta-solar-fotovoltaica-de-49-mw-en-la-region-norte-portugal\/#primaryimage","url":"https:\/\/www.bnz.energy\/wp-content\/uploads\/2022\/05\/PRESS-ROOM_2022_3_MAY_BNZ-will-build-a-49MW-solar-PV-plant-in-PT.jpg","contentUrl":"https:\/\/www.bnz.energy\/wp-content\/uploads\/2022\/05\/PRESS-ROOM_2022_3_MAY_BNZ-will-build-a-49MW-solar-PV-plant-in-PT.jpg","width":1024,"height":768},{"@type":"BreadcrumbList","@id":"https:\/\/www.bnz.energy\/es\/bnz-construira-una-planta-solar-fotovoltaica-de-49-mw-en-la-region-norte-portugal\/#breadcrumb","itemListElement":[{"@type":"ListItem","position":1,"name":"Home","item":"https:\/\/www.bnz.energy\/es\/"},{"@type":"ListItem","position":2,"name":"BNZ construir\u00e1 una planta solar fotovoltaica de 49 MW en la Regi\u00f3n Norte \u2013 Portugal"}]},{"@type":"WebSite","@id":"https:\/\/www.bnz.energy\/#website","url":"https:\/\/www.bnz.energy\/","name":"BNZ","description":"","publisher":{"@id":"https:\/\/www.bnz.energy\/#organization"},"potentialAction":[{"@type":"SearchAction","target":{"@type":"EntryPoint","urlTemplate":"https:\/\/www.bnz.energy\/?s={search_term_string}"},"query-input":{"@type":"PropertyValueSpecification","valueRequired":true,"valueName":"search_term_string"}}],"inLanguage":"es"},{"@type":"Organization","@id":"https:\/\/www.bnz.energy\/#organization","name":"BNZ","url":"https:\/\/www.bnz.energy\/","logo":{"@type":"ImageObject","inLanguage":"es","@id":"https:\/\/www.bnz.energy\/#\/schema\/logo\/image\/","url":"https:\/\/www.bnz.energy\/wp-content\/uploads\/2024\/12\/Capa_1.svg","contentUrl":"https:\/\/www.bnz.energy\/wp-content\/uploads\/2024\/12\/Capa_1.svg","width":1,"height":1,"caption":"BNZ"},"image":{"@id":"https:\/\/www.bnz.energy\/#\/schema\/logo\/image\/"},"sameAs":["https:\/\/www.linkedin.com\/company\/bnetzero\/"]},{"@type":"Person","@id":"https:\/\/www.bnz.energy\/#\/schema\/person\/e358b3214b1b4a9b443d49305c239bbe","name":"admin_bnz","image":{"@type":"ImageObject","inLanguage":"es","@id":"https:\/\/www.bnz.energy\/#\/schema\/person\/image\/","url":"https:\/\/secure.gravatar.com\/avatar\/cc90964e5c0de17136af9d9d3171efa5c21c920531a6aaa763a62c13f62ec30a?s=96&d=mm&r=g","contentUrl":"https:\/\/secure.gravatar.com\/avatar\/cc90964e5c0de17136af9d9d3171efa5c21c920531a6aaa763a62c13f62ec30a?s=96&d=mm&r=g","caption":"admin_bnz"},"sameAs":["https:\/\/www.bnz.energy"],"url":"https:\/\/www.bnz.energy\/es\/author\/admin_bnz\/"}]}},"_links":{"self":[{"href":"https:\/\/www.bnz.energy\/es\/wp-json\/wp\/v2\/posts\/1332","targetHints":{"allow":["GET"]}}],"collection":[{"href":"https:\/\/www.bnz.energy\/es\/wp-json\/wp\/v2\/posts"}],"about":[{"href":"https:\/\/www.bnz.energy\/es\/wp-json\/wp\/v2\/types\/post"}],"author":[{"embeddable":true,"href":"https:\/\/www.bnz.energy\/es\/wp-json\/wp\/v2\/users\/1"}],"replies":[{"embeddable":true,"href":"https:\/\/www.bnz.energy\/es\/wp-json\/wp\/v2\/comments?post=1332"}],"version-history":[{"count":1,"href":"https:\/\/www.bnz.energy\/es\/wp-json\/wp\/v2\/posts\/1332\/revisions"}],"predecessor-version":[{"id":6886,"href":"https:\/\/www.bnz.energy\/es\/wp-json\/wp\/v2\/posts\/1332\/revisions\/6886"}],"wp:featuredmedia":[{"embeddable":true,"href":"https:\/\/www.bnz.energy\/es\/wp-json\/wp\/v2\/media\/4596"}],"wp:attachment":[{"href":"https:\/\/www.bnz.energy\/es\/wp-json\/wp\/v2\/media?parent=1332"}],"wp:term":[{"taxonomy":"category","embeddable":true,"href":"https:\/\/www.bnz.energy\/es\/wp-json\/wp\/v2\/categories?post=1332"},{"taxonomy":"post_tag","embeddable":true,"href":"https:\/\/www.bnz.energy\/es\/wp-json\/wp\/v2\/tags?post=1332"}],"curies":[{"name":"wp","href":"https:\/\/api.w.org\/{rel}","templated":true}]}}