{"id":9400,"date":"2025-04-22T08:30:09","date_gmt":"2025-04-22T08:30:09","guid":{"rendered":"https:\/\/www.bnz.energy\/?p=9400"},"modified":"2025-04-22T09:37:15","modified_gmt":"2025-04-22T09:37:15","slug":"bnz-inaugura-lactivitat-duna-planta-fotovoltaica-a-jaen-de-345-mw","status":"publish","type":"post","link":"https:\/\/www.bnz.energy\/ca\/bnz-inaugura-lactivitat-duna-planta-fotovoltaica-a-jaen-de-345-mw\/","title":{"rendered":"BNZ inaugura l&#8217;activitat d&#8217;una planta fotovoltaica a Ja\u00e9n de 34,5 MW"},"content":{"rendered":"<p data-pm-slice=\"1 1 []\">BNZ, productor d&#8217;energia independent (IPP) que desenvolupa, construeix i opera projectes fotovoltaics, ha inaugurat l&#8217;activitat d&#8217;una planta fotovoltaica a Ja\u00e9n (Andalusia). Anomenada Santa Catalina, la instal\u00b7laci\u00f3 t\u00e9 una pot\u00e8ncia total de fins a 34,5 MW.<\/p>\n<p>Amb l&#8217;energia neta produ\u00efda en aquesta planta s&#8217;espera evitar l&#8217;emissi\u00f3 de 18.534 tones de CO\u2082 equivalent a l&#8217;any, cosa que representa 22.600 viatges d&#8217;anada i tornada entre l&#8217;aeroport Federico Garc\u00eda Lorca Granada-Ja\u00e9n i Berl\u00edn.<\/p>\n<p>Amb l&#8217;inici de l&#8217;activitat a Ja\u00e9n, BNZ arriba a la seva sisena instal\u00b7laci\u00f3 a Espanya i la segona a Andalusia, despr\u00e9s de Cadis. Aquest desenvolupament segueix les inauguracions a Moratalla (M\u00farcia) i M\u00e8rida (Extremadura).<\/p>\n<p>Durant l&#8217;execuci\u00f3 del projecte, l&#8217;empresa tamb\u00e9 ha contribu\u00eft significativament a l&#8217;economia local, ja que ha contractat un total de 82 empreses i ha generat 57 llocs de treball directes i indirectes. Aix\u00f2 no nom\u00e9s ha cobert la construcci\u00f3, sin\u00f3 que tamb\u00e9 ha tingut un efecte positiu en altres sectors, dinamitzant-los i afavorint-ne el desenvolupament a la regi\u00f3.<\/p>\n<p>El director general de BNZ, Luis Selva, assegura: <em>&#8220;La posada en marxa de Santa Catalina suposa una gran fita per a nosaltres, ja que reflecteix la nostra ambici\u00f3 per continuar avan\u00e7ant estrat\u00e8gicament a Espanya i el nostre comprom\u00eds amb la descarbonitzaci\u00f3 a tota Europa. Ja\u00e9n t\u00e9 molt\u00edssim potencial en el sector de les energies 100% renovables i s&#8217;alinea perfectament amb la nostra visi\u00f3.&#8221;<\/em><\/p>\n<p>BNZ impulsa la regeneraci\u00f3 mediambiental del territori<\/p>\n<p>En el seu comprom\u00eds per continuar generant valor en les comunitats locals on t\u00e9 pres\u00e8ncia, BNZ vol que la seva nova instal\u00b7laci\u00f3 compleixi els m\u00e0xims criteris de regeneraci\u00f3 ambiental. En aquest sentit, ha col\u00b7laborat estretament amb les autoritats de Ja\u00e9n per a la implementaci\u00f3 de m\u00faltiples projectes que contribueixen a la protecci\u00f3 de la flora i la fauna del territori.<\/p>\n<p>Entre aquests projectes destaca la protecci\u00f3 de l&#8217;avifauna davant del risc potencial generat per les instal\u00b7lacions el\u00e8ctriques, aix\u00ed com la contribuci\u00f3 al seu benestar amb compensacions per la p\u00e8rdua del substrat de nidificaci\u00f3. Aix\u00ed mateix, l&#8217;empresa tamb\u00e9 ha implementat connexions naturals en forma de biocorredors i ha instal\u00b7lat refugis per a animals.<\/p>\n<p>Per tot aix\u00f2, BNZ aposta fermament per un model de treball en qu\u00e8 el desenvolupament de les renovables s&#8217;harmonitza amb la revitalitzaci\u00f3 de l&#8217;entorn natural i el benestar social.<\/p>\n","protected":false},"excerpt":{"rendered":"<p>BNZ, productor d&#8217;energia independent (IPP) que desenvolupa, construeix i opera projectes fotovoltaics, ha inaugurat l&#8217;activitat d&#8217;una planta fotovoltaica a Ja\u00e9n (Andalusia). Anomenada Santa Catalina, la instal\u00b7laci\u00f3 t\u00e9 una pot\u00e8ncia total de fins a 34,5 MW. Amb l&#8217;energia neta produ\u00efda en aquesta planta s&#8217;espera evitar l&#8217;emissi\u00f3 de 18.534 tones de CO\u2082 equivalent a l&#8217;any, cosa que [&hellip;]<\/p>\n","protected":false},"author":8,"featured_media":9364,"comment_status":"open","ping_status":"open","sticky":false,"template":"","format":"standard","meta":{"_acf_changed":false,"_et_pb_use_builder":"","_et_pb_old_content":"","_et_gb_content_width":"","footnotes":""},"categories":[55],"tags":[],"class_list":["post-9400","post","type-post","status-publish","format-standard","has-post-thumbnail","hentry","category-notes-de-premsa"],"acf":[],"yoast_head":"<!-- This site is optimized with the Yoast SEO plugin v26.6 - https:\/\/yoast.com\/wordpress\/plugins\/seo\/ -->\n<title>BNZ inaugura l&#039;activitat d&#039;una planta fotovoltaica a Ja\u00e9n de 34,5 MW - BNZ<\/title>\n<meta name=\"robots\" content=\"index, follow, max-snippet:-1, max-image-preview:large, max-video-preview:-1\" \/>\n<link rel=\"canonical\" href=\"https:\/\/www.bnz.energy\/ca\/bnz-inaugura-lactivitat-duna-planta-fotovoltaica-a-jaen-de-345-mw\/\" \/>\n<meta property=\"og:locale\" content=\"ca_ES\" \/>\n<meta property=\"og:type\" content=\"article\" \/>\n<meta property=\"og:title\" content=\"BNZ inaugura l&#039;activitat d&#039;una planta fotovoltaica a Ja\u00e9n de 34,5 MW - BNZ\" \/>\n<meta property=\"og:description\" content=\"BNZ, productor d&#8217;energia independent (IPP) que desenvolupa, construeix i opera projectes fotovoltaics, ha inaugurat l&#8217;activitat d&#8217;una planta fotovoltaica a Ja\u00e9n (Andalusia). Anomenada Santa Catalina, la instal\u00b7laci\u00f3 t\u00e9 una pot\u00e8ncia total de fins a 34,5 MW. Amb l&#8217;energia neta produ\u00efda en aquesta planta s&#8217;espera evitar l&#8217;emissi\u00f3 de 18.534 tones de CO\u2082 equivalent a l&#8217;any, cosa que [&hellip;]\" \/>\n<meta property=\"og:url\" content=\"https:\/\/www.bnz.energy\/ca\/bnz-inaugura-lactivitat-duna-planta-fotovoltaica-a-jaen-de-345-mw\/\" \/>\n<meta property=\"og:site_name\" content=\"BNZ\" \/>\n<meta property=\"article:published_time\" content=\"2025-04-22T08:30:09+00:00\" \/>\n<meta property=\"article:modified_time\" content=\"2025-04-22T09:37:15+00:00\" \/>\n<meta property=\"og:image\" content=\"https:\/\/www.bnz.energy\/wp-content\/uploads\/2025\/04\/IMG_BNZ-inaugura-la-actividad-de-una-planta-fotovoltaica-en-Jaen-de-345-MW-1.jpeg\" \/>\n\t<meta property=\"og:image:width\" content=\"859\" \/>\n\t<meta property=\"og:image:height\" content=\"627\" \/>\n\t<meta property=\"og:image:type\" content=\"image\/jpeg\" \/>\n<meta name=\"author\" content=\"rfeliu\" \/>\n<meta name=\"twitter:card\" content=\"summary_large_image\" \/>\n<meta name=\"twitter:label1\" content=\"Escrit per\" \/>\n\t<meta name=\"twitter:data1\" content=\"rfeliu\" \/>\n\t<meta name=\"twitter:label2\" content=\"Temps estimat de lectura\" \/>\n\t<meta name=\"twitter:data2\" content=\"2 minuts\" \/>\n<script type=\"application\/ld+json\" class=\"yoast-schema-graph\">{\"@context\":\"https:\/\/schema.org\",\"@graph\":[{\"@type\":\"Article\",\"@id\":\"https:\/\/www.bnz.energy\/ca\/bnz-inaugura-lactivitat-duna-planta-fotovoltaica-a-jaen-de-345-mw\/#article\",\"isPartOf\":{\"@id\":\"https:\/\/www.bnz.energy\/ca\/bnz-inaugura-lactivitat-duna-planta-fotovoltaica-a-jaen-de-345-mw\/\"},\"author\":{\"name\":\"rfeliu\",\"@id\":\"https:\/\/www.bnz.energy\/#\/schema\/person\/30a0168daa9aceb70e107627f8ea37c1\"},\"headline\":\"BNZ inaugura l&#8217;activitat d&#8217;una planta fotovoltaica a Ja\u00e9n de 34,5 MW\",\"datePublished\":\"2025-04-22T08:30:09+00:00\",\"dateModified\":\"2025-04-22T09:37:15+00:00\",\"mainEntityOfPage\":{\"@id\":\"https:\/\/www.bnz.energy\/ca\/bnz-inaugura-lactivitat-duna-planta-fotovoltaica-a-jaen-de-345-mw\/\"},\"wordCount\":427,\"commentCount\":0,\"publisher\":{\"@id\":\"https:\/\/www.bnz.energy\/#organization\"},\"image\":{\"@id\":\"https:\/\/www.bnz.energy\/ca\/bnz-inaugura-lactivitat-duna-planta-fotovoltaica-a-jaen-de-345-mw\/#primaryimage\"},\"thumbnailUrl\":\"https:\/\/www.bnz.energy\/wp-content\/uploads\/2025\/04\/IMG_BNZ-inaugura-la-actividad-de-una-planta-fotovoltaica-en-Jaen-de-345-MW-1.jpeg\",\"articleSection\":[\"Notes de premsa\"],\"inLanguage\":\"ca\",\"potentialAction\":[{\"@type\":\"CommentAction\",\"name\":\"Comment\",\"target\":[\"https:\/\/www.bnz.energy\/ca\/bnz-inaugura-lactivitat-duna-planta-fotovoltaica-a-jaen-de-345-mw\/#respond\"]}]},{\"@type\":\"WebPage\",\"@id\":\"https:\/\/www.bnz.energy\/ca\/bnz-inaugura-lactivitat-duna-planta-fotovoltaica-a-jaen-de-345-mw\/\",\"url\":\"https:\/\/www.bnz.energy\/ca\/bnz-inaugura-lactivitat-duna-planta-fotovoltaica-a-jaen-de-345-mw\/\",\"name\":\"BNZ inaugura l'activitat d'una planta fotovoltaica a Ja\u00e9n de 34,5 MW - BNZ\",\"isPartOf\":{\"@id\":\"https:\/\/www.bnz.energy\/#website\"},\"primaryImageOfPage\":{\"@id\":\"https:\/\/www.bnz.energy\/ca\/bnz-inaugura-lactivitat-duna-planta-fotovoltaica-a-jaen-de-345-mw\/#primaryimage\"},\"image\":{\"@id\":\"https:\/\/www.bnz.energy\/ca\/bnz-inaugura-lactivitat-duna-planta-fotovoltaica-a-jaen-de-345-mw\/#primaryimage\"},\"thumbnailUrl\":\"https:\/\/www.bnz.energy\/wp-content\/uploads\/2025\/04\/IMG_BNZ-inaugura-la-actividad-de-una-planta-fotovoltaica-en-Jaen-de-345-MW-1.jpeg\",\"datePublished\":\"2025-04-22T08:30:09+00:00\",\"dateModified\":\"2025-04-22T09:37:15+00:00\",\"breadcrumb\":{\"@id\":\"https:\/\/www.bnz.energy\/ca\/bnz-inaugura-lactivitat-duna-planta-fotovoltaica-a-jaen-de-345-mw\/#breadcrumb\"},\"inLanguage\":\"ca\",\"potentialAction\":[{\"@type\":\"ReadAction\",\"target\":[\"https:\/\/www.bnz.energy\/ca\/bnz-inaugura-lactivitat-duna-planta-fotovoltaica-a-jaen-de-345-mw\/\"]}]},{\"@type\":\"ImageObject\",\"inLanguage\":\"ca\",\"@id\":\"https:\/\/www.bnz.energy\/ca\/bnz-inaugura-lactivitat-duna-planta-fotovoltaica-a-jaen-de-345-mw\/#primaryimage\",\"url\":\"https:\/\/www.bnz.energy\/wp-content\/uploads\/2025\/04\/IMG_BNZ-inaugura-la-actividad-de-una-planta-fotovoltaica-en-Jaen-de-345-MW-1.jpeg\",\"contentUrl\":\"https:\/\/www.bnz.energy\/wp-content\/uploads\/2025\/04\/IMG_BNZ-inaugura-la-actividad-de-una-planta-fotovoltaica-en-Jaen-de-345-MW-1.jpeg\",\"width\":859,\"height\":627},{\"@type\":\"BreadcrumbList\",\"@id\":\"https:\/\/www.bnz.energy\/ca\/bnz-inaugura-lactivitat-duna-planta-fotovoltaica-a-jaen-de-345-mw\/#breadcrumb\",\"itemListElement\":[{\"@type\":\"ListItem\",\"position\":1,\"name\":\"Home\",\"item\":\"https:\/\/www.bnz.energy\/ca\/\"},{\"@type\":\"ListItem\",\"position\":2,\"name\":\"BNZ inaugura l&#8217;activitat d&#8217;una planta fotovoltaica a Ja\u00e9n de 34,5 MW\"}]},{\"@type\":\"WebSite\",\"@id\":\"https:\/\/www.bnz.energy\/#website\",\"url\":\"https:\/\/www.bnz.energy\/\",\"name\":\"BNZ\",\"description\":\"\",\"publisher\":{\"@id\":\"https:\/\/www.bnz.energy\/#organization\"},\"potentialAction\":[{\"@type\":\"SearchAction\",\"target\":{\"@type\":\"EntryPoint\",\"urlTemplate\":\"https:\/\/www.bnz.energy\/?s={search_term_string}\"},\"query-input\":{\"@type\":\"PropertyValueSpecification\",\"valueRequired\":true,\"valueName\":\"search_term_string\"}}],\"inLanguage\":\"ca\"},{\"@type\":\"Organization\",\"@id\":\"https:\/\/www.bnz.energy\/#organization\",\"name\":\"BNZ\",\"url\":\"https:\/\/www.bnz.energy\/\",\"logo\":{\"@type\":\"ImageObject\",\"inLanguage\":\"ca\",\"@id\":\"https:\/\/www.bnz.energy\/#\/schema\/logo\/image\/\",\"url\":\"https:\/\/www.bnz.energy\/wp-content\/uploads\/2024\/12\/Capa_1.svg\",\"contentUrl\":\"https:\/\/www.bnz.energy\/wp-content\/uploads\/2024\/12\/Capa_1.svg\",\"width\":1,\"height\":1,\"caption\":\"BNZ\"},\"image\":{\"@id\":\"https:\/\/www.bnz.energy\/#\/schema\/logo\/image\/\"},\"sameAs\":[\"https:\/\/www.linkedin.com\/company\/bnetzero\/\"]},{\"@type\":\"Person\",\"@id\":\"https:\/\/www.bnz.energy\/#\/schema\/person\/30a0168daa9aceb70e107627f8ea37c1\",\"name\":\"rfeliu\",\"image\":{\"@type\":\"ImageObject\",\"inLanguage\":\"ca\",\"@id\":\"https:\/\/www.bnz.energy\/#\/schema\/person\/image\/\",\"url\":\"https:\/\/secure.gravatar.com\/avatar\/690759e9692c42d8c3567ba1b598071aa2360bf6971ef499d38767489effd4aa?s=96&d=mm&r=g\",\"contentUrl\":\"https:\/\/secure.gravatar.com\/avatar\/690759e9692c42d8c3567ba1b598071aa2360bf6971ef499d38767489effd4aa?s=96&d=mm&r=g\",\"caption\":\"rfeliu\"},\"url\":\"https:\/\/www.bnz.energy\/ca\/author\/rfeliu\/\"}]}<\/script>\n<!-- \/ Yoast SEO plugin. -->","yoast_head_json":{"title":"BNZ inaugura l'activitat d'una planta fotovoltaica a Ja\u00e9n de 34,5 MW - BNZ","robots":{"index":"index","follow":"follow","max-snippet":"max-snippet:-1","max-image-preview":"max-image-preview:large","max-video-preview":"max-video-preview:-1"},"canonical":"https:\/\/www.bnz.energy\/ca\/bnz-inaugura-lactivitat-duna-planta-fotovoltaica-a-jaen-de-345-mw\/","og_locale":"ca_ES","og_type":"article","og_title":"BNZ inaugura l'activitat d'una planta fotovoltaica a Ja\u00e9n de 34,5 MW - BNZ","og_description":"BNZ, productor d&#8217;energia independent (IPP) que desenvolupa, construeix i opera projectes fotovoltaics, ha inaugurat l&#8217;activitat d&#8217;una planta fotovoltaica a Ja\u00e9n (Andalusia). Anomenada Santa Catalina, la instal\u00b7laci\u00f3 t\u00e9 una pot\u00e8ncia total de fins a 34,5 MW. Amb l&#8217;energia neta produ\u00efda en aquesta planta s&#8217;espera evitar l&#8217;emissi\u00f3 de 18.534 tones de CO\u2082 equivalent a l&#8217;any, cosa que [&hellip;]","og_url":"https:\/\/www.bnz.energy\/ca\/bnz-inaugura-lactivitat-duna-planta-fotovoltaica-a-jaen-de-345-mw\/","og_site_name":"BNZ","article_published_time":"2025-04-22T08:30:09+00:00","article_modified_time":"2025-04-22T09:37:15+00:00","og_image":[{"width":859,"height":627,"url":"https:\/\/www.bnz.energy\/wp-content\/uploads\/2025\/04\/IMG_BNZ-inaugura-la-actividad-de-una-planta-fotovoltaica-en-Jaen-de-345-MW-1.jpeg","type":"image\/jpeg"}],"author":"rfeliu","twitter_card":"summary_large_image","twitter_misc":{"Escrit per":"rfeliu","Temps estimat de lectura":"2 minuts"},"schema":{"@context":"https:\/\/schema.org","@graph":[{"@type":"Article","@id":"https:\/\/www.bnz.energy\/ca\/bnz-inaugura-lactivitat-duna-planta-fotovoltaica-a-jaen-de-345-mw\/#article","isPartOf":{"@id":"https:\/\/www.bnz.energy\/ca\/bnz-inaugura-lactivitat-duna-planta-fotovoltaica-a-jaen-de-345-mw\/"},"author":{"name":"rfeliu","@id":"https:\/\/www.bnz.energy\/#\/schema\/person\/30a0168daa9aceb70e107627f8ea37c1"},"headline":"BNZ inaugura l&#8217;activitat d&#8217;una planta fotovoltaica a Ja\u00e9n de 34,5 MW","datePublished":"2025-04-22T08:30:09+00:00","dateModified":"2025-04-22T09:37:15+00:00","mainEntityOfPage":{"@id":"https:\/\/www.bnz.energy\/ca\/bnz-inaugura-lactivitat-duna-planta-fotovoltaica-a-jaen-de-345-mw\/"},"wordCount":427,"commentCount":0,"publisher":{"@id":"https:\/\/www.bnz.energy\/#organization"},"image":{"@id":"https:\/\/www.bnz.energy\/ca\/bnz-inaugura-lactivitat-duna-planta-fotovoltaica-a-jaen-de-345-mw\/#primaryimage"},"thumbnailUrl":"https:\/\/www.bnz.energy\/wp-content\/uploads\/2025\/04\/IMG_BNZ-inaugura-la-actividad-de-una-planta-fotovoltaica-en-Jaen-de-345-MW-1.jpeg","articleSection":["Notes de premsa"],"inLanguage":"ca","potentialAction":[{"@type":"CommentAction","name":"Comment","target":["https:\/\/www.bnz.energy\/ca\/bnz-inaugura-lactivitat-duna-planta-fotovoltaica-a-jaen-de-345-mw\/#respond"]}]},{"@type":"WebPage","@id":"https:\/\/www.bnz.energy\/ca\/bnz-inaugura-lactivitat-duna-planta-fotovoltaica-a-jaen-de-345-mw\/","url":"https:\/\/www.bnz.energy\/ca\/bnz-inaugura-lactivitat-duna-planta-fotovoltaica-a-jaen-de-345-mw\/","name":"BNZ inaugura l'activitat d'una planta fotovoltaica a Ja\u00e9n de 34,5 MW - BNZ","isPartOf":{"@id":"https:\/\/www.bnz.energy\/#website"},"primaryImageOfPage":{"@id":"https:\/\/www.bnz.energy\/ca\/bnz-inaugura-lactivitat-duna-planta-fotovoltaica-a-jaen-de-345-mw\/#primaryimage"},"image":{"@id":"https:\/\/www.bnz.energy\/ca\/bnz-inaugura-lactivitat-duna-planta-fotovoltaica-a-jaen-de-345-mw\/#primaryimage"},"thumbnailUrl":"https:\/\/www.bnz.energy\/wp-content\/uploads\/2025\/04\/IMG_BNZ-inaugura-la-actividad-de-una-planta-fotovoltaica-en-Jaen-de-345-MW-1.jpeg","datePublished":"2025-04-22T08:30:09+00:00","dateModified":"2025-04-22T09:37:15+00:00","breadcrumb":{"@id":"https:\/\/www.bnz.energy\/ca\/bnz-inaugura-lactivitat-duna-planta-fotovoltaica-a-jaen-de-345-mw\/#breadcrumb"},"inLanguage":"ca","potentialAction":[{"@type":"ReadAction","target":["https:\/\/www.bnz.energy\/ca\/bnz-inaugura-lactivitat-duna-planta-fotovoltaica-a-jaen-de-345-mw\/"]}]},{"@type":"ImageObject","inLanguage":"ca","@id":"https:\/\/www.bnz.energy\/ca\/bnz-inaugura-lactivitat-duna-planta-fotovoltaica-a-jaen-de-345-mw\/#primaryimage","url":"https:\/\/www.bnz.energy\/wp-content\/uploads\/2025\/04\/IMG_BNZ-inaugura-la-actividad-de-una-planta-fotovoltaica-en-Jaen-de-345-MW-1.jpeg","contentUrl":"https:\/\/www.bnz.energy\/wp-content\/uploads\/2025\/04\/IMG_BNZ-inaugura-la-actividad-de-una-planta-fotovoltaica-en-Jaen-de-345-MW-1.jpeg","width":859,"height":627},{"@type":"BreadcrumbList","@id":"https:\/\/www.bnz.energy\/ca\/bnz-inaugura-lactivitat-duna-planta-fotovoltaica-a-jaen-de-345-mw\/#breadcrumb","itemListElement":[{"@type":"ListItem","position":1,"name":"Home","item":"https:\/\/www.bnz.energy\/ca\/"},{"@type":"ListItem","position":2,"name":"BNZ inaugura l&#8217;activitat d&#8217;una planta fotovoltaica a Ja\u00e9n de 34,5 MW"}]},{"@type":"WebSite","@id":"https:\/\/www.bnz.energy\/#website","url":"https:\/\/www.bnz.energy\/","name":"BNZ","description":"","publisher":{"@id":"https:\/\/www.bnz.energy\/#organization"},"potentialAction":[{"@type":"SearchAction","target":{"@type":"EntryPoint","urlTemplate":"https:\/\/www.bnz.energy\/?s={search_term_string}"},"query-input":{"@type":"PropertyValueSpecification","valueRequired":true,"valueName":"search_term_string"}}],"inLanguage":"ca"},{"@type":"Organization","@id":"https:\/\/www.bnz.energy\/#organization","name":"BNZ","url":"https:\/\/www.bnz.energy\/","logo":{"@type":"ImageObject","inLanguage":"ca","@id":"https:\/\/www.bnz.energy\/#\/schema\/logo\/image\/","url":"https:\/\/www.bnz.energy\/wp-content\/uploads\/2024\/12\/Capa_1.svg","contentUrl":"https:\/\/www.bnz.energy\/wp-content\/uploads\/2024\/12\/Capa_1.svg","width":1,"height":1,"caption":"BNZ"},"image":{"@id":"https:\/\/www.bnz.energy\/#\/schema\/logo\/image\/"},"sameAs":["https:\/\/www.linkedin.com\/company\/bnetzero\/"]},{"@type":"Person","@id":"https:\/\/www.bnz.energy\/#\/schema\/person\/30a0168daa9aceb70e107627f8ea37c1","name":"rfeliu","image":{"@type":"ImageObject","inLanguage":"ca","@id":"https:\/\/www.bnz.energy\/#\/schema\/person\/image\/","url":"https:\/\/secure.gravatar.com\/avatar\/690759e9692c42d8c3567ba1b598071aa2360bf6971ef499d38767489effd4aa?s=96&d=mm&r=g","contentUrl":"https:\/\/secure.gravatar.com\/avatar\/690759e9692c42d8c3567ba1b598071aa2360bf6971ef499d38767489effd4aa?s=96&d=mm&r=g","caption":"rfeliu"},"url":"https:\/\/www.bnz.energy\/ca\/author\/rfeliu\/"}]}},"_links":{"self":[{"href":"https:\/\/www.bnz.energy\/ca\/wp-json\/wp\/v2\/posts\/9400","targetHints":{"allow":["GET"]}}],"collection":[{"href":"https:\/\/www.bnz.energy\/ca\/wp-json\/wp\/v2\/posts"}],"about":[{"href":"https:\/\/www.bnz.energy\/ca\/wp-json\/wp\/v2\/types\/post"}],"author":[{"embeddable":true,"href":"https:\/\/www.bnz.energy\/ca\/wp-json\/wp\/v2\/users\/8"}],"replies":[{"embeddable":true,"href":"https:\/\/www.bnz.energy\/ca\/wp-json\/wp\/v2\/comments?post=9400"}],"version-history":[{"count":1,"href":"https:\/\/www.bnz.energy\/ca\/wp-json\/wp\/v2\/posts\/9400\/revisions"}],"predecessor-version":[{"id":9401,"href":"https:\/\/www.bnz.energy\/ca\/wp-json\/wp\/v2\/posts\/9400\/revisions\/9401"}],"wp:featuredmedia":[{"embeddable":true,"href":"https:\/\/www.bnz.energy\/ca\/wp-json\/wp\/v2\/media\/9364"}],"wp:attachment":[{"href":"https:\/\/www.bnz.energy\/ca\/wp-json\/wp\/v2\/media?parent=9400"}],"wp:term":[{"taxonomy":"category","embeddable":true,"href":"https:\/\/www.bnz.energy\/ca\/wp-json\/wp\/v2\/categories?post=9400"},{"taxonomy":"post_tag","embeddable":true,"href":"https:\/\/www.bnz.energy\/ca\/wp-json\/wp\/v2\/tags?post=9400"}],"curies":[{"name":"wp","href":"https:\/\/api.w.org\/{rel}","templated":true}]}}