{"id":9238,"date":"2025-04-07T09:30:57","date_gmt":"2025-04-07T09:30:57","guid":{"rendered":"https:\/\/www.bnz.energy\/?p=9238"},"modified":"2025-04-07T09:30:57","modified_gmt":"2025-04-07T09:30:57","slug":"bnz-sincorpora-a-la-ceoe-per-reforcar-el-seu-compromis-amb-la-transicio-energetica-a-espanya-i-europa","status":"publish","type":"post","link":"https:\/\/www.bnz.energy\/ca\/bnz-sincorpora-a-la-ceoe-per-reforcar-el-seu-compromis-amb-la-transicio-energetica-a-espanya-i-europa\/","title":{"rendered":"BNZ s&#8217;incorpora a la CEOE per refor\u00e7ar el seu comprom\u00eds amb la transici\u00f3 energ\u00e8tica a Espanya i Europa"},"content":{"rendered":"<p><span style=\"font-weight: 400;\">BNZ, productor independent d\u2019energia (IPP) especialitzat en el desenvolupament, construcci\u00f3 i operaci\u00f3 de projectes d\u2019energia renovable, ha anunciat la seva incorporaci\u00f3 a la CEOE (Confederaci\u00f3 Espanyola d\u2019Organitzacions Empresarials) com a membre associat, reafirmant aix\u00ed el seu comprom\u00eds amb la transici\u00f3 energ\u00e8tica i l\u2019impuls cap a un futur m\u00e9s verd per a Espanya i Europa.<\/span><\/p>\n<p><span style=\"font-weight: 400;\">Amb m\u00e9s de 1,7 GW d\u2019energia renovable en desenvolupament, construcci\u00f3 i operaci\u00f3 a Espanya, It\u00e0lia i Portugal, BNZ continua consolidant-se com un l\u00edder en el sector de les energies netes. La seva incorporaci\u00f3 a la CEOE refor\u00e7a la posici\u00f3 de l\u2019empresa dins l\u2019ecosistema empresarial espanyol i li permet col\u00b7laborar activament en l\u2019impuls de pol\u00edtiques que afavoreixin la sostenibilitat i el progr\u00e9s econ\u00f2mic.<\/span><\/p>\n<p><b>Accelerant la transici\u00f3 energ\u00e8tica i el comprom\u00eds social<\/b><\/p>\n<p><i><span style=\"font-weight: 400;\">\u201cAquest pas \u00e9s clau en la nostra estrat\u00e8gia per consolidar-nos com a l\u00edders en la transici\u00f3 energ\u00e8tica a Europa\u201d<\/span><\/i><span style=\"font-weight: 400;\">, ha afirmat<\/span><b> Luis Selva, director general de BNZ<\/b><span style=\"font-weight: 400;\">.<\/span><i><span style=\"font-weight: 400;\"> \u201cEl nostre objectiu \u00e9s clar: produir energia 100% renovable i contribuir al desenvolupament econ\u00f2mic mitjan\u00e7ant projectes que donin suport tant a la transici\u00f3 energ\u00e8tica com al progr\u00e9s social de les comunitats locals.\u201d<\/span><\/i><\/p>\n<p><span style=\"font-weight: 400;\">Per la seva banda, <\/span><b>el secretari general de la CEOE, Jos\u00e9 Alberto Gonz\u00e1lez-Ruiz<\/b><span style=\"font-weight: 400;\">, ha destacat la rellev\u00e0ncia de la incorporaci\u00f3 de BNZ, remarcant el seu<\/span><i><span style=\"font-weight: 400;\"> \u201cferm comprom\u00eds amb la sostenibilitat i la innovaci\u00f3 en el sector de les energies renovables\u201d<\/span><\/i><span style=\"font-weight: 400;\">, la qual cosa refor\u00e7a la col\u00b7laboraci\u00f3 i l\u2019impuls d\u2019iniciatives que transformen l\u2019escenari energ\u00e8tic i empresarial.<\/span><\/p>\n<p><span style=\"font-weight: 400;\">BNZ es mant\u00e9 compromesa amb el desenvolupament de projectes que no nom\u00e9s generen energia neta, sin\u00f3 que tamb\u00e9 beneficien les comunitats locals. A m\u00e9s, l\u2019empresa gestiona activament tota la seva cadena de producci\u00f3, assegurant alts est\u00e0ndards de sostenibilitat i contribuint a la biodiversitat en les zones on opera.<\/span><\/p>\n<p><span style=\"font-weight: 400;\">Amb la seva incorporaci\u00f3 a la CEOE, BNZ refor\u00e7a la seva aposta per la creaci\u00f3 d\u2019ocupaci\u00f3 i per treballar estretament amb prove\u00efdors i comunitats per generar un impacte positiu i durador en les economies locals, garantint el compliment de les pol\u00edtiques ambientals, socials i de governan\u00e7a (ESG).<\/span><\/p>\n<p>&nbsp;<\/p>\n","protected":false},"excerpt":{"rendered":"<p>BNZ, productor independent d\u2019energia (IPP) especialitzat en el desenvolupament, construcci\u00f3 i operaci\u00f3 de projectes d\u2019energia renovable, ha anunciat la seva incorporaci\u00f3 a la CEOE (Confederaci\u00f3 Espanyola d\u2019Organitzacions Empresarials) com a membre associat, reafirmant aix\u00ed el seu comprom\u00eds amb la transici\u00f3 energ\u00e8tica i l\u2019impuls cap a un futur m\u00e9s verd per a Espanya i Europa. Amb [&hellip;]<\/p>\n","protected":false},"author":8,"featured_media":9230,"comment_status":"open","ping_status":"open","sticky":false,"template":"","format":"standard","meta":{"_acf_changed":false,"_et_pb_use_builder":"","_et_pb_old_content":"","_et_gb_content_width":"","footnotes":""},"categories":[55],"tags":[],"class_list":["post-9238","post","type-post","status-publish","format-standard","has-post-thumbnail","hentry","category-notes-de-premsa"],"acf":[],"yoast_head":"<!-- This site is optimized with the Yoast SEO plugin v26.6 - https:\/\/yoast.com\/wordpress\/plugins\/seo\/ -->\n<title>BNZ s&#039;incorpora a la CEOE per refor\u00e7ar el seu comprom\u00eds amb la transici\u00f3 energ\u00e8tica a Espanya i Europa - BNZ<\/title>\n<meta name=\"robots\" content=\"index, follow, max-snippet:-1, max-image-preview:large, max-video-preview:-1\" \/>\n<link rel=\"canonical\" href=\"https:\/\/www.bnz.energy\/ca\/bnz-sincorpora-a-la-ceoe-per-reforcar-el-seu-compromis-amb-la-transicio-energetica-a-espanya-i-europa\/\" \/>\n<meta property=\"og:locale\" content=\"ca_ES\" \/>\n<meta property=\"og:type\" content=\"article\" \/>\n<meta property=\"og:title\" content=\"BNZ s&#039;incorpora a la CEOE per refor\u00e7ar el seu comprom\u00eds amb la transici\u00f3 energ\u00e8tica a Espanya i Europa - BNZ\" \/>\n<meta property=\"og:description\" content=\"BNZ, productor independent d\u2019energia (IPP) especialitzat en el desenvolupament, construcci\u00f3 i operaci\u00f3 de projectes d\u2019energia renovable, ha anunciat la seva incorporaci\u00f3 a la CEOE (Confederaci\u00f3 Espanyola d\u2019Organitzacions Empresarials) com a membre associat, reafirmant aix\u00ed el seu comprom\u00eds amb la transici\u00f3 energ\u00e8tica i l\u2019impuls cap a un futur m\u00e9s verd per a Espanya i Europa. Amb [&hellip;]\" \/>\n<meta property=\"og:url\" content=\"https:\/\/www.bnz.energy\/ca\/bnz-sincorpora-a-la-ceoe-per-reforcar-el-seu-compromis-amb-la-transicio-energetica-a-espanya-i-europa\/\" \/>\n<meta property=\"og:site_name\" content=\"BNZ\" \/>\n<meta property=\"article:published_time\" content=\"2025-04-07T09:30:57+00:00\" \/>\n<meta property=\"og:image\" content=\"https:\/\/www.bnz.energy\/wp-content\/uploads\/2025\/04\/BNZ-scaled.jpg\" \/>\n\t<meta property=\"og:image:width\" content=\"2560\" \/>\n\t<meta property=\"og:image:height\" content=\"1785\" \/>\n\t<meta property=\"og:image:type\" content=\"image\/jpeg\" \/>\n<meta name=\"author\" content=\"rfeliu\" \/>\n<meta name=\"twitter:card\" content=\"summary_large_image\" \/>\n<meta name=\"twitter:label1\" content=\"Escrit per\" \/>\n\t<meta name=\"twitter:data1\" content=\"rfeliu\" \/>\n\t<meta name=\"twitter:label2\" content=\"Temps estimat de lectura\" \/>\n\t<meta name=\"twitter:data2\" content=\"2 minuts\" \/>\n<script type=\"application\/ld+json\" class=\"yoast-schema-graph\">{\"@context\":\"https:\/\/schema.org\",\"@graph\":[{\"@type\":\"Article\",\"@id\":\"https:\/\/www.bnz.energy\/ca\/bnz-sincorpora-a-la-ceoe-per-reforcar-el-seu-compromis-amb-la-transicio-energetica-a-espanya-i-europa\/#article\",\"isPartOf\":{\"@id\":\"https:\/\/www.bnz.energy\/ca\/bnz-sincorpora-a-la-ceoe-per-reforcar-el-seu-compromis-amb-la-transicio-energetica-a-espanya-i-europa\/\"},\"author\":{\"name\":\"rfeliu\",\"@id\":\"https:\/\/www.bnz.energy\/#\/schema\/person\/30a0168daa9aceb70e107627f8ea37c1\"},\"headline\":\"BNZ s&#8217;incorpora a la CEOE per refor\u00e7ar el seu comprom\u00eds amb la transici\u00f3 energ\u00e8tica a Espanya i Europa\",\"datePublished\":\"2025-04-07T09:30:57+00:00\",\"mainEntityOfPage\":{\"@id\":\"https:\/\/www.bnz.energy\/ca\/bnz-sincorpora-a-la-ceoe-per-reforcar-el-seu-compromis-amb-la-transicio-energetica-a-espanya-i-europa\/\"},\"wordCount\":400,\"commentCount\":0,\"publisher\":{\"@id\":\"https:\/\/www.bnz.energy\/#organization\"},\"image\":{\"@id\":\"https:\/\/www.bnz.energy\/ca\/bnz-sincorpora-a-la-ceoe-per-reforcar-el-seu-compromis-amb-la-transicio-energetica-a-espanya-i-europa\/#primaryimage\"},\"thumbnailUrl\":\"https:\/\/www.bnz.energy\/wp-content\/uploads\/2025\/04\/BNZ-scaled.jpg\",\"articleSection\":[\"Notes de premsa\"],\"inLanguage\":\"ca\",\"potentialAction\":[{\"@type\":\"CommentAction\",\"name\":\"Comment\",\"target\":[\"https:\/\/www.bnz.energy\/ca\/bnz-sincorpora-a-la-ceoe-per-reforcar-el-seu-compromis-amb-la-transicio-energetica-a-espanya-i-europa\/#respond\"]}]},{\"@type\":\"WebPage\",\"@id\":\"https:\/\/www.bnz.energy\/ca\/bnz-sincorpora-a-la-ceoe-per-reforcar-el-seu-compromis-amb-la-transicio-energetica-a-espanya-i-europa\/\",\"url\":\"https:\/\/www.bnz.energy\/ca\/bnz-sincorpora-a-la-ceoe-per-reforcar-el-seu-compromis-amb-la-transicio-energetica-a-espanya-i-europa\/\",\"name\":\"BNZ s'incorpora a la CEOE per refor\u00e7ar el seu comprom\u00eds amb la transici\u00f3 energ\u00e8tica a Espanya i Europa - BNZ\",\"isPartOf\":{\"@id\":\"https:\/\/www.bnz.energy\/#website\"},\"primaryImageOfPage\":{\"@id\":\"https:\/\/www.bnz.energy\/ca\/bnz-sincorpora-a-la-ceoe-per-reforcar-el-seu-compromis-amb-la-transicio-energetica-a-espanya-i-europa\/#primaryimage\"},\"image\":{\"@id\":\"https:\/\/www.bnz.energy\/ca\/bnz-sincorpora-a-la-ceoe-per-reforcar-el-seu-compromis-amb-la-transicio-energetica-a-espanya-i-europa\/#primaryimage\"},\"thumbnailUrl\":\"https:\/\/www.bnz.energy\/wp-content\/uploads\/2025\/04\/BNZ-scaled.jpg\",\"datePublished\":\"2025-04-07T09:30:57+00:00\",\"breadcrumb\":{\"@id\":\"https:\/\/www.bnz.energy\/ca\/bnz-sincorpora-a-la-ceoe-per-reforcar-el-seu-compromis-amb-la-transicio-energetica-a-espanya-i-europa\/#breadcrumb\"},\"inLanguage\":\"ca\",\"potentialAction\":[{\"@type\":\"ReadAction\",\"target\":[\"https:\/\/www.bnz.energy\/ca\/bnz-sincorpora-a-la-ceoe-per-reforcar-el-seu-compromis-amb-la-transicio-energetica-a-espanya-i-europa\/\"]}]},{\"@type\":\"ImageObject\",\"inLanguage\":\"ca\",\"@id\":\"https:\/\/www.bnz.energy\/ca\/bnz-sincorpora-a-la-ceoe-per-reforcar-el-seu-compromis-amb-la-transicio-energetica-a-espanya-i-europa\/#primaryimage\",\"url\":\"https:\/\/www.bnz.energy\/wp-content\/uploads\/2025\/04\/BNZ-scaled.jpg\",\"contentUrl\":\"https:\/\/www.bnz.energy\/wp-content\/uploads\/2025\/04\/BNZ-scaled.jpg\",\"width\":2560,\"height\":1785},{\"@type\":\"BreadcrumbList\",\"@id\":\"https:\/\/www.bnz.energy\/ca\/bnz-sincorpora-a-la-ceoe-per-reforcar-el-seu-compromis-amb-la-transicio-energetica-a-espanya-i-europa\/#breadcrumb\",\"itemListElement\":[{\"@type\":\"ListItem\",\"position\":1,\"name\":\"Home\",\"item\":\"https:\/\/www.bnz.energy\/ca\/\"},{\"@type\":\"ListItem\",\"position\":2,\"name\":\"BNZ s&#8217;incorpora a la CEOE per refor\u00e7ar el seu comprom\u00eds amb la transici\u00f3 energ\u00e8tica a Espanya i Europa\"}]},{\"@type\":\"WebSite\",\"@id\":\"https:\/\/www.bnz.energy\/#website\",\"url\":\"https:\/\/www.bnz.energy\/\",\"name\":\"BNZ\",\"description\":\"\",\"publisher\":{\"@id\":\"https:\/\/www.bnz.energy\/#organization\"},\"potentialAction\":[{\"@type\":\"SearchAction\",\"target\":{\"@type\":\"EntryPoint\",\"urlTemplate\":\"https:\/\/www.bnz.energy\/?s={search_term_string}\"},\"query-input\":{\"@type\":\"PropertyValueSpecification\",\"valueRequired\":true,\"valueName\":\"search_term_string\"}}],\"inLanguage\":\"ca\"},{\"@type\":\"Organization\",\"@id\":\"https:\/\/www.bnz.energy\/#organization\",\"name\":\"BNZ\",\"url\":\"https:\/\/www.bnz.energy\/\",\"logo\":{\"@type\":\"ImageObject\",\"inLanguage\":\"ca\",\"@id\":\"https:\/\/www.bnz.energy\/#\/schema\/logo\/image\/\",\"url\":\"https:\/\/www.bnz.energy\/wp-content\/uploads\/2024\/12\/Capa_1.svg\",\"contentUrl\":\"https:\/\/www.bnz.energy\/wp-content\/uploads\/2024\/12\/Capa_1.svg\",\"width\":1,\"height\":1,\"caption\":\"BNZ\"},\"image\":{\"@id\":\"https:\/\/www.bnz.energy\/#\/schema\/logo\/image\/\"},\"sameAs\":[\"https:\/\/www.linkedin.com\/company\/bnetzero\/\"]},{\"@type\":\"Person\",\"@id\":\"https:\/\/www.bnz.energy\/#\/schema\/person\/30a0168daa9aceb70e107627f8ea37c1\",\"name\":\"rfeliu\",\"image\":{\"@type\":\"ImageObject\",\"inLanguage\":\"ca\",\"@id\":\"https:\/\/www.bnz.energy\/#\/schema\/person\/image\/\",\"url\":\"https:\/\/secure.gravatar.com\/avatar\/690759e9692c42d8c3567ba1b598071aa2360bf6971ef499d38767489effd4aa?s=96&d=mm&r=g\",\"contentUrl\":\"https:\/\/secure.gravatar.com\/avatar\/690759e9692c42d8c3567ba1b598071aa2360bf6971ef499d38767489effd4aa?s=96&d=mm&r=g\",\"caption\":\"rfeliu\"},\"url\":\"https:\/\/www.bnz.energy\/ca\/author\/rfeliu\/\"}]}<\/script>\n<!-- \/ Yoast SEO plugin. -->","yoast_head_json":{"title":"BNZ s'incorpora a la CEOE per refor\u00e7ar el seu comprom\u00eds amb la transici\u00f3 energ\u00e8tica a Espanya i Europa - BNZ","robots":{"index":"index","follow":"follow","max-snippet":"max-snippet:-1","max-image-preview":"max-image-preview:large","max-video-preview":"max-video-preview:-1"},"canonical":"https:\/\/www.bnz.energy\/ca\/bnz-sincorpora-a-la-ceoe-per-reforcar-el-seu-compromis-amb-la-transicio-energetica-a-espanya-i-europa\/","og_locale":"ca_ES","og_type":"article","og_title":"BNZ s'incorpora a la CEOE per refor\u00e7ar el seu comprom\u00eds amb la transici\u00f3 energ\u00e8tica a Espanya i Europa - BNZ","og_description":"BNZ, productor independent d\u2019energia (IPP) especialitzat en el desenvolupament, construcci\u00f3 i operaci\u00f3 de projectes d\u2019energia renovable, ha anunciat la seva incorporaci\u00f3 a la CEOE (Confederaci\u00f3 Espanyola d\u2019Organitzacions Empresarials) com a membre associat, reafirmant aix\u00ed el seu comprom\u00eds amb la transici\u00f3 energ\u00e8tica i l\u2019impuls cap a un futur m\u00e9s verd per a Espanya i Europa. Amb [&hellip;]","og_url":"https:\/\/www.bnz.energy\/ca\/bnz-sincorpora-a-la-ceoe-per-reforcar-el-seu-compromis-amb-la-transicio-energetica-a-espanya-i-europa\/","og_site_name":"BNZ","article_published_time":"2025-04-07T09:30:57+00:00","og_image":[{"width":2560,"height":1785,"url":"https:\/\/www.bnz.energy\/wp-content\/uploads\/2025\/04\/BNZ-scaled.jpg","type":"image\/jpeg"}],"author":"rfeliu","twitter_card":"summary_large_image","twitter_misc":{"Escrit per":"rfeliu","Temps estimat de lectura":"2 minuts"},"schema":{"@context":"https:\/\/schema.org","@graph":[{"@type":"Article","@id":"https:\/\/www.bnz.energy\/ca\/bnz-sincorpora-a-la-ceoe-per-reforcar-el-seu-compromis-amb-la-transicio-energetica-a-espanya-i-europa\/#article","isPartOf":{"@id":"https:\/\/www.bnz.energy\/ca\/bnz-sincorpora-a-la-ceoe-per-reforcar-el-seu-compromis-amb-la-transicio-energetica-a-espanya-i-europa\/"},"author":{"name":"rfeliu","@id":"https:\/\/www.bnz.energy\/#\/schema\/person\/30a0168daa9aceb70e107627f8ea37c1"},"headline":"BNZ s&#8217;incorpora a la CEOE per refor\u00e7ar el seu comprom\u00eds amb la transici\u00f3 energ\u00e8tica a Espanya i Europa","datePublished":"2025-04-07T09:30:57+00:00","mainEntityOfPage":{"@id":"https:\/\/www.bnz.energy\/ca\/bnz-sincorpora-a-la-ceoe-per-reforcar-el-seu-compromis-amb-la-transicio-energetica-a-espanya-i-europa\/"},"wordCount":400,"commentCount":0,"publisher":{"@id":"https:\/\/www.bnz.energy\/#organization"},"image":{"@id":"https:\/\/www.bnz.energy\/ca\/bnz-sincorpora-a-la-ceoe-per-reforcar-el-seu-compromis-amb-la-transicio-energetica-a-espanya-i-europa\/#primaryimage"},"thumbnailUrl":"https:\/\/www.bnz.energy\/wp-content\/uploads\/2025\/04\/BNZ-scaled.jpg","articleSection":["Notes de premsa"],"inLanguage":"ca","potentialAction":[{"@type":"CommentAction","name":"Comment","target":["https:\/\/www.bnz.energy\/ca\/bnz-sincorpora-a-la-ceoe-per-reforcar-el-seu-compromis-amb-la-transicio-energetica-a-espanya-i-europa\/#respond"]}]},{"@type":"WebPage","@id":"https:\/\/www.bnz.energy\/ca\/bnz-sincorpora-a-la-ceoe-per-reforcar-el-seu-compromis-amb-la-transicio-energetica-a-espanya-i-europa\/","url":"https:\/\/www.bnz.energy\/ca\/bnz-sincorpora-a-la-ceoe-per-reforcar-el-seu-compromis-amb-la-transicio-energetica-a-espanya-i-europa\/","name":"BNZ s'incorpora a la CEOE per refor\u00e7ar el seu comprom\u00eds amb la transici\u00f3 energ\u00e8tica a Espanya i Europa - BNZ","isPartOf":{"@id":"https:\/\/www.bnz.energy\/#website"},"primaryImageOfPage":{"@id":"https:\/\/www.bnz.energy\/ca\/bnz-sincorpora-a-la-ceoe-per-reforcar-el-seu-compromis-amb-la-transicio-energetica-a-espanya-i-europa\/#primaryimage"},"image":{"@id":"https:\/\/www.bnz.energy\/ca\/bnz-sincorpora-a-la-ceoe-per-reforcar-el-seu-compromis-amb-la-transicio-energetica-a-espanya-i-europa\/#primaryimage"},"thumbnailUrl":"https:\/\/www.bnz.energy\/wp-content\/uploads\/2025\/04\/BNZ-scaled.jpg","datePublished":"2025-04-07T09:30:57+00:00","breadcrumb":{"@id":"https:\/\/www.bnz.energy\/ca\/bnz-sincorpora-a-la-ceoe-per-reforcar-el-seu-compromis-amb-la-transicio-energetica-a-espanya-i-europa\/#breadcrumb"},"inLanguage":"ca","potentialAction":[{"@type":"ReadAction","target":["https:\/\/www.bnz.energy\/ca\/bnz-sincorpora-a-la-ceoe-per-reforcar-el-seu-compromis-amb-la-transicio-energetica-a-espanya-i-europa\/"]}]},{"@type":"ImageObject","inLanguage":"ca","@id":"https:\/\/www.bnz.energy\/ca\/bnz-sincorpora-a-la-ceoe-per-reforcar-el-seu-compromis-amb-la-transicio-energetica-a-espanya-i-europa\/#primaryimage","url":"https:\/\/www.bnz.energy\/wp-content\/uploads\/2025\/04\/BNZ-scaled.jpg","contentUrl":"https:\/\/www.bnz.energy\/wp-content\/uploads\/2025\/04\/BNZ-scaled.jpg","width":2560,"height":1785},{"@type":"BreadcrumbList","@id":"https:\/\/www.bnz.energy\/ca\/bnz-sincorpora-a-la-ceoe-per-reforcar-el-seu-compromis-amb-la-transicio-energetica-a-espanya-i-europa\/#breadcrumb","itemListElement":[{"@type":"ListItem","position":1,"name":"Home","item":"https:\/\/www.bnz.energy\/ca\/"},{"@type":"ListItem","position":2,"name":"BNZ s&#8217;incorpora a la CEOE per refor\u00e7ar el seu comprom\u00eds amb la transici\u00f3 energ\u00e8tica a Espanya i Europa"}]},{"@type":"WebSite","@id":"https:\/\/www.bnz.energy\/#website","url":"https:\/\/www.bnz.energy\/","name":"BNZ","description":"","publisher":{"@id":"https:\/\/www.bnz.energy\/#organization"},"potentialAction":[{"@type":"SearchAction","target":{"@type":"EntryPoint","urlTemplate":"https:\/\/www.bnz.energy\/?s={search_term_string}"},"query-input":{"@type":"PropertyValueSpecification","valueRequired":true,"valueName":"search_term_string"}}],"inLanguage":"ca"},{"@type":"Organization","@id":"https:\/\/www.bnz.energy\/#organization","name":"BNZ","url":"https:\/\/www.bnz.energy\/","logo":{"@type":"ImageObject","inLanguage":"ca","@id":"https:\/\/www.bnz.energy\/#\/schema\/logo\/image\/","url":"https:\/\/www.bnz.energy\/wp-content\/uploads\/2024\/12\/Capa_1.svg","contentUrl":"https:\/\/www.bnz.energy\/wp-content\/uploads\/2024\/12\/Capa_1.svg","width":1,"height":1,"caption":"BNZ"},"image":{"@id":"https:\/\/www.bnz.energy\/#\/schema\/logo\/image\/"},"sameAs":["https:\/\/www.linkedin.com\/company\/bnetzero\/"]},{"@type":"Person","@id":"https:\/\/www.bnz.energy\/#\/schema\/person\/30a0168daa9aceb70e107627f8ea37c1","name":"rfeliu","image":{"@type":"ImageObject","inLanguage":"ca","@id":"https:\/\/www.bnz.energy\/#\/schema\/person\/image\/","url":"https:\/\/secure.gravatar.com\/avatar\/690759e9692c42d8c3567ba1b598071aa2360bf6971ef499d38767489effd4aa?s=96&d=mm&r=g","contentUrl":"https:\/\/secure.gravatar.com\/avatar\/690759e9692c42d8c3567ba1b598071aa2360bf6971ef499d38767489effd4aa?s=96&d=mm&r=g","caption":"rfeliu"},"url":"https:\/\/www.bnz.energy\/ca\/author\/rfeliu\/"}]}},"_links":{"self":[{"href":"https:\/\/www.bnz.energy\/ca\/wp-json\/wp\/v2\/posts\/9238","targetHints":{"allow":["GET"]}}],"collection":[{"href":"https:\/\/www.bnz.energy\/ca\/wp-json\/wp\/v2\/posts"}],"about":[{"href":"https:\/\/www.bnz.energy\/ca\/wp-json\/wp\/v2\/types\/post"}],"author":[{"embeddable":true,"href":"https:\/\/www.bnz.energy\/ca\/wp-json\/wp\/v2\/users\/8"}],"replies":[{"embeddable":true,"href":"https:\/\/www.bnz.energy\/ca\/wp-json\/wp\/v2\/comments?post=9238"}],"version-history":[{"count":1,"href":"https:\/\/www.bnz.energy\/ca\/wp-json\/wp\/v2\/posts\/9238\/revisions"}],"predecessor-version":[{"id":9239,"href":"https:\/\/www.bnz.energy\/ca\/wp-json\/wp\/v2\/posts\/9238\/revisions\/9239"}],"wp:featuredmedia":[{"embeddable":true,"href":"https:\/\/www.bnz.energy\/ca\/wp-json\/wp\/v2\/media\/9230"}],"wp:attachment":[{"href":"https:\/\/www.bnz.energy\/ca\/wp-json\/wp\/v2\/media?parent=9238"}],"wp:term":[{"taxonomy":"category","embeddable":true,"href":"https:\/\/www.bnz.energy\/ca\/wp-json\/wp\/v2\/categories?post=9238"},{"taxonomy":"post_tag","embeddable":true,"href":"https:\/\/www.bnz.energy\/ca\/wp-json\/wp\/v2\/tags?post=9238"}],"curies":[{"name":"wp","href":"https:\/\/api.w.org\/{rel}","templated":true}]}}