{"id":2718,"date":"2024-09-30T07:37:43","date_gmt":"2024-09-30T07:37:43","guid":{"rendered":"https:\/\/www.bnz.energy\/?p=2718"},"modified":"2025-02-14T12:06:03","modified_gmt":"2025-02-14T12:06:03","slug":"tendencies-i-oportunitats-per-a-un-horitzo-verd","status":"publish","type":"post","link":"https:\/\/www.bnz.energy\/ca\/tendencies-i-oportunitats-per-a-un-horitzo-verd\/","title":{"rendered":"Tend\u00e8ncies i oportunitats per a un horitz\u00f3 verd"},"content":{"rendered":"<p><span style=\"font-weight: 400;\">L&#8217;auditori de l&#8217;hotel Rosewood Villa Magna va ser l&#8217;escenari de la taula rodona <\/span><b>&#8220;Tend\u00e8ncies i oportunitats per a un horitz\u00f3 verd&#8221;<\/b><span style=\"font-weight: 400;\">, organitzada amb motiu del tercer aniversari de BNZ. L&#8217;esdeveniment, que va reunir al voltant de 200 assistents, va comptar amb la participaci\u00f3 de <\/span><b>destacats experts del sector energ\u00e8tic, que van compartir la seva visi\u00f3 sobre el futur<\/b> de les energies renovables i la transici\u00f3 energ\u00e8tica<span style=\"font-weight: 400;\">, abordant tant les oportunitats com els reptes que planteja.<\/span><\/p>\n<p><b>Luis Selva, Managing Director a BNZ<\/b><span style=\"font-weight: 400;\">, va reflexionar sobre la profunda transformaci\u00f3 que viu el sector energ\u00e8tic: &#8220;L&#8217;auge de les energies renovables est\u00e0 canviant de manera significativa la forma en qu\u00e8 produ\u00efm i consumim energia a tot el m\u00f3n&#8221;. Va destacar que la innovaci\u00f3 en tecnologies netes permetr\u00e0 completar el cicle de producci\u00f3 d&#8217;energia les 24 hores, millorant l&#8217;efici\u00e8ncia i reduint l&#8217;impacte ambiental. No obstant aix\u00f2, va advertir que la hibridaci\u00f3 de tecnologies ser\u00e0 la clau en els anys vinents, subratllant la urg\u00e8ncia de continuar innovant. &#8220;A BNZ, busquem integrar aquestes solucions de manera sostenible, adaptant les nostres infraestructures i pol\u00edtiques per garantir una transici\u00f3 energ\u00e8tica exitosa&#8221;, va afegir.<\/span><\/p>\n<p><b>Jordi Francesch, Managing Director Asset Management a Nuveen Infrastructure<\/b><span style=\"font-weight: 400;\">, va posar \u00e8mfasi en la import\u00e0ncia de reconsiderar el contracte social de l&#8217;energia, especialment en el context de l&#8217;expansi\u00f3 de les renovables. &#8220;Hi ha una desconnexi\u00f3 entre els objectius globals per al 2030 i les realitats locals, particularment en entorns rurals i marins&#8221;, va assenyalar. Francesch va destacar la necessitat d&#8217;abordar les preocupacions socials i evitar distorsions en els preus del mercat, al mateix temps que va subratllar l&#8217;oportunitat de la reindustrialitzaci\u00f3 d&#8217;Europa, gr\u00e0cies a l&#8217;electricitat barata sota l&#8217;enfocament &#8220;Made in Europe&#8221;. A m\u00e9s, va defensar el paper crucial de l&#8217;emmagatzematge energ\u00e8tic per gestionar les fluctuacions de preus, i va demanar una reducci\u00f3 en els permisos i les c\u00e0rregues burocr\u00e0tiques.<\/span><\/p>\n<p><span style=\"font-weight: 400;\">Per la seva banda, <\/span><b>Odile Rodr\u00edguez, bi\u00f2loga i Directora General de la Fundaci\u00f3 F\u00e9lix Rodr\u00edguez de la Fuente<\/b><span style=\"font-weight: 400;\">, va introduir a la conversa l&#8217;impacte de la crisi clim\u00e0tica i les emissions de gasos d&#8217;efecte hivernacle sobre la capacitat de la Terra per oferir resili\u00e8ncia. &#8220;La producci\u00f3 d&#8217;energia genera un conflicte entre les nostres necessitats i la preservaci\u00f3 dels ecosistemes&#8221;, va advertir, ressaltant la import\u00e0ncia d&#8217;un proc\u00e9s m\u00e9s participatiu i inclusiu en la planificaci\u00f3 de projectes energ\u00e8tics. Rodr\u00edguez va defensar una major corresponsabilitat en la presa de decisions i va subratllar que la transici\u00f3 no s&#8217;ha de fer &#8220;de pressa i malament&#8221;, ja que els retrocessos generen conflictes innecessaris que compliquen l&#8217;aven\u00e7 cap a una energia m\u00e9s sostenible. Una conclusi\u00f3 amb la qual tamb\u00e9 va estar d&#8217;acord Selva: &#8220;La transici\u00f3 energ\u00e8tica ha de ser compassada. No \u00e9s nom\u00e9s una necessitat, sin\u00f3 una revoluci\u00f3 en qu\u00e8 Europa t\u00e9 l&#8217;oportunitat de recuperar el seu lideratge global en abra\u00e7ar els preus competitius de l&#8217;energia renovable mentre s&#8217;integra de manera efectiva en les comunitats locals&#8221;.<\/span><\/p>\n<p><b>Alex Alonso, Senior Associate a Aurora Energy Research<\/b><span style=\"font-weight: 400;\">, va abordar el creixent inter\u00e8s per les energies renovables, amb especial \u00e8mfasi en les hibridacions i l&#8217;emmagatzematge energ\u00e8tic. &#8220;El repte est\u00e0 a garantir que l&#8217;augment de la capacitat renovable vagi acompanyat d&#8217;una demanda sostinguda&#8221;, va explicar Alonso, mentre advertia sobre els reptes que planteja aquest creixement. Segons l&#8217;expert, el cam\u00ed cap a una transici\u00f3 energ\u00e8tica eficient i equilibrada est\u00e0 ple de reptes, per\u00f2 \u00e9s fonamental afrontar-los per assegurar l&#8217;\u00e8xit del proc\u00e9s.<\/span><\/p>\n<p><span style=\"font-weight: 400;\">La taula rodona es va tancar amb una reflexi\u00f3 compartida: la transici\u00f3 energ\u00e8tica no nom\u00e9s dep\u00e8n de la tecnologia, sin\u00f3 tamb\u00e9 d&#8217;una planificaci\u00f3 inclusiva, sensible a les necessitats locals i regulacions adequades, on tots els actors rellevants en aquesta transici\u00f3 han de participar activament. Amb la innovaci\u00f3 com a motor i la col\u00b7laboraci\u00f3 com a base, l&#8217;horitz\u00f3 verd i sostenible \u00e9s un objectiu assolible, per\u00f2 nom\u00e9s si es camina amb fermesa i coher\u00e8ncia.<\/span><\/p>\n","protected":false},"excerpt":{"rendered":"<p>L&#8217;auditori de l&#8217;hotel Rosewood Villa Magna va ser l&#8217;escenari de la taula rodona &#8220;Tend\u00e8ncies i oportunitats per a un horitz\u00f3 verd&#8221;, organitzada amb motiu del tercer aniversari de BNZ. L&#8217;esdeveniment, que va reunir al voltant de 200 assistents, va comptar amb la participaci\u00f3 de destacats experts del sector energ\u00e8tic, que van compartir la seva visi\u00f3 [&hellip;]<\/p>\n","protected":false},"author":1,"featured_media":3050,"comment_status":"closed","ping_status":"closed","sticky":false,"template":"","format":"standard","meta":{"_acf_changed":false,"_et_pb_use_builder":"","_et_pb_old_content":"","_et_gb_content_width":"","footnotes":""},"categories":[63],"tags":[],"class_list":["post-2718","post","type-post","status-publish","format-standard","has-post-thumbnail","hentry","category-sostenibilitat"],"acf":[],"yoast_head":"<!-- This site is optimized with the Yoast SEO plugin v26.6 - https:\/\/yoast.com\/wordpress\/plugins\/seo\/ -->\n<title>Tend\u00e8ncies i oportunitats per a un horitz\u00f3 verd - BNZ<\/title>\n<meta name=\"robots\" content=\"index, follow, max-snippet:-1, max-image-preview:large, max-video-preview:-1\" \/>\n<link rel=\"canonical\" href=\"https:\/\/www.bnz.energy\/ca\/tendencies-i-oportunitats-per-a-un-horitzo-verd\/\" \/>\n<meta property=\"og:locale\" content=\"ca_ES\" \/>\n<meta property=\"og:type\" content=\"article\" \/>\n<meta property=\"og:title\" content=\"Tend\u00e8ncies i oportunitats per a un horitz\u00f3 verd - BNZ\" \/>\n<meta property=\"og:description\" content=\"L&#8217;auditori de l&#8217;hotel Rosewood Villa Magna va ser l&#8217;escenari de la taula rodona &#8220;Tend\u00e8ncies i oportunitats per a un horitz\u00f3 verd&#8221;, organitzada amb motiu del tercer aniversari de BNZ. L&#8217;esdeveniment, que va reunir al voltant de 200 assistents, va comptar amb la participaci\u00f3 de destacats experts del sector energ\u00e8tic, que van compartir la seva visi\u00f3 [&hellip;]\" \/>\n<meta property=\"og:url\" content=\"https:\/\/www.bnz.energy\/ca\/tendencies-i-oportunitats-per-a-un-horitzo-verd\/\" \/>\n<meta property=\"og:site_name\" content=\"BNZ\" \/>\n<meta property=\"article:published_time\" content=\"2024-09-30T07:37:43+00:00\" \/>\n<meta property=\"article:modified_time\" content=\"2025-02-14T12:06:03+00:00\" \/>\n<meta property=\"og:image\" content=\"https:\/\/www.bnz.energy\/wp-content\/uploads\/2024\/09\/unnamed-1.png\" \/>\n\t<meta property=\"og:image:width\" content=\"1069\" \/>\n\t<meta property=\"og:image:height\" content=\"713\" \/>\n\t<meta property=\"og:image:type\" content=\"image\/png\" \/>\n<meta name=\"author\" content=\"admin_bnz\" \/>\n<meta name=\"twitter:card\" content=\"summary_large_image\" \/>\n<meta name=\"twitter:label1\" content=\"Escrit per\" \/>\n\t<meta name=\"twitter:data1\" content=\"admin_bnz\" \/>\n\t<meta name=\"twitter:label2\" content=\"Temps estimat de lectura\" \/>\n\t<meta name=\"twitter:data2\" content=\"3 minuts\" \/>\n<script type=\"application\/ld+json\" class=\"yoast-schema-graph\">{\"@context\":\"https:\/\/schema.org\",\"@graph\":[{\"@type\":\"Article\",\"@id\":\"https:\/\/www.bnz.energy\/ca\/tendencies-i-oportunitats-per-a-un-horitzo-verd\/#article\",\"isPartOf\":{\"@id\":\"https:\/\/www.bnz.energy\/ca\/tendencies-i-oportunitats-per-a-un-horitzo-verd\/\"},\"author\":{\"name\":\"admin_bnz\",\"@id\":\"https:\/\/www.bnz.energy\/#\/schema\/person\/e358b3214b1b4a9b443d49305c239bbe\"},\"headline\":\"Tend\u00e8ncies i oportunitats per a un horitz\u00f3 verd\",\"datePublished\":\"2024-09-30T07:37:43+00:00\",\"dateModified\":\"2025-02-14T12:06:03+00:00\",\"mainEntityOfPage\":{\"@id\":\"https:\/\/www.bnz.energy\/ca\/tendencies-i-oportunitats-per-a-un-horitzo-verd\/\"},\"wordCount\":705,\"publisher\":{\"@id\":\"https:\/\/www.bnz.energy\/#organization\"},\"image\":{\"@id\":\"https:\/\/www.bnz.energy\/ca\/tendencies-i-oportunitats-per-a-un-horitzo-verd\/#primaryimage\"},\"thumbnailUrl\":\"https:\/\/www.bnz.energy\/wp-content\/uploads\/2024\/09\/unnamed-1.png\",\"articleSection\":[\"Sostenibilitat\"],\"inLanguage\":\"ca\"},{\"@type\":\"WebPage\",\"@id\":\"https:\/\/www.bnz.energy\/ca\/tendencies-i-oportunitats-per-a-un-horitzo-verd\/\",\"url\":\"https:\/\/www.bnz.energy\/ca\/tendencies-i-oportunitats-per-a-un-horitzo-verd\/\",\"name\":\"Tend\u00e8ncies i oportunitats per a un horitz\u00f3 verd - BNZ\",\"isPartOf\":{\"@id\":\"https:\/\/www.bnz.energy\/#website\"},\"primaryImageOfPage\":{\"@id\":\"https:\/\/www.bnz.energy\/ca\/tendencies-i-oportunitats-per-a-un-horitzo-verd\/#primaryimage\"},\"image\":{\"@id\":\"https:\/\/www.bnz.energy\/ca\/tendencies-i-oportunitats-per-a-un-horitzo-verd\/#primaryimage\"},\"thumbnailUrl\":\"https:\/\/www.bnz.energy\/wp-content\/uploads\/2024\/09\/unnamed-1.png\",\"datePublished\":\"2024-09-30T07:37:43+00:00\",\"dateModified\":\"2025-02-14T12:06:03+00:00\",\"breadcrumb\":{\"@id\":\"https:\/\/www.bnz.energy\/ca\/tendencies-i-oportunitats-per-a-un-horitzo-verd\/#breadcrumb\"},\"inLanguage\":\"ca\",\"potentialAction\":[{\"@type\":\"ReadAction\",\"target\":[\"https:\/\/www.bnz.energy\/ca\/tendencies-i-oportunitats-per-a-un-horitzo-verd\/\"]}]},{\"@type\":\"ImageObject\",\"inLanguage\":\"ca\",\"@id\":\"https:\/\/www.bnz.energy\/ca\/tendencies-i-oportunitats-per-a-un-horitzo-verd\/#primaryimage\",\"url\":\"https:\/\/www.bnz.energy\/wp-content\/uploads\/2024\/09\/unnamed-1.png\",\"contentUrl\":\"https:\/\/www.bnz.energy\/wp-content\/uploads\/2024\/09\/unnamed-1.png\",\"width\":1069,\"height\":713},{\"@type\":\"BreadcrumbList\",\"@id\":\"https:\/\/www.bnz.energy\/ca\/tendencies-i-oportunitats-per-a-un-horitzo-verd\/#breadcrumb\",\"itemListElement\":[{\"@type\":\"ListItem\",\"position\":1,\"name\":\"Home\",\"item\":\"https:\/\/www.bnz.energy\/ca\/\"},{\"@type\":\"ListItem\",\"position\":2,\"name\":\"Tend\u00e8ncies i oportunitats per a un horitz\u00f3 verd\"}]},{\"@type\":\"WebSite\",\"@id\":\"https:\/\/www.bnz.energy\/#website\",\"url\":\"https:\/\/www.bnz.energy\/\",\"name\":\"BNZ\",\"description\":\"\",\"publisher\":{\"@id\":\"https:\/\/www.bnz.energy\/#organization\"},\"potentialAction\":[{\"@type\":\"SearchAction\",\"target\":{\"@type\":\"EntryPoint\",\"urlTemplate\":\"https:\/\/www.bnz.energy\/?s={search_term_string}\"},\"query-input\":{\"@type\":\"PropertyValueSpecification\",\"valueRequired\":true,\"valueName\":\"search_term_string\"}}],\"inLanguage\":\"ca\"},{\"@type\":\"Organization\",\"@id\":\"https:\/\/www.bnz.energy\/#organization\",\"name\":\"BNZ\",\"url\":\"https:\/\/www.bnz.energy\/\",\"logo\":{\"@type\":\"ImageObject\",\"inLanguage\":\"ca\",\"@id\":\"https:\/\/www.bnz.energy\/#\/schema\/logo\/image\/\",\"url\":\"https:\/\/www.bnz.energy\/wp-content\/uploads\/2024\/12\/Capa_1.svg\",\"contentUrl\":\"https:\/\/www.bnz.energy\/wp-content\/uploads\/2024\/12\/Capa_1.svg\",\"width\":1,\"height\":1,\"caption\":\"BNZ\"},\"image\":{\"@id\":\"https:\/\/www.bnz.energy\/#\/schema\/logo\/image\/\"},\"sameAs\":[\"https:\/\/www.linkedin.com\/company\/bnetzero\/\"]},{\"@type\":\"Person\",\"@id\":\"https:\/\/www.bnz.energy\/#\/schema\/person\/e358b3214b1b4a9b443d49305c239bbe\",\"name\":\"admin_bnz\",\"image\":{\"@type\":\"ImageObject\",\"inLanguage\":\"ca\",\"@id\":\"https:\/\/www.bnz.energy\/#\/schema\/person\/image\/\",\"url\":\"https:\/\/secure.gravatar.com\/avatar\/cc90964e5c0de17136af9d9d3171efa5c21c920531a6aaa763a62c13f62ec30a?s=96&d=mm&r=g\",\"contentUrl\":\"https:\/\/secure.gravatar.com\/avatar\/cc90964e5c0de17136af9d9d3171efa5c21c920531a6aaa763a62c13f62ec30a?s=96&d=mm&r=g\",\"caption\":\"admin_bnz\"},\"sameAs\":[\"https:\/\/www.bnz.energy\"],\"url\":\"https:\/\/www.bnz.energy\/ca\/author\/admin_bnz\/\"}]}<\/script>\n<!-- \/ Yoast SEO plugin. -->","yoast_head_json":{"title":"Tend\u00e8ncies i oportunitats per a un horitz\u00f3 verd - BNZ","robots":{"index":"index","follow":"follow","max-snippet":"max-snippet:-1","max-image-preview":"max-image-preview:large","max-video-preview":"max-video-preview:-1"},"canonical":"https:\/\/www.bnz.energy\/ca\/tendencies-i-oportunitats-per-a-un-horitzo-verd\/","og_locale":"ca_ES","og_type":"article","og_title":"Tend\u00e8ncies i oportunitats per a un horitz\u00f3 verd - BNZ","og_description":"L&#8217;auditori de l&#8217;hotel Rosewood Villa Magna va ser l&#8217;escenari de la taula rodona &#8220;Tend\u00e8ncies i oportunitats per a un horitz\u00f3 verd&#8221;, organitzada amb motiu del tercer aniversari de BNZ. L&#8217;esdeveniment, que va reunir al voltant de 200 assistents, va comptar amb la participaci\u00f3 de destacats experts del sector energ\u00e8tic, que van compartir la seva visi\u00f3 [&hellip;]","og_url":"https:\/\/www.bnz.energy\/ca\/tendencies-i-oportunitats-per-a-un-horitzo-verd\/","og_site_name":"BNZ","article_published_time":"2024-09-30T07:37:43+00:00","article_modified_time":"2025-02-14T12:06:03+00:00","og_image":[{"width":1069,"height":713,"url":"https:\/\/www.bnz.energy\/wp-content\/uploads\/2024\/09\/unnamed-1.png","type":"image\/png"}],"author":"admin_bnz","twitter_card":"summary_large_image","twitter_misc":{"Escrit per":"admin_bnz","Temps estimat de lectura":"3 minuts"},"schema":{"@context":"https:\/\/schema.org","@graph":[{"@type":"Article","@id":"https:\/\/www.bnz.energy\/ca\/tendencies-i-oportunitats-per-a-un-horitzo-verd\/#article","isPartOf":{"@id":"https:\/\/www.bnz.energy\/ca\/tendencies-i-oportunitats-per-a-un-horitzo-verd\/"},"author":{"name":"admin_bnz","@id":"https:\/\/www.bnz.energy\/#\/schema\/person\/e358b3214b1b4a9b443d49305c239bbe"},"headline":"Tend\u00e8ncies i oportunitats per a un horitz\u00f3 verd","datePublished":"2024-09-30T07:37:43+00:00","dateModified":"2025-02-14T12:06:03+00:00","mainEntityOfPage":{"@id":"https:\/\/www.bnz.energy\/ca\/tendencies-i-oportunitats-per-a-un-horitzo-verd\/"},"wordCount":705,"publisher":{"@id":"https:\/\/www.bnz.energy\/#organization"},"image":{"@id":"https:\/\/www.bnz.energy\/ca\/tendencies-i-oportunitats-per-a-un-horitzo-verd\/#primaryimage"},"thumbnailUrl":"https:\/\/www.bnz.energy\/wp-content\/uploads\/2024\/09\/unnamed-1.png","articleSection":["Sostenibilitat"],"inLanguage":"ca"},{"@type":"WebPage","@id":"https:\/\/www.bnz.energy\/ca\/tendencies-i-oportunitats-per-a-un-horitzo-verd\/","url":"https:\/\/www.bnz.energy\/ca\/tendencies-i-oportunitats-per-a-un-horitzo-verd\/","name":"Tend\u00e8ncies i oportunitats per a un horitz\u00f3 verd - BNZ","isPartOf":{"@id":"https:\/\/www.bnz.energy\/#website"},"primaryImageOfPage":{"@id":"https:\/\/www.bnz.energy\/ca\/tendencies-i-oportunitats-per-a-un-horitzo-verd\/#primaryimage"},"image":{"@id":"https:\/\/www.bnz.energy\/ca\/tendencies-i-oportunitats-per-a-un-horitzo-verd\/#primaryimage"},"thumbnailUrl":"https:\/\/www.bnz.energy\/wp-content\/uploads\/2024\/09\/unnamed-1.png","datePublished":"2024-09-30T07:37:43+00:00","dateModified":"2025-02-14T12:06:03+00:00","breadcrumb":{"@id":"https:\/\/www.bnz.energy\/ca\/tendencies-i-oportunitats-per-a-un-horitzo-verd\/#breadcrumb"},"inLanguage":"ca","potentialAction":[{"@type":"ReadAction","target":["https:\/\/www.bnz.energy\/ca\/tendencies-i-oportunitats-per-a-un-horitzo-verd\/"]}]},{"@type":"ImageObject","inLanguage":"ca","@id":"https:\/\/www.bnz.energy\/ca\/tendencies-i-oportunitats-per-a-un-horitzo-verd\/#primaryimage","url":"https:\/\/www.bnz.energy\/wp-content\/uploads\/2024\/09\/unnamed-1.png","contentUrl":"https:\/\/www.bnz.energy\/wp-content\/uploads\/2024\/09\/unnamed-1.png","width":1069,"height":713},{"@type":"BreadcrumbList","@id":"https:\/\/www.bnz.energy\/ca\/tendencies-i-oportunitats-per-a-un-horitzo-verd\/#breadcrumb","itemListElement":[{"@type":"ListItem","position":1,"name":"Home","item":"https:\/\/www.bnz.energy\/ca\/"},{"@type":"ListItem","position":2,"name":"Tend\u00e8ncies i oportunitats per a un horitz\u00f3 verd"}]},{"@type":"WebSite","@id":"https:\/\/www.bnz.energy\/#website","url":"https:\/\/www.bnz.energy\/","name":"BNZ","description":"","publisher":{"@id":"https:\/\/www.bnz.energy\/#organization"},"potentialAction":[{"@type":"SearchAction","target":{"@type":"EntryPoint","urlTemplate":"https:\/\/www.bnz.energy\/?s={search_term_string}"},"query-input":{"@type":"PropertyValueSpecification","valueRequired":true,"valueName":"search_term_string"}}],"inLanguage":"ca"},{"@type":"Organization","@id":"https:\/\/www.bnz.energy\/#organization","name":"BNZ","url":"https:\/\/www.bnz.energy\/","logo":{"@type":"ImageObject","inLanguage":"ca","@id":"https:\/\/www.bnz.energy\/#\/schema\/logo\/image\/","url":"https:\/\/www.bnz.energy\/wp-content\/uploads\/2024\/12\/Capa_1.svg","contentUrl":"https:\/\/www.bnz.energy\/wp-content\/uploads\/2024\/12\/Capa_1.svg","width":1,"height":1,"caption":"BNZ"},"image":{"@id":"https:\/\/www.bnz.energy\/#\/schema\/logo\/image\/"},"sameAs":["https:\/\/www.linkedin.com\/company\/bnetzero\/"]},{"@type":"Person","@id":"https:\/\/www.bnz.energy\/#\/schema\/person\/e358b3214b1b4a9b443d49305c239bbe","name":"admin_bnz","image":{"@type":"ImageObject","inLanguage":"ca","@id":"https:\/\/www.bnz.energy\/#\/schema\/person\/image\/","url":"https:\/\/secure.gravatar.com\/avatar\/cc90964e5c0de17136af9d9d3171efa5c21c920531a6aaa763a62c13f62ec30a?s=96&d=mm&r=g","contentUrl":"https:\/\/secure.gravatar.com\/avatar\/cc90964e5c0de17136af9d9d3171efa5c21c920531a6aaa763a62c13f62ec30a?s=96&d=mm&r=g","caption":"admin_bnz"},"sameAs":["https:\/\/www.bnz.energy"],"url":"https:\/\/www.bnz.energy\/ca\/author\/admin_bnz\/"}]}},"_links":{"self":[{"href":"https:\/\/www.bnz.energy\/ca\/wp-json\/wp\/v2\/posts\/2718","targetHints":{"allow":["GET"]}}],"collection":[{"href":"https:\/\/www.bnz.energy\/ca\/wp-json\/wp\/v2\/posts"}],"about":[{"href":"https:\/\/www.bnz.energy\/ca\/wp-json\/wp\/v2\/types\/post"}],"author":[{"embeddable":true,"href":"https:\/\/www.bnz.energy\/ca\/wp-json\/wp\/v2\/users\/1"}],"replies":[{"embeddable":true,"href":"https:\/\/www.bnz.energy\/ca\/wp-json\/wp\/v2\/comments?post=2718"}],"version-history":[{"count":2,"href":"https:\/\/www.bnz.energy\/ca\/wp-json\/wp\/v2\/posts\/2718\/revisions"}],"predecessor-version":[{"id":7217,"href":"https:\/\/www.bnz.energy\/ca\/wp-json\/wp\/v2\/posts\/2718\/revisions\/7217"}],"wp:featuredmedia":[{"embeddable":true,"href":"https:\/\/www.bnz.energy\/ca\/wp-json\/wp\/v2\/media\/3050"}],"wp:attachment":[{"href":"https:\/\/www.bnz.energy\/ca\/wp-json\/wp\/v2\/media?parent=2718"}],"wp:term":[{"taxonomy":"category","embeddable":true,"href":"https:\/\/www.bnz.energy\/ca\/wp-json\/wp\/v2\/categories?post=2718"},{"taxonomy":"post_tag","embeddable":true,"href":"https:\/\/www.bnz.energy\/ca\/wp-json\/wp\/v2\/tags?post=2718"}],"curies":[{"name":"wp","href":"https:\/\/api.w.org\/{rel}","templated":true}]}}