{"id":2363,"date":"2024-04-16T14:00:06","date_gmt":"2024-04-16T14:00:06","guid":{"rendered":"https:\/\/www.bnz.energy\/?p=2337"},"modified":"2025-02-17T08:13:27","modified_gmt":"2025-02-17T08:13:27","slug":"bnz-inicia-la-construccio-duna-planta-solar-fotovoltaica-de-345mw-a-jaen","status":"publish","type":"post","link":"https:\/\/www.bnz.energy\/ca\/bnz-inicia-la-construccio-duna-planta-solar-fotovoltaica-de-345mw-a-jaen\/","title":{"rendered":"BNZ inicia la construcci\u00f3 d&#8217;una planta solar fotovoltaica de 34,5MW a Ja\u00e9n"},"content":{"rendered":"<p>BNZ, productor d&#8217;energia independent (IPP) que desenvolupa, construeix i opera projectes solars fotovoltaics, ha anunciat l&#8217;inici de la construcci\u00f3 d&#8217;una planta solar en el municipi de Ja\u00e9n. La planta, anomenada Santa Catalina Solar, comptar\u00e0 amb una pot\u00e8ncia total de 34,5MW i la previsi\u00f3 per a finalitzar les obres \u00e9s per a agost de 2024.<\/p>\n<p>Santa Catalina Solar \u00e9s la cinquena planta de BNZ a Espanya, pa\u00eds en el qual projecta instal\u00b7lar una capacitat aproximada de 600 MWp fins a 2026. En total, els plans de BNZ passen per desplegar una cartera total de m\u00e9s d&#8217;1,7 GW d&#8217;energia solar fotovoltaica en el sud d&#8217;Europa per a finals de 2026.<\/p>\n<p>El director general de BNZ, Luis Selva, ha destacat: &#8220;\u00c9s un orgull impulsar a Ja\u00e9n un projecte d&#8217;aquestes caracter\u00edstiques, que contribuir\u00e0 a la transici\u00f3 energ\u00e8tica d&#8217;aquesta prov\u00edncia, d&#8217;Andalusia i del conjunt d&#8217;Espanya, aix\u00ed com al desenvolupament socioecon\u00f2mic i mediambiental del territori&#8221;. Selva ha afegit: &#8220;Donar per iniciada aquesta construcci\u00f3 suposa un pas m\u00e9s per a aconseguir el nostre objectiu de contribuir a la generaci\u00f3 d&#8217;energia totalment renovable i assequible per a descarbonitzar l&#8217;economia del sud d&#8217;Europa&#8221;.<\/p>\n<p>Amb l&#8217;energia neta produ\u00efda en aquesta planta, s&#8217;evitar\u00e0 l&#8217;emissi\u00f3 de 18.523 tones de CO2 equivalent a l&#8217;any, la qual cosa representa 22.600 anades i voltes entre l&#8217;Aeroport Federico Garc\u00eda Lorca Granada-Ja\u00e9n i Berl\u00edn. Aix\u00ed mateix, BNZ estima que durant la seva construcci\u00f3 es creuen un total aproximat de 57 ocupacions directes i indirectes, una xifra que contempla a m\u00e9s la contractaci\u00f3 d&#8217;un total de 82 companyies.<\/p>\n<p><strong>BNZ mostra el seu comprom\u00eds amb la comunitat local amb la regeneraci\u00f3 mediambiental del territori<\/strong><\/p>\n<p>BNZ es compromet activament a l&#8217;avan\u00e7 ambiental i social en les comunitats locals on estableix les seves instal\u00b7lacions fotovoltaiques. A m\u00e9s de generar un impacte econ\u00f2mic positiu en la comunitat i complir amb els m\u00e9s alts est\u00e0ndards ESG, BNZ tamb\u00e9 col\u00b7laborar\u00e0 estretament amb les autoritats locals en iniciatives mediambientals.<\/p>\n<p>Com a mostra d&#8217;aquest comprom\u00eds, BNZ dur\u00e0 a terme la protecci\u00f3 de l&#8217;avifauna enfront del risc potencial generat per les instal\u00b7lacions el\u00e8ctriques i contribuir\u00e0 al seu benestar amb compensacions per p\u00e8rdues del seu substrat de nidificaci\u00f3. Finalment, la companyia tamb\u00e9 implementar\u00e0 connexions naturals en forma de biocorredors i instal\u00b7lar\u00e0 refugis per a animals, amb l&#8217;objectiu de preservar la fauna del territori.<\/p>\n","protected":false},"excerpt":{"rendered":"<p>BNZ, productor d&#8217;energia independent (IPP) que desenvolupa, construeix i opera projectes solars fotovoltaics, ha anunciat l&#8217;inici de la construcci\u00f3 d&#8217;una planta solar en el municipi de Ja\u00e9n. La planta, anomenada Santa Catalina Solar, comptar\u00e0 amb una pot\u00e8ncia total de 34,5MW i la previsi\u00f3 per a finalitzar les obres \u00e9s per a agost de 2024. Santa [&hellip;]<\/p>\n","protected":false},"author":1,"featured_media":4507,"comment_status":"closed","ping_status":"closed","sticky":false,"template":"","format":"standard","meta":{"_acf_changed":false,"_et_pb_use_builder":"","_et_pb_old_content":"","_et_gb_content_width":"","footnotes":""},"categories":[55,59],"tags":[],"class_list":["post-2363","post","type-post","status-publish","format-standard","has-post-thumbnail","hentry","category-notes-de-premsa","category-projectes"],"acf":[],"yoast_head":"<!-- This site is optimized with the Yoast SEO plugin v26.6 - https:\/\/yoast.com\/wordpress\/plugins\/seo\/ -->\n<title>BNZ inicia la construcci\u00f3 d&#039;una planta solar fotovoltaica de 34,5MW a Ja\u00e9n - BNZ<\/title>\n<meta name=\"robots\" content=\"index, follow, max-snippet:-1, max-image-preview:large, max-video-preview:-1\" \/>\n<link rel=\"canonical\" href=\"https:\/\/www.bnz.energy\/ca\/bnz-inicia-la-construccio-duna-planta-solar-fotovoltaica-de-345mw-a-jaen\/\" \/>\n<meta property=\"og:locale\" content=\"ca_ES\" \/>\n<meta property=\"og:type\" content=\"article\" \/>\n<meta property=\"og:title\" content=\"BNZ inicia la construcci\u00f3 d&#039;una planta solar fotovoltaica de 34,5MW a Ja\u00e9n - BNZ\" \/>\n<meta property=\"og:description\" content=\"BNZ, productor d&#8217;energia independent (IPP) que desenvolupa, construeix i opera projectes solars fotovoltaics, ha anunciat l&#8217;inici de la construcci\u00f3 d&#8217;una planta solar en el municipi de Ja\u00e9n. La planta, anomenada Santa Catalina Solar, comptar\u00e0 amb una pot\u00e8ncia total de 34,5MW i la previsi\u00f3 per a finalitzar les obres \u00e9s per a agost de 2024. Santa [&hellip;]\" \/>\n<meta property=\"og:url\" content=\"https:\/\/www.bnz.energy\/ca\/bnz-inicia-la-construccio-duna-planta-solar-fotovoltaica-de-345mw-a-jaen\/\" \/>\n<meta property=\"og:site_name\" content=\"BNZ\" \/>\n<meta property=\"article:published_time\" content=\"2024-04-16T14:00:06+00:00\" \/>\n<meta property=\"article:modified_time\" content=\"2025-02-17T08:13:27+00:00\" \/>\n<meta property=\"og:image\" content=\"https:\/\/www.bnz.energy\/wp-content\/uploads\/2024\/04\/PRESS-ROOM_2024_2_APR_BNZ-starts-construction-of-a-34.5MW-solar-photovoltaic-plant-in-Jaen-1.jpg\" \/>\n\t<meta property=\"og:image:width\" content=\"888\" \/>\n\t<meta property=\"og:image:height\" content=\"619\" \/>\n\t<meta property=\"og:image:type\" content=\"image\/jpeg\" \/>\n<meta name=\"author\" content=\"admin_bnz\" \/>\n<meta name=\"twitter:card\" content=\"summary_large_image\" \/>\n<meta name=\"twitter:label1\" content=\"Escrit per\" \/>\n\t<meta name=\"twitter:data1\" content=\"admin_bnz\" \/>\n\t<meta name=\"twitter:label2\" content=\"Temps estimat de lectura\" \/>\n\t<meta name=\"twitter:data2\" content=\"2 minuts\" \/>\n<script type=\"application\/ld+json\" class=\"yoast-schema-graph\">{\"@context\":\"https:\/\/schema.org\",\"@graph\":[{\"@type\":\"Article\",\"@id\":\"https:\/\/www.bnz.energy\/ca\/bnz-inicia-la-construccio-duna-planta-solar-fotovoltaica-de-345mw-a-jaen\/#article\",\"isPartOf\":{\"@id\":\"https:\/\/www.bnz.energy\/ca\/bnz-inicia-la-construccio-duna-planta-solar-fotovoltaica-de-345mw-a-jaen\/\"},\"author\":{\"name\":\"admin_bnz\",\"@id\":\"https:\/\/www.bnz.energy\/#\/schema\/person\/e358b3214b1b4a9b443d49305c239bbe\"},\"headline\":\"BNZ inicia la construcci\u00f3 d&#8217;una planta solar fotovoltaica de 34,5MW a Ja\u00e9n\",\"datePublished\":\"2024-04-16T14:00:06+00:00\",\"dateModified\":\"2025-02-17T08:13:27+00:00\",\"mainEntityOfPage\":{\"@id\":\"https:\/\/www.bnz.energy\/ca\/bnz-inicia-la-construccio-duna-planta-solar-fotovoltaica-de-345mw-a-jaen\/\"},\"wordCount\":431,\"publisher\":{\"@id\":\"https:\/\/www.bnz.energy\/#organization\"},\"image\":{\"@id\":\"https:\/\/www.bnz.energy\/ca\/bnz-inicia-la-construccio-duna-planta-solar-fotovoltaica-de-345mw-a-jaen\/#primaryimage\"},\"thumbnailUrl\":\"https:\/\/www.bnz.energy\/wp-content\/uploads\/2024\/04\/PRESS-ROOM_2024_2_APR_BNZ-starts-construction-of-a-34.5MW-solar-photovoltaic-plant-in-Jaen-1.jpg\",\"articleSection\":[\"Notes de premsa\",\"Projectes\"],\"inLanguage\":\"ca\"},{\"@type\":\"WebPage\",\"@id\":\"https:\/\/www.bnz.energy\/ca\/bnz-inicia-la-construccio-duna-planta-solar-fotovoltaica-de-345mw-a-jaen\/\",\"url\":\"https:\/\/www.bnz.energy\/ca\/bnz-inicia-la-construccio-duna-planta-solar-fotovoltaica-de-345mw-a-jaen\/\",\"name\":\"BNZ inicia la construcci\u00f3 d'una planta solar fotovoltaica de 34,5MW a Ja\u00e9n - BNZ\",\"isPartOf\":{\"@id\":\"https:\/\/www.bnz.energy\/#website\"},\"primaryImageOfPage\":{\"@id\":\"https:\/\/www.bnz.energy\/ca\/bnz-inicia-la-construccio-duna-planta-solar-fotovoltaica-de-345mw-a-jaen\/#primaryimage\"},\"image\":{\"@id\":\"https:\/\/www.bnz.energy\/ca\/bnz-inicia-la-construccio-duna-planta-solar-fotovoltaica-de-345mw-a-jaen\/#primaryimage\"},\"thumbnailUrl\":\"https:\/\/www.bnz.energy\/wp-content\/uploads\/2024\/04\/PRESS-ROOM_2024_2_APR_BNZ-starts-construction-of-a-34.5MW-solar-photovoltaic-plant-in-Jaen-1.jpg\",\"datePublished\":\"2024-04-16T14:00:06+00:00\",\"dateModified\":\"2025-02-17T08:13:27+00:00\",\"breadcrumb\":{\"@id\":\"https:\/\/www.bnz.energy\/ca\/bnz-inicia-la-construccio-duna-planta-solar-fotovoltaica-de-345mw-a-jaen\/#breadcrumb\"},\"inLanguage\":\"ca\",\"potentialAction\":[{\"@type\":\"ReadAction\",\"target\":[\"https:\/\/www.bnz.energy\/ca\/bnz-inicia-la-construccio-duna-planta-solar-fotovoltaica-de-345mw-a-jaen\/\"]}]},{\"@type\":\"ImageObject\",\"inLanguage\":\"ca\",\"@id\":\"https:\/\/www.bnz.energy\/ca\/bnz-inicia-la-construccio-duna-planta-solar-fotovoltaica-de-345mw-a-jaen\/#primaryimage\",\"url\":\"https:\/\/www.bnz.energy\/wp-content\/uploads\/2024\/04\/PRESS-ROOM_2024_2_APR_BNZ-starts-construction-of-a-34.5MW-solar-photovoltaic-plant-in-Jaen-1.jpg\",\"contentUrl\":\"https:\/\/www.bnz.energy\/wp-content\/uploads\/2024\/04\/PRESS-ROOM_2024_2_APR_BNZ-starts-construction-of-a-34.5MW-solar-photovoltaic-plant-in-Jaen-1.jpg\",\"width\":888,\"height\":619},{\"@type\":\"BreadcrumbList\",\"@id\":\"https:\/\/www.bnz.energy\/ca\/bnz-inicia-la-construccio-duna-planta-solar-fotovoltaica-de-345mw-a-jaen\/#breadcrumb\",\"itemListElement\":[{\"@type\":\"ListItem\",\"position\":1,\"name\":\"Home\",\"item\":\"https:\/\/www.bnz.energy\/ca\/\"},{\"@type\":\"ListItem\",\"position\":2,\"name\":\"BNZ inicia la construcci\u00f3 d&#8217;una planta solar fotovoltaica de 34,5MW a Ja\u00e9n\"}]},{\"@type\":\"WebSite\",\"@id\":\"https:\/\/www.bnz.energy\/#website\",\"url\":\"https:\/\/www.bnz.energy\/\",\"name\":\"BNZ\",\"description\":\"\",\"publisher\":{\"@id\":\"https:\/\/www.bnz.energy\/#organization\"},\"potentialAction\":[{\"@type\":\"SearchAction\",\"target\":{\"@type\":\"EntryPoint\",\"urlTemplate\":\"https:\/\/www.bnz.energy\/?s={search_term_string}\"},\"query-input\":{\"@type\":\"PropertyValueSpecification\",\"valueRequired\":true,\"valueName\":\"search_term_string\"}}],\"inLanguage\":\"ca\"},{\"@type\":\"Organization\",\"@id\":\"https:\/\/www.bnz.energy\/#organization\",\"name\":\"BNZ\",\"url\":\"https:\/\/www.bnz.energy\/\",\"logo\":{\"@type\":\"ImageObject\",\"inLanguage\":\"ca\",\"@id\":\"https:\/\/www.bnz.energy\/#\/schema\/logo\/image\/\",\"url\":\"https:\/\/www.bnz.energy\/wp-content\/uploads\/2024\/12\/Capa_1.svg\",\"contentUrl\":\"https:\/\/www.bnz.energy\/wp-content\/uploads\/2024\/12\/Capa_1.svg\",\"width\":1,\"height\":1,\"caption\":\"BNZ\"},\"image\":{\"@id\":\"https:\/\/www.bnz.energy\/#\/schema\/logo\/image\/\"},\"sameAs\":[\"https:\/\/www.linkedin.com\/company\/bnetzero\/\"]},{\"@type\":\"Person\",\"@id\":\"https:\/\/www.bnz.energy\/#\/schema\/person\/e358b3214b1b4a9b443d49305c239bbe\",\"name\":\"admin_bnz\",\"image\":{\"@type\":\"ImageObject\",\"inLanguage\":\"ca\",\"@id\":\"https:\/\/www.bnz.energy\/#\/schema\/person\/image\/\",\"url\":\"https:\/\/secure.gravatar.com\/avatar\/cc90964e5c0de17136af9d9d3171efa5c21c920531a6aaa763a62c13f62ec30a?s=96&d=mm&r=g\",\"contentUrl\":\"https:\/\/secure.gravatar.com\/avatar\/cc90964e5c0de17136af9d9d3171efa5c21c920531a6aaa763a62c13f62ec30a?s=96&d=mm&r=g\",\"caption\":\"admin_bnz\"},\"sameAs\":[\"https:\/\/www.bnz.energy\"],\"url\":\"https:\/\/www.bnz.energy\/ca\/author\/admin_bnz\/\"}]}<\/script>\n<!-- \/ Yoast SEO plugin. -->","yoast_head_json":{"title":"BNZ inicia la construcci\u00f3 d'una planta solar fotovoltaica de 34,5MW a Ja\u00e9n - BNZ","robots":{"index":"index","follow":"follow","max-snippet":"max-snippet:-1","max-image-preview":"max-image-preview:large","max-video-preview":"max-video-preview:-1"},"canonical":"https:\/\/www.bnz.energy\/ca\/bnz-inicia-la-construccio-duna-planta-solar-fotovoltaica-de-345mw-a-jaen\/","og_locale":"ca_ES","og_type":"article","og_title":"BNZ inicia la construcci\u00f3 d'una planta solar fotovoltaica de 34,5MW a Ja\u00e9n - BNZ","og_description":"BNZ, productor d&#8217;energia independent (IPP) que desenvolupa, construeix i opera projectes solars fotovoltaics, ha anunciat l&#8217;inici de la construcci\u00f3 d&#8217;una planta solar en el municipi de Ja\u00e9n. La planta, anomenada Santa Catalina Solar, comptar\u00e0 amb una pot\u00e8ncia total de 34,5MW i la previsi\u00f3 per a finalitzar les obres \u00e9s per a agost de 2024. Santa [&hellip;]","og_url":"https:\/\/www.bnz.energy\/ca\/bnz-inicia-la-construccio-duna-planta-solar-fotovoltaica-de-345mw-a-jaen\/","og_site_name":"BNZ","article_published_time":"2024-04-16T14:00:06+00:00","article_modified_time":"2025-02-17T08:13:27+00:00","og_image":[{"width":888,"height":619,"url":"https:\/\/www.bnz.energy\/wp-content\/uploads\/2024\/04\/PRESS-ROOM_2024_2_APR_BNZ-starts-construction-of-a-34.5MW-solar-photovoltaic-plant-in-Jaen-1.jpg","type":"image\/jpeg"}],"author":"admin_bnz","twitter_card":"summary_large_image","twitter_misc":{"Escrit per":"admin_bnz","Temps estimat de lectura":"2 minuts"},"schema":{"@context":"https:\/\/schema.org","@graph":[{"@type":"Article","@id":"https:\/\/www.bnz.energy\/ca\/bnz-inicia-la-construccio-duna-planta-solar-fotovoltaica-de-345mw-a-jaen\/#article","isPartOf":{"@id":"https:\/\/www.bnz.energy\/ca\/bnz-inicia-la-construccio-duna-planta-solar-fotovoltaica-de-345mw-a-jaen\/"},"author":{"name":"admin_bnz","@id":"https:\/\/www.bnz.energy\/#\/schema\/person\/e358b3214b1b4a9b443d49305c239bbe"},"headline":"BNZ inicia la construcci\u00f3 d&#8217;una planta solar fotovoltaica de 34,5MW a Ja\u00e9n","datePublished":"2024-04-16T14:00:06+00:00","dateModified":"2025-02-17T08:13:27+00:00","mainEntityOfPage":{"@id":"https:\/\/www.bnz.energy\/ca\/bnz-inicia-la-construccio-duna-planta-solar-fotovoltaica-de-345mw-a-jaen\/"},"wordCount":431,"publisher":{"@id":"https:\/\/www.bnz.energy\/#organization"},"image":{"@id":"https:\/\/www.bnz.energy\/ca\/bnz-inicia-la-construccio-duna-planta-solar-fotovoltaica-de-345mw-a-jaen\/#primaryimage"},"thumbnailUrl":"https:\/\/www.bnz.energy\/wp-content\/uploads\/2024\/04\/PRESS-ROOM_2024_2_APR_BNZ-starts-construction-of-a-34.5MW-solar-photovoltaic-plant-in-Jaen-1.jpg","articleSection":["Notes de premsa","Projectes"],"inLanguage":"ca"},{"@type":"WebPage","@id":"https:\/\/www.bnz.energy\/ca\/bnz-inicia-la-construccio-duna-planta-solar-fotovoltaica-de-345mw-a-jaen\/","url":"https:\/\/www.bnz.energy\/ca\/bnz-inicia-la-construccio-duna-planta-solar-fotovoltaica-de-345mw-a-jaen\/","name":"BNZ inicia la construcci\u00f3 d'una planta solar fotovoltaica de 34,5MW a Ja\u00e9n - BNZ","isPartOf":{"@id":"https:\/\/www.bnz.energy\/#website"},"primaryImageOfPage":{"@id":"https:\/\/www.bnz.energy\/ca\/bnz-inicia-la-construccio-duna-planta-solar-fotovoltaica-de-345mw-a-jaen\/#primaryimage"},"image":{"@id":"https:\/\/www.bnz.energy\/ca\/bnz-inicia-la-construccio-duna-planta-solar-fotovoltaica-de-345mw-a-jaen\/#primaryimage"},"thumbnailUrl":"https:\/\/www.bnz.energy\/wp-content\/uploads\/2024\/04\/PRESS-ROOM_2024_2_APR_BNZ-starts-construction-of-a-34.5MW-solar-photovoltaic-plant-in-Jaen-1.jpg","datePublished":"2024-04-16T14:00:06+00:00","dateModified":"2025-02-17T08:13:27+00:00","breadcrumb":{"@id":"https:\/\/www.bnz.energy\/ca\/bnz-inicia-la-construccio-duna-planta-solar-fotovoltaica-de-345mw-a-jaen\/#breadcrumb"},"inLanguage":"ca","potentialAction":[{"@type":"ReadAction","target":["https:\/\/www.bnz.energy\/ca\/bnz-inicia-la-construccio-duna-planta-solar-fotovoltaica-de-345mw-a-jaen\/"]}]},{"@type":"ImageObject","inLanguage":"ca","@id":"https:\/\/www.bnz.energy\/ca\/bnz-inicia-la-construccio-duna-planta-solar-fotovoltaica-de-345mw-a-jaen\/#primaryimage","url":"https:\/\/www.bnz.energy\/wp-content\/uploads\/2024\/04\/PRESS-ROOM_2024_2_APR_BNZ-starts-construction-of-a-34.5MW-solar-photovoltaic-plant-in-Jaen-1.jpg","contentUrl":"https:\/\/www.bnz.energy\/wp-content\/uploads\/2024\/04\/PRESS-ROOM_2024_2_APR_BNZ-starts-construction-of-a-34.5MW-solar-photovoltaic-plant-in-Jaen-1.jpg","width":888,"height":619},{"@type":"BreadcrumbList","@id":"https:\/\/www.bnz.energy\/ca\/bnz-inicia-la-construccio-duna-planta-solar-fotovoltaica-de-345mw-a-jaen\/#breadcrumb","itemListElement":[{"@type":"ListItem","position":1,"name":"Home","item":"https:\/\/www.bnz.energy\/ca\/"},{"@type":"ListItem","position":2,"name":"BNZ inicia la construcci\u00f3 d&#8217;una planta solar fotovoltaica de 34,5MW a Ja\u00e9n"}]},{"@type":"WebSite","@id":"https:\/\/www.bnz.energy\/#website","url":"https:\/\/www.bnz.energy\/","name":"BNZ","description":"","publisher":{"@id":"https:\/\/www.bnz.energy\/#organization"},"potentialAction":[{"@type":"SearchAction","target":{"@type":"EntryPoint","urlTemplate":"https:\/\/www.bnz.energy\/?s={search_term_string}"},"query-input":{"@type":"PropertyValueSpecification","valueRequired":true,"valueName":"search_term_string"}}],"inLanguage":"ca"},{"@type":"Organization","@id":"https:\/\/www.bnz.energy\/#organization","name":"BNZ","url":"https:\/\/www.bnz.energy\/","logo":{"@type":"ImageObject","inLanguage":"ca","@id":"https:\/\/www.bnz.energy\/#\/schema\/logo\/image\/","url":"https:\/\/www.bnz.energy\/wp-content\/uploads\/2024\/12\/Capa_1.svg","contentUrl":"https:\/\/www.bnz.energy\/wp-content\/uploads\/2024\/12\/Capa_1.svg","width":1,"height":1,"caption":"BNZ"},"image":{"@id":"https:\/\/www.bnz.energy\/#\/schema\/logo\/image\/"},"sameAs":["https:\/\/www.linkedin.com\/company\/bnetzero\/"]},{"@type":"Person","@id":"https:\/\/www.bnz.energy\/#\/schema\/person\/e358b3214b1b4a9b443d49305c239bbe","name":"admin_bnz","image":{"@type":"ImageObject","inLanguage":"ca","@id":"https:\/\/www.bnz.energy\/#\/schema\/person\/image\/","url":"https:\/\/secure.gravatar.com\/avatar\/cc90964e5c0de17136af9d9d3171efa5c21c920531a6aaa763a62c13f62ec30a?s=96&d=mm&r=g","contentUrl":"https:\/\/secure.gravatar.com\/avatar\/cc90964e5c0de17136af9d9d3171efa5c21c920531a6aaa763a62c13f62ec30a?s=96&d=mm&r=g","caption":"admin_bnz"},"sameAs":["https:\/\/www.bnz.energy"],"url":"https:\/\/www.bnz.energy\/ca\/author\/admin_bnz\/"}]}},"_links":{"self":[{"href":"https:\/\/www.bnz.energy\/ca\/wp-json\/wp\/v2\/posts\/2363","targetHints":{"allow":["GET"]}}],"collection":[{"href":"https:\/\/www.bnz.energy\/ca\/wp-json\/wp\/v2\/posts"}],"about":[{"href":"https:\/\/www.bnz.energy\/ca\/wp-json\/wp\/v2\/types\/post"}],"author":[{"embeddable":true,"href":"https:\/\/www.bnz.energy\/ca\/wp-json\/wp\/v2\/users\/1"}],"replies":[{"embeddable":true,"href":"https:\/\/www.bnz.energy\/ca\/wp-json\/wp\/v2\/comments?post=2363"}],"version-history":[{"count":3,"href":"https:\/\/www.bnz.energy\/ca\/wp-json\/wp\/v2\/posts\/2363\/revisions"}],"predecessor-version":[{"id":7228,"href":"https:\/\/www.bnz.energy\/ca\/wp-json\/wp\/v2\/posts\/2363\/revisions\/7228"}],"wp:featuredmedia":[{"embeddable":true,"href":"https:\/\/www.bnz.energy\/ca\/wp-json\/wp\/v2\/media\/4507"}],"wp:attachment":[{"href":"https:\/\/www.bnz.energy\/ca\/wp-json\/wp\/v2\/media?parent=2363"}],"wp:term":[{"taxonomy":"category","embeddable":true,"href":"https:\/\/www.bnz.energy\/ca\/wp-json\/wp\/v2\/categories?post=2363"},{"taxonomy":"post_tag","embeddable":true,"href":"https:\/\/www.bnz.energy\/ca\/wp-json\/wp\/v2\/tags?post=2363"}],"curies":[{"name":"wp","href":"https:\/\/api.w.org\/{rel}","templated":true}]}}