{"id":2325,"date":"2023-05-18T09:57:45","date_gmt":"2023-05-18T09:57:45","guid":{"rendered":"https:\/\/www.bnz.energy\/?p=1689"},"modified":"2025-02-14T12:40:16","modified_gmt":"2025-02-14T12:40:16","slug":"bnz-inicia-la-construccio-de-dues-plantes-solars-fotovoltaiques-de-96mw-a-merida-extremadura","status":"publish","type":"post","link":"https:\/\/www.bnz.energy\/ca\/bnz-inicia-la-construccio-de-dues-plantes-solars-fotovoltaiques-de-96mw-a-merida-extremadura\/","title":{"rendered":"BNZ inicia la construcci\u00f3 de dues plantes solars fotovoltaiques de 9,6MW a M\u00e8rida (Extremadura)"},"content":{"rendered":"<p>BNZ, productor d&#8217;energia independent (IPP) que desenvolupa, construeix i opera projectes solars fotovoltaics, ha anunciat l&#8217;inici de la construcci\u00f3 de dues plantes solars a la ciutat de M\u00e8rida (Extremadura). Les plantes, anomenades Em\u00e8rita i Tremisol, comptaran amb una pot\u00e8ncia total de 9.6MW per separat. La previsi\u00f3 per a finalitzar les obres d&#8217;Em\u00e8rita \u00e9s per a finals de 2023, mentre que s&#8217;estima que la construcci\u00f3 de Tremisol finalitzar\u00e0 a l&#8217;estiu de 2024.<\/p>\n<p>Es tracta de segona i la tercera planta de BNZ que es construir\u00e0 a Espanya, pa\u00eds en el qual espera instal\u00b7lar una capacitat aproximada de 600 MWp fins a 2026. En total, els plans de BNZ passen per desplegar una cartera agregada de m\u00e9s de 1,7 GW d&#8217;energia solar fotovoltaica en el sud d&#8217;Europa per a finals de 2026.<\/p>\n<p>El Director General de BNZ, Luis Selva, ha assenyalat que \u201cestem molt satisfets de poder impulsar aquests dos nous projectes a Extremadura. El desplegament d&#8217;aquestes dues plantes fotovoltaiques no sols suposa un pas m\u00e9s en la descarbonitzaci\u00f3 de la nostra economia, sin\u00f3 que tamb\u00e9 aniran acompanyades d&#8217;accions de regeneraci\u00f3 ambiental per a integrar tots dos projectes en la fauna de l&#8217;h\u00e0bitat, un element intr\u00ednsec de la nostra filosofia com a productors independents d&#8217;energia\u201d.<\/p>\n<p>Amb l&#8217;energia neta produ\u00efda en aquestes dues plantes, que ocuparan 18 hect\u00e0rees cadascuna i que comptaran amb 19,2 MW de pot\u00e8ncia conjuntament, s&#8217;evitar\u00e0 l&#8217;emissi\u00f3 de 10.000 tones de CO2 equivalent a l&#8217;any. Aix\u00ed mateix, s&#8217;estima que durant la seva construcci\u00f3 es generin un total de 140 ocupacions directes i indirectes, una xifra que t\u00e9 en compte a m\u00e9s de 14 empreses locals contractades.<\/p>\n<p><strong>BNZ es compromet amb la regeneraci\u00f3 ambiental del territori<\/strong><\/p>\n<p>M\u00e9s enll\u00e0 de l&#8217;impacte econ\u00f2mic positiu de les instal\u00b7lacions en la comunitat local i el seu compliment dels m\u00e0xims criteris ambientals, BNZ col\u00b7laborar\u00e0 amb les autoritats locals en projectes mediambientals. Com a mostra del comprom\u00eds de BNZ amb la comunitat local de M\u00e8rida, dur\u00e0 a terme diversos projectes de regeneraci\u00f3 ambiental, entre ells: la dedicaci\u00f3 del 20% de la planta d&#8217;Em\u00e8rita per a conservar ocells esteparis o la realitzaci\u00f3 de radioseguimient de dos exemplars de cigonyes blanques de la col\u00f2nia existent en l&#8217;entorn a l&#8217;any, durant la fase d&#8217;obres i els cinc primers anys de la fase d&#8217;explotaci\u00f3.<\/p>\n<p>En aquest sentit, BNZ tamb\u00e9 realitzar\u00e0 un seguiment d&#8217;avifauna a l&#8217;entorn de la planta i dur\u00e0 a terme un control de les poblacions d&#8217;amfibis i r\u00e8ptils dins i fora de la planta. A m\u00e9s, es construir\u00e0 una parcel\u00b7la de 3.500 metres quadrats per a la conservaci\u00f3 del narc\u00eds fernandesii i milagrosus exclusivament, i ser\u00e0 cedida a la Junta d&#8217;Extremadura per a garantir la conservaci\u00f3 de totes dues esp\u00e8cies. Finalment, es far\u00e0 una aportaci\u00f3 equivalent al 20% de la superf\u00edcie de la planta dedicada a la campanya de conservaci\u00f3 d&#8217;ocells esteparis durant la vida \u00fatil de la planta solar.<\/p>\n","protected":false},"excerpt":{"rendered":"<p>BNZ, productor d&#8217;energia independent (IPP) que desenvolupa, construeix i opera projectes solars fotovoltaics, ha anunciat l&#8217;inici de la construcci\u00f3 de dues plantes solars a la ciutat de M\u00e8rida (Extremadura). Les plantes, anomenades Em\u00e8rita i Tremisol, comptaran amb una pot\u00e8ncia total de 9.6MW per separat. La previsi\u00f3 per a finalitzar les obres d&#8217;Em\u00e8rita \u00e9s per a [&hellip;]<\/p>\n","protected":false},"author":1,"featured_media":4416,"comment_status":"closed","ping_status":"closed","sticky":false,"template":"","format":"standard","meta":{"_acf_changed":false,"_et_pb_use_builder":"","_et_pb_old_content":"","_et_gb_content_width":"","footnotes":""},"categories":[55,59],"tags":[],"class_list":["post-2325","post","type-post","status-publish","format-standard","has-post-thumbnail","hentry","category-notes-de-premsa","category-projectes"],"acf":[],"yoast_head":"<!-- This site is optimized with the Yoast SEO plugin v26.6 - https:\/\/yoast.com\/wordpress\/plugins\/seo\/ -->\n<title>BNZ inicia la construcci\u00f3 de dues plantes solars fotovoltaiques de 9,6MW a M\u00e8rida (Extremadura) - BNZ<\/title>\n<meta name=\"robots\" content=\"index, follow, max-snippet:-1, max-image-preview:large, max-video-preview:-1\" \/>\n<link rel=\"canonical\" href=\"https:\/\/www.bnz.energy\/bnz-starts-construction-of-two-9-6mw-solar-photovoltaic-plants-in-merida-extremadura\/\" \/>\n<meta property=\"og:locale\" content=\"ca_ES\" \/>\n<meta property=\"og:type\" content=\"article\" \/>\n<meta property=\"og:title\" content=\"BNZ inicia la construcci\u00f3 de dues plantes solars fotovoltaiques de 9,6MW a M\u00e8rida (Extremadura) - BNZ\" \/>\n<meta property=\"og:description\" content=\"BNZ, productor d&#8217;energia independent (IPP) que desenvolupa, construeix i opera projectes solars fotovoltaics, ha anunciat l&#8217;inici de la construcci\u00f3 de dues plantes solars a la ciutat de M\u00e8rida (Extremadura). Les plantes, anomenades Em\u00e8rita i Tremisol, comptaran amb una pot\u00e8ncia total de 9.6MW per separat. La previsi\u00f3 per a finalitzar les obres d&#8217;Em\u00e8rita \u00e9s per a [&hellip;]\" \/>\n<meta property=\"og:url\" content=\"https:\/\/www.bnz.energy\/bnz-starts-construction-of-two-9-6mw-solar-photovoltaic-plants-in-merida-extremadura\/\" \/>\n<meta property=\"og:site_name\" content=\"BNZ\" \/>\n<meta property=\"article:published_time\" content=\"2023-05-18T09:57:45+00:00\" \/>\n<meta property=\"article:modified_time\" content=\"2025-02-14T12:40:16+00:00\" \/>\n<meta property=\"og:image\" content=\"https:\/\/www.bnz.energy\/wp-content\/uploads\/2023\/05\/PRESS-ROOM_2023_3_MAY_BNZ-starts-construction-of-two-9.6MW-solar-photovoltaic-plants-in-Extremadura-1.jpg\" \/>\n\t<meta property=\"og:image:width\" content=\"1024\" \/>\n\t<meta property=\"og:image:height\" content=\"768\" \/>\n\t<meta property=\"og:image:type\" content=\"image\/jpeg\" \/>\n<meta name=\"author\" content=\"admin_bnz\" \/>\n<meta name=\"twitter:card\" content=\"summary_large_image\" \/>\n<meta name=\"twitter:label1\" content=\"Escrit per\" \/>\n\t<meta name=\"twitter:data1\" content=\"admin_bnz\" \/>\n\t<meta name=\"twitter:label2\" content=\"Temps estimat de lectura\" \/>\n\t<meta name=\"twitter:data2\" content=\"1 minut\" \/>\n<script type=\"application\/ld+json\" class=\"yoast-schema-graph\">{\"@context\":\"https:\/\/schema.org\",\"@graph\":[{\"@type\":\"Article\",\"@id\":\"https:\/\/www.bnz.energy\/bnz-starts-construction-of-two-9-6mw-solar-photovoltaic-plants-in-merida-extremadura\/#article\",\"isPartOf\":{\"@id\":\"https:\/\/www.bnz.energy\/bnz-starts-construction-of-two-9-6mw-solar-photovoltaic-plants-in-merida-extremadura\/\"},\"author\":{\"name\":\"admin_bnz\",\"@id\":\"https:\/\/www.bnz.energy\/#\/schema\/person\/e358b3214b1b4a9b443d49305c239bbe\"},\"headline\":\"BNZ inicia la construcci\u00f3 de dues plantes solars fotovoltaiques de 9,6MW a M\u00e8rida (Extremadura)\",\"datePublished\":\"2023-05-18T09:57:45+00:00\",\"dateModified\":\"2025-02-14T12:40:16+00:00\",\"mainEntityOfPage\":{\"@id\":\"https:\/\/www.bnz.energy\/bnz-starts-construction-of-two-9-6mw-solar-photovoltaic-plants-in-merida-extremadura\/\"},\"wordCount\":528,\"publisher\":{\"@id\":\"https:\/\/www.bnz.energy\/#organization\"},\"image\":{\"@id\":\"https:\/\/www.bnz.energy\/bnz-starts-construction-of-two-9-6mw-solar-photovoltaic-plants-in-merida-extremadura\/#primaryimage\"},\"thumbnailUrl\":\"https:\/\/www.bnz.energy\/wp-content\/uploads\/2023\/05\/PRESS-ROOM_2023_3_MAY_BNZ-starts-construction-of-two-9.6MW-solar-photovoltaic-plants-in-Extremadura-1.jpg\",\"articleSection\":[\"Notes de premsa\",\"Projectes\"],\"inLanguage\":\"ca\"},{\"@type\":\"WebPage\",\"@id\":\"https:\/\/www.bnz.energy\/bnz-starts-construction-of-two-9-6mw-solar-photovoltaic-plants-in-merida-extremadura\/\",\"url\":\"https:\/\/www.bnz.energy\/bnz-starts-construction-of-two-9-6mw-solar-photovoltaic-plants-in-merida-extremadura\/\",\"name\":\"BNZ inicia la construcci\u00f3 de dues plantes solars fotovoltaiques de 9,6MW a M\u00e8rida (Extremadura) - BNZ\",\"isPartOf\":{\"@id\":\"https:\/\/www.bnz.energy\/#website\"},\"primaryImageOfPage\":{\"@id\":\"https:\/\/www.bnz.energy\/bnz-starts-construction-of-two-9-6mw-solar-photovoltaic-plants-in-merida-extremadura\/#primaryimage\"},\"image\":{\"@id\":\"https:\/\/www.bnz.energy\/bnz-starts-construction-of-two-9-6mw-solar-photovoltaic-plants-in-merida-extremadura\/#primaryimage\"},\"thumbnailUrl\":\"https:\/\/www.bnz.energy\/wp-content\/uploads\/2023\/05\/PRESS-ROOM_2023_3_MAY_BNZ-starts-construction-of-two-9.6MW-solar-photovoltaic-plants-in-Extremadura-1.jpg\",\"datePublished\":\"2023-05-18T09:57:45+00:00\",\"dateModified\":\"2025-02-14T12:40:16+00:00\",\"breadcrumb\":{\"@id\":\"https:\/\/www.bnz.energy\/bnz-starts-construction-of-two-9-6mw-solar-photovoltaic-plants-in-merida-extremadura\/#breadcrumb\"},\"inLanguage\":\"ca\",\"potentialAction\":[{\"@type\":\"ReadAction\",\"target\":[\"https:\/\/www.bnz.energy\/bnz-starts-construction-of-two-9-6mw-solar-photovoltaic-plants-in-merida-extremadura\/\"]}]},{\"@type\":\"ImageObject\",\"inLanguage\":\"ca\",\"@id\":\"https:\/\/www.bnz.energy\/bnz-starts-construction-of-two-9-6mw-solar-photovoltaic-plants-in-merida-extremadura\/#primaryimage\",\"url\":\"https:\/\/www.bnz.energy\/wp-content\/uploads\/2023\/05\/PRESS-ROOM_2023_3_MAY_BNZ-starts-construction-of-two-9.6MW-solar-photovoltaic-plants-in-Extremadura-1.jpg\",\"contentUrl\":\"https:\/\/www.bnz.energy\/wp-content\/uploads\/2023\/05\/PRESS-ROOM_2023_3_MAY_BNZ-starts-construction-of-two-9.6MW-solar-photovoltaic-plants-in-Extremadura-1.jpg\",\"width\":1024,\"height\":768},{\"@type\":\"BreadcrumbList\",\"@id\":\"https:\/\/www.bnz.energy\/bnz-starts-construction-of-two-9-6mw-solar-photovoltaic-plants-in-merida-extremadura\/#breadcrumb\",\"itemListElement\":[{\"@type\":\"ListItem\",\"position\":1,\"name\":\"Home\",\"item\":\"https:\/\/www.bnz.energy\/ca\/\"},{\"@type\":\"ListItem\",\"position\":2,\"name\":\"BNZ inicia la construcci\u00f3 de dues plantes solars fotovoltaiques de 9,6MW a M\u00e8rida (Extremadura)\"}]},{\"@type\":\"WebSite\",\"@id\":\"https:\/\/www.bnz.energy\/#website\",\"url\":\"https:\/\/www.bnz.energy\/\",\"name\":\"BNZ\",\"description\":\"\",\"publisher\":{\"@id\":\"https:\/\/www.bnz.energy\/#organization\"},\"potentialAction\":[{\"@type\":\"SearchAction\",\"target\":{\"@type\":\"EntryPoint\",\"urlTemplate\":\"https:\/\/www.bnz.energy\/?s={search_term_string}\"},\"query-input\":{\"@type\":\"PropertyValueSpecification\",\"valueRequired\":true,\"valueName\":\"search_term_string\"}}],\"inLanguage\":\"ca\"},{\"@type\":\"Organization\",\"@id\":\"https:\/\/www.bnz.energy\/#organization\",\"name\":\"BNZ\",\"url\":\"https:\/\/www.bnz.energy\/\",\"logo\":{\"@type\":\"ImageObject\",\"inLanguage\":\"ca\",\"@id\":\"https:\/\/www.bnz.energy\/#\/schema\/logo\/image\/\",\"url\":\"https:\/\/www.bnz.energy\/wp-content\/uploads\/2024\/12\/Capa_1.svg\",\"contentUrl\":\"https:\/\/www.bnz.energy\/wp-content\/uploads\/2024\/12\/Capa_1.svg\",\"width\":1,\"height\":1,\"caption\":\"BNZ\"},\"image\":{\"@id\":\"https:\/\/www.bnz.energy\/#\/schema\/logo\/image\/\"},\"sameAs\":[\"https:\/\/www.linkedin.com\/company\/bnetzero\/\"]},{\"@type\":\"Person\",\"@id\":\"https:\/\/www.bnz.energy\/#\/schema\/person\/e358b3214b1b4a9b443d49305c239bbe\",\"name\":\"admin_bnz\",\"image\":{\"@type\":\"ImageObject\",\"inLanguage\":\"ca\",\"@id\":\"https:\/\/www.bnz.energy\/#\/schema\/person\/image\/\",\"url\":\"https:\/\/secure.gravatar.com\/avatar\/cc90964e5c0de17136af9d9d3171efa5c21c920531a6aaa763a62c13f62ec30a?s=96&d=mm&r=g\",\"contentUrl\":\"https:\/\/secure.gravatar.com\/avatar\/cc90964e5c0de17136af9d9d3171efa5c21c920531a6aaa763a62c13f62ec30a?s=96&d=mm&r=g\",\"caption\":\"admin_bnz\"},\"sameAs\":[\"https:\/\/www.bnz.energy\"],\"url\":\"https:\/\/www.bnz.energy\/ca\/author\/admin_bnz\/\"}]}<\/script>\n<!-- \/ Yoast SEO plugin. -->","yoast_head_json":{"title":"BNZ inicia la construcci\u00f3 de dues plantes solars fotovoltaiques de 9,6MW a M\u00e8rida (Extremadura) - BNZ","robots":{"index":"index","follow":"follow","max-snippet":"max-snippet:-1","max-image-preview":"max-image-preview:large","max-video-preview":"max-video-preview:-1"},"canonical":"https:\/\/www.bnz.energy\/bnz-starts-construction-of-two-9-6mw-solar-photovoltaic-plants-in-merida-extremadura\/","og_locale":"ca_ES","og_type":"article","og_title":"BNZ inicia la construcci\u00f3 de dues plantes solars fotovoltaiques de 9,6MW a M\u00e8rida (Extremadura) - BNZ","og_description":"BNZ, productor d&#8217;energia independent (IPP) que desenvolupa, construeix i opera projectes solars fotovoltaics, ha anunciat l&#8217;inici de la construcci\u00f3 de dues plantes solars a la ciutat de M\u00e8rida (Extremadura). Les plantes, anomenades Em\u00e8rita i Tremisol, comptaran amb una pot\u00e8ncia total de 9.6MW per separat. La previsi\u00f3 per a finalitzar les obres d&#8217;Em\u00e8rita \u00e9s per a [&hellip;]","og_url":"https:\/\/www.bnz.energy\/bnz-starts-construction-of-two-9-6mw-solar-photovoltaic-plants-in-merida-extremadura\/","og_site_name":"BNZ","article_published_time":"2023-05-18T09:57:45+00:00","article_modified_time":"2025-02-14T12:40:16+00:00","og_image":[{"width":1024,"height":768,"url":"https:\/\/www.bnz.energy\/wp-content\/uploads\/2023\/05\/PRESS-ROOM_2023_3_MAY_BNZ-starts-construction-of-two-9.6MW-solar-photovoltaic-plants-in-Extremadura-1.jpg","type":"image\/jpeg"}],"author":"admin_bnz","twitter_card":"summary_large_image","twitter_misc":{"Escrit per":"admin_bnz","Temps estimat de lectura":"1 minut"},"schema":{"@context":"https:\/\/schema.org","@graph":[{"@type":"Article","@id":"https:\/\/www.bnz.energy\/bnz-starts-construction-of-two-9-6mw-solar-photovoltaic-plants-in-merida-extremadura\/#article","isPartOf":{"@id":"https:\/\/www.bnz.energy\/bnz-starts-construction-of-two-9-6mw-solar-photovoltaic-plants-in-merida-extremadura\/"},"author":{"name":"admin_bnz","@id":"https:\/\/www.bnz.energy\/#\/schema\/person\/e358b3214b1b4a9b443d49305c239bbe"},"headline":"BNZ inicia la construcci\u00f3 de dues plantes solars fotovoltaiques de 9,6MW a M\u00e8rida (Extremadura)","datePublished":"2023-05-18T09:57:45+00:00","dateModified":"2025-02-14T12:40:16+00:00","mainEntityOfPage":{"@id":"https:\/\/www.bnz.energy\/bnz-starts-construction-of-two-9-6mw-solar-photovoltaic-plants-in-merida-extremadura\/"},"wordCount":528,"publisher":{"@id":"https:\/\/www.bnz.energy\/#organization"},"image":{"@id":"https:\/\/www.bnz.energy\/bnz-starts-construction-of-two-9-6mw-solar-photovoltaic-plants-in-merida-extremadura\/#primaryimage"},"thumbnailUrl":"https:\/\/www.bnz.energy\/wp-content\/uploads\/2023\/05\/PRESS-ROOM_2023_3_MAY_BNZ-starts-construction-of-two-9.6MW-solar-photovoltaic-plants-in-Extremadura-1.jpg","articleSection":["Notes de premsa","Projectes"],"inLanguage":"ca"},{"@type":"WebPage","@id":"https:\/\/www.bnz.energy\/bnz-starts-construction-of-two-9-6mw-solar-photovoltaic-plants-in-merida-extremadura\/","url":"https:\/\/www.bnz.energy\/bnz-starts-construction-of-two-9-6mw-solar-photovoltaic-plants-in-merida-extremadura\/","name":"BNZ inicia la construcci\u00f3 de dues plantes solars fotovoltaiques de 9,6MW a M\u00e8rida (Extremadura) - BNZ","isPartOf":{"@id":"https:\/\/www.bnz.energy\/#website"},"primaryImageOfPage":{"@id":"https:\/\/www.bnz.energy\/bnz-starts-construction-of-two-9-6mw-solar-photovoltaic-plants-in-merida-extremadura\/#primaryimage"},"image":{"@id":"https:\/\/www.bnz.energy\/bnz-starts-construction-of-two-9-6mw-solar-photovoltaic-plants-in-merida-extremadura\/#primaryimage"},"thumbnailUrl":"https:\/\/www.bnz.energy\/wp-content\/uploads\/2023\/05\/PRESS-ROOM_2023_3_MAY_BNZ-starts-construction-of-two-9.6MW-solar-photovoltaic-plants-in-Extremadura-1.jpg","datePublished":"2023-05-18T09:57:45+00:00","dateModified":"2025-02-14T12:40:16+00:00","breadcrumb":{"@id":"https:\/\/www.bnz.energy\/bnz-starts-construction-of-two-9-6mw-solar-photovoltaic-plants-in-merida-extremadura\/#breadcrumb"},"inLanguage":"ca","potentialAction":[{"@type":"ReadAction","target":["https:\/\/www.bnz.energy\/bnz-starts-construction-of-two-9-6mw-solar-photovoltaic-plants-in-merida-extremadura\/"]}]},{"@type":"ImageObject","inLanguage":"ca","@id":"https:\/\/www.bnz.energy\/bnz-starts-construction-of-two-9-6mw-solar-photovoltaic-plants-in-merida-extremadura\/#primaryimage","url":"https:\/\/www.bnz.energy\/wp-content\/uploads\/2023\/05\/PRESS-ROOM_2023_3_MAY_BNZ-starts-construction-of-two-9.6MW-solar-photovoltaic-plants-in-Extremadura-1.jpg","contentUrl":"https:\/\/www.bnz.energy\/wp-content\/uploads\/2023\/05\/PRESS-ROOM_2023_3_MAY_BNZ-starts-construction-of-two-9.6MW-solar-photovoltaic-plants-in-Extremadura-1.jpg","width":1024,"height":768},{"@type":"BreadcrumbList","@id":"https:\/\/www.bnz.energy\/bnz-starts-construction-of-two-9-6mw-solar-photovoltaic-plants-in-merida-extremadura\/#breadcrumb","itemListElement":[{"@type":"ListItem","position":1,"name":"Home","item":"https:\/\/www.bnz.energy\/ca\/"},{"@type":"ListItem","position":2,"name":"BNZ inicia la construcci\u00f3 de dues plantes solars fotovoltaiques de 9,6MW a M\u00e8rida (Extremadura)"}]},{"@type":"WebSite","@id":"https:\/\/www.bnz.energy\/#website","url":"https:\/\/www.bnz.energy\/","name":"BNZ","description":"","publisher":{"@id":"https:\/\/www.bnz.energy\/#organization"},"potentialAction":[{"@type":"SearchAction","target":{"@type":"EntryPoint","urlTemplate":"https:\/\/www.bnz.energy\/?s={search_term_string}"},"query-input":{"@type":"PropertyValueSpecification","valueRequired":true,"valueName":"search_term_string"}}],"inLanguage":"ca"},{"@type":"Organization","@id":"https:\/\/www.bnz.energy\/#organization","name":"BNZ","url":"https:\/\/www.bnz.energy\/","logo":{"@type":"ImageObject","inLanguage":"ca","@id":"https:\/\/www.bnz.energy\/#\/schema\/logo\/image\/","url":"https:\/\/www.bnz.energy\/wp-content\/uploads\/2024\/12\/Capa_1.svg","contentUrl":"https:\/\/www.bnz.energy\/wp-content\/uploads\/2024\/12\/Capa_1.svg","width":1,"height":1,"caption":"BNZ"},"image":{"@id":"https:\/\/www.bnz.energy\/#\/schema\/logo\/image\/"},"sameAs":["https:\/\/www.linkedin.com\/company\/bnetzero\/"]},{"@type":"Person","@id":"https:\/\/www.bnz.energy\/#\/schema\/person\/e358b3214b1b4a9b443d49305c239bbe","name":"admin_bnz","image":{"@type":"ImageObject","inLanguage":"ca","@id":"https:\/\/www.bnz.energy\/#\/schema\/person\/image\/","url":"https:\/\/secure.gravatar.com\/avatar\/cc90964e5c0de17136af9d9d3171efa5c21c920531a6aaa763a62c13f62ec30a?s=96&d=mm&r=g","contentUrl":"https:\/\/secure.gravatar.com\/avatar\/cc90964e5c0de17136af9d9d3171efa5c21c920531a6aaa763a62c13f62ec30a?s=96&d=mm&r=g","caption":"admin_bnz"},"sameAs":["https:\/\/www.bnz.energy"],"url":"https:\/\/www.bnz.energy\/ca\/author\/admin_bnz\/"}]}},"_links":{"self":[{"href":"https:\/\/www.bnz.energy\/ca\/wp-json\/wp\/v2\/posts\/2325","targetHints":{"allow":["GET"]}}],"collection":[{"href":"https:\/\/www.bnz.energy\/ca\/wp-json\/wp\/v2\/posts"}],"about":[{"href":"https:\/\/www.bnz.energy\/ca\/wp-json\/wp\/v2\/types\/post"}],"author":[{"embeddable":true,"href":"https:\/\/www.bnz.energy\/ca\/wp-json\/wp\/v2\/users\/1"}],"replies":[{"embeddable":true,"href":"https:\/\/www.bnz.energy\/ca\/wp-json\/wp\/v2\/comments?post=2325"}],"version-history":[{"count":2,"href":"https:\/\/www.bnz.energy\/ca\/wp-json\/wp\/v2\/posts\/2325\/revisions"}],"predecessor-version":[{"id":7282,"href":"https:\/\/www.bnz.energy\/ca\/wp-json\/wp\/v2\/posts\/2325\/revisions\/7282"}],"wp:featuredmedia":[{"embeddable":true,"href":"https:\/\/www.bnz.energy\/ca\/wp-json\/wp\/v2\/media\/4416"}],"wp:attachment":[{"href":"https:\/\/www.bnz.energy\/ca\/wp-json\/wp\/v2\/media?parent=2325"}],"wp:term":[{"taxonomy":"category","embeddable":true,"href":"https:\/\/www.bnz.energy\/ca\/wp-json\/wp\/v2\/categories?post=2325"},{"taxonomy":"post_tag","embeddable":true,"href":"https:\/\/www.bnz.energy\/ca\/wp-json\/wp\/v2\/tags?post=2325"}],"curies":[{"name":"wp","href":"https:\/\/api.w.org\/{rel}","templated":true}]}}