{"id":2292,"date":"2022-12-22T15:18:42","date_gmt":"2022-12-22T15:18:42","guid":{"rendered":"https:\/\/www.bnz.energy\/?p=1557"},"modified":"2025-02-14T12:10:05","modified_gmt":"2025-02-14T12:10:05","slug":"agrovoltaica-la-combinacio-perfecta-per-al-veritable-boom-de-lenergia-solar","status":"publish","type":"post","link":"https:\/\/www.bnz.energy\/ca\/agrovoltaica-la-combinacio-perfecta-per-al-veritable-boom-de-lenergia-solar\/","title":{"rendered":"Agrovoltaica, la combinaci\u00f3 perfecta per al veritable boom de l&#8217;energia solar"},"content":{"rendered":"<p><em>Peter\u00a0Karam, Director d&#8217;Operacions de\u00a0BNZ, analitza el potencial sobre la\u00a0agrovoltaica\u00a0en el seu article publicat en\u00a0<a href=\"https:\/\/www.pv-magazine.es\/2022\/11\/23\/agrovoltaica-la-combinacion-perfecta-para-el-verdadero-boom-de-la-energia-solar\/\">PV\u00a0Magazine<\/a>.<\/em><\/p>\n<p>L&#8217;agricultura i la ramaderia van sorgir fa 10.000 anys en un moment revolucionari de la hist\u00f2ria. Ara, en un nou context de revoluci\u00f3 tecnol\u00f2gica, l&#8217;agricultura i la ramaderia poden tornar a ser claus per a accelerar el progr\u00e9s de la humanitat cap a la sostenibilitat mediambiental. No parlem de reinventar processos i sistemes de conreu o de cria d&#8217;animals, sin\u00f3 de com un \u00fas intel\u00b7ligent i efica\u00e7 de les mateixes pot ajudar a catapultar les energies renovables a tot el m\u00f3n.<\/p>\n<p>Vaclav Smil, cient\u00edfic i analista expert en desenvolupament hum\u00e0 i energia, ja relacionava aquests conceptes fa uns anys quan va apuntar en la seva reflexi\u00f3 <a href=\"https:\/\/vaclavsmil.com\/wp-content\/uploads\/docs\/smil-articles-science-energy-ethics-civilization.pdf\">\u2018Science, energy, ethics, and civilization\u2019<\/a>: \u201cLes societats humanes sempre han estat limitades pels ritmes en els quals han estat capa\u00e7os d&#8217;aprofitar la radiaci\u00f3 solar i les seves transformacions terrestres. La producci\u00f3 d&#8217;aliments i combustibles estava limitada per les baixes efici\u00e8ncies inherents de la fotos\u00edntesi, aix\u00ed com per l&#8217;inadequat subministrament de nutrients per a les plantes. Com a resultat, el rendiment mitj\u00e0 dels cultius es va mantenir baix durant mil\u00b7lennis, produint fams recurrents i desnutrici\u00f3 cr\u00f2nica\u201d.<\/p>\n<p>Aquesta frase ens ajuda a entendre la hist\u00f2ria de la civilitzaci\u00f3 i el nostre futur, sobretot davant un canvi total sobre la manera d&#8217;entendre els recursos naturals i l&#8217;esdevenir del planeta. Sembla que, ara que tots som conscients de la necessitat d&#8217;apostar per les energies renovables, ha arribat l&#8217;hora de fer un pas m\u00e9s. I una de les principals renovables \u00e9s la solar fotovoltaica, una font d&#8217;energia neta per\u00f2 que comporta algunes\u00a0malinterpretaciones\u00a0per la seva alta ocupaci\u00f3 de superf\u00edcie. Aix\u00f2 es posa de manifest, per exemple, a trav\u00e9s de l&#8217;aparici\u00f3 de moviments conservacionistes contraris a aquesta energia neta.<\/p>\n<p>En aquest context, emergeix el fenomen de l&#8217;agrovoltaica, que busca la m\u00e0xima sinergia entre l&#8217;energia fotovoltaica i l&#8217;agricultura mitjan\u00e7ant la instal\u00b7laci\u00f3 de panells solars en terrenys agr\u00edcoles, o m\u00e9s recentment, agricultura en terrenys fotovoltaics. Aquesta alternativa es posiciona com un dels referents per a fer m\u00e9s sostenible un sector clau per a la lluita contra el canvi clim\u00e0tic, alhora que ofereix la possibilitat d&#8217;aconseguir usos i rendibilitats addicionals a uns actius com s\u00f3n les terres on se situen els projectes, m\u00e9s enll\u00e0 de la pr\u00f2pia generaci\u00f3 d&#8217;energia solar.<\/p>\n<p>Si anem als inicis d&#8217;aquesta tend\u00e8ncia al Sud d&#8217;Europa, ja en 2013 es van comen\u00e7ar a veure alguns pioners que combinaven l&#8217;\u00fas del terreny per a instal\u00b7lar plaques fotovoltaiques i destinar tamb\u00e9 la terra per al seu \u00fas original: la proliferaci\u00f3 de fauna i flora. Llavors ning\u00fa pronunciava el concepte agrovoltaic, que a poc a poc s&#8217;ha anat fent m\u00e9s present en tots els projectes.<\/p>\n<p>L&#8217;objectiu de compartir espai \u00e9s optimitzar l&#8217;\u00fas del s\u00f2l i generar beneficis com la preservaci\u00f3 de la biodiversitat, la conviv\u00e8ncia de les activitats agr\u00edcoles i ramaderes en zones on s&#8217;han constru\u00eft plantes fotovoltaiques, i la millora de la productivitat agr\u00edcola. En aquest sentit, una cosa molt rellevant a assenyalar \u00e9s que en l&#8217;inici de la\u00a0agovoltaica\u00a0no hi havia normatives que establissin aquest tipus de bones pr\u00e0ctiques, sin\u00f3 que eren els propis productors d&#8217;energia els qui decidien combinar aquestes dues activitats, tant per a reduir les emissions de carboni a l&#8217;atmosfera com per a beneficiar a l&#8217;agricultura i la ramaderia local.<\/p>\n<p>A nivell administratiu, inicialment s&#8217;havia de complir amb alguns requisits, per\u00f2 no a nivell de sostenibilitat mediambiental en sentit ampli, sin\u00f3 a \u00fanicament nivell paisatg\u00edstic: per exemple, amb la instal\u00b7laci\u00f3 de pantalles vegetals per a amagar les plaques. Quan van comen\u00e7ar les activitats de compaginaci\u00f3 ambiental va ser per proactivitat, ja que l&#8217;obligaci\u00f3 d&#8217;implementar beneficis locals lligats a la producci\u00f3 d&#8217;energia solar va arribar sobre 2019 en la majoria de pa\u00efsos del Sud d&#8217;Europa amb l&#8217;objectiu d&#8217;alinear a tots els actors.<\/p>\n<p>En uns inicis, la conversa avan\u00e7ava senzillament entre els productors i agricultors o pastors de la zona. Per exemple, entre totes dues parts s&#8217;arribava a un acord per a aconseguir que les ovelles pasturessin pac\u00edficament per les instal\u00b7lacions del projecte solar. La planta fotovoltaica es beneficiava de comptar amb una herba, neta de productes qu\u00edmics, arran de terra gr\u00e0cies a que les ovelles actuen com a desbrossament natural i amb la satisfacci\u00f3 d&#8217;haver ajudat a un pastor local, sense objectiu d&#8217;aprovaci\u00f3 p\u00fablica. No obstant aix\u00f2, ara aquest fenomen ha evolucionat cap a dissenys espec\u00edfics de plantes fotovoltaiques adaptades a qualsevol tipus d&#8217;aquestes activitats agropecu\u00e0ries. La dada el demostra, ja que en 2020 es van instal\u00b7lar m\u00e9s de 2,8GW d&#8217;agrovoltaica en el m\u00f3n, <a href=\"https:\/\/www.ise.fraunhofer.de\/content\/dam\/ise\/en\/documents\/publications\/studies\/APV-Guideline.pdf\">segons un informe publicat per Fraunhofer Institute<\/a>.<\/p>\n<p>En l&#8217;actualitat, l&#8217;evoluci\u00f3 d&#8217;aquesta implicaci\u00f3 del medi ambient tamb\u00e9 t\u00e9 en compte l&#8217;apicultura, el cultiu de vinyes per a produir vi, la plantaci\u00f3 de lavanda, roman\u00ed i altres plantes arom\u00e0tiques i medicinals, aix\u00ed com la sembra d&#8217;oliveres, sempre tenint en compte les caracter\u00edstiques del terreny i de la climatologia de cada territori. Tot aix\u00f2 \u00e9s el que valorem des de BNZ en cada projecte nou, per a adaptar-nos el m\u00e0xim possible a les necessitats de la comunitat local i del seu medi ambient.<\/p>\n<p>En aquests moments, a m\u00e9s de comptar amb algunes directrius locals sobre com fer costat al territori, des de la majoria de productors d&#8217;energia independents volem complir amb les directrius\u00a0ESG\u00a0fixades per les Nacions Unides. Aix\u00f2 suposa una generalitzaci\u00f3 d&#8217;aquesta mena de bones pr\u00e0ctiques que s\u00f3n un deure per a qualsevol tipus de projecte que des de\u00a0BNZ\u00a0realitzem a Espanya, It\u00e0lia i Portugal.<\/p>\n<p>Tot i que qualsevol empresa busca obtenir la seva rendibilitat, el comprom\u00eds de la gran part de companyies del sector \u00e9s oferir tamb\u00e9 un benefici social, i l&#8217;agrovoltacia \u00e9s essencial en aquest punt. I m\u00e9s tenint en compte que, <a href=\"https:\/\/www.miteco.gob.es\/es\/cambio-climatico\/temas\/mitigacion-politicas-y-medidas\/agricola.aspx\">segons les dades del Ministeri per a la Transformaci\u00f3 Ecol\u00f2gica i el Repte Demogr\u00e0fic del Govern d&#8217;Espanya<\/a>, aproximadament, el 50% del s\u00f2l est\u00e0 catalogat com a superf\u00edcie agr\u00e0ria \u00fatil. Aix\u00f2 representa m\u00e9s de 23 milions d&#8217;hect\u00e0rees. Per tant, es tracta d&#8217;una oportunitat de futur per al desenvolupament d&#8217;aquest concepte a Espanya i altres zones del Sud d&#8217;Europa, aconseguint un equilibri entre la generaci\u00f3 d&#8217;energia solar i el desenvolupament del sector primari.<\/p>\n<p>A aix\u00f2 afegim que, d&#8217;acord amb <a href=\"https:\/\/www.nature.com\/articles\/s41598-021-82042-5\">un estudi publicat per\u00a0Scientific\u00a0Reports<\/a>, si aproximadament l&#8217;1% de la terra disponible es dediqu\u00e9s a produir energia solar, seria possible compensar la demanda mundial d&#8217;energia. Ara b\u00e9, en territori espanyol, <a href=\"https:\/\/www.mdpi.com\/1996-1073\/10\/6\/761\">segons estudis realitzats per la Universitat d&#8217;Almeria<\/a>, simplement amb col\u00b7locar plaques fotovoltaiques sobre les cobertes de les m\u00e9s de 40.000 hect\u00e0rees que ocupen els hivernacles en el sud-est d&#8217;Espanya es podria produir fins a un ter\u00e7 de l&#8217;energia que es consumeix a Espanya.<\/p>\n<p>No obstant aix\u00f2, tamb\u00e9 hi ha reptes per a l&#8217;efici\u00e8ncia de l&#8217;agrovoltaica, com el fet que ocupa m\u00e9s espai que una planta solar est\u00e0ndar. A aix\u00f2 hem de sumar l&#8217;oportunitat que existeix encara per a la tecnologia solar fotovoltaica bifacial, amb millora d&#8217;efici\u00e8ncies per majors dist\u00e0ncies entre m\u00f2duls. De moment, hi ha sistemes de suport fix que s&#8217;utilitzen per a elevar els panells solars d&#8217;entre 3,5 i 5 metres per sobre del camp de cultiu, la qual cosa permet que la maquin\u00e0ria agr\u00edcola accedeixi als cultius que es troben sota. A m\u00e9s, \u00e9s especialment rellevant en \u00e0rees c\u00e0lides, on l&#8217;ombra pot protegir els cultius en reduir les temperatures i evitar l&#8217;evaporaci\u00f3 excessiva. Tamb\u00e9 ajuda a protegir el cultiu de la calamarsa i de les pluges fortes. Es calcula que, amb tot aix\u00f2, es redueix la necessitat d&#8217;irrigaci\u00f3 en un 20%.<\/p>\n<p>Hi ha nombrosos exemples, la major part d&#8217;ells desenvolupats en Pa\u00efsos Baixos i Alemanya centrats en blat, patata, api, nabius, groselles vermelles, gerds, maduixes i mores. En aquestes localitzacions, s&#8217;ha demostrat que, durant els dies calorosos, les condicions dels conreus sota els panells eren entre dos i cinc graus cent\u00edgrads m\u00e9s fredes respecte als m\u00e8todes de cultiu tradicionals. Tamb\u00e9 hi ha clars exemples de la seva utilitat amb oliveres a Sic\u00edlia, presseguers i vinyes a Fran\u00e7a, i carxofes i pebrots a M\u00farcia.<\/p>\n<p>A Espanya, un dels grans exemples est\u00e0 en\u00a0Talayuela\u00a0Solar, un dels majors parcs solars d&#8217;Europa, desenvolupat per la companyia\u00a0Solarcentury\u00a0a C\u00e0ceres. All\u00ed han posat en marxa un programa de recuperaci\u00f3 del conill de muntanya i diverses mesures de conservaci\u00f3 per a r\u00e8ptils,\u00a0grullas, carraques i \u00f2libes. A m\u00e9s, s&#8217;ha prom\u00e8s la plantaci\u00f3 de 5.000 glans a l&#8217;any per a multiplicar el nombre d&#8217;alzines, la creaci\u00f3 de tolles i illes flotants per a afavorir la nidificaci\u00f3 d&#8217;\u00e0necs i altres esp\u00e8cies, juntament amb una pastura de 500 ovelles, entre altres promeses.<\/p>\n<p>Tamb\u00e9 hi ha altres casos d&#8217;\u00e8xit a It\u00e0lia, com, per exemple, EF Solare It\u00e0lia, el major operador itali\u00e0 d&#8217;energia fotovoltaica, que explota plantes agrovoltaiques en Ombria, Sardenya i la regi\u00f3 de Cal\u00e0bria. En aquesta \u00faltima s&#8217;han instal\u00b7lat panells amb una capacitat total de 18MWp en les teulades dels hivernacles on creixen 11.000 plantes de c\u00edtrics, inclosa una benvolguda varietat local de llimona. A It\u00e0lia tamb\u00e9 s&#8217;estan desenvolupant projectes agrovoltaics en col\u00b7laboraci\u00f3 amb la ind\u00fastria de la cria d&#8217;animals. La lletera Caseificio Buon Pastore, prop de la ciutat de R\u00e1vena, a la regi\u00f3 d&#8217;Em\u00edlia Romagna, compta amb una planta solar en la qual els ramats d&#8217;ovelles pasturen lliurement. Al seu torn, les plaques eviten que l&#8217;herba creixi massa, la qual cosa reduiria la quantitat de llum que reben els panells.<\/p>\n<p>En un altre pa\u00eds del Sud d&#8217;Europa, Portugal, l&#8217;empresa especialitzada en la producci\u00f3 de cereals i silvicultura Cinquena dona\u00a0Cholda\u00a0ha comen\u00e7at a instal\u00b7lar panells solars fotovoltaics que li permeten ser autosuficient en termes d&#8217;energia, i en terrenys en els quals aprofiten per a plantar fileres de plantes aut\u00f2ctones aptes per al consum hum\u00e0 i flors per a donar suport a la biodiversitat i alimentar a les abelles i altres pol\u00b7linitzadors.<\/p>\n<p>Tots aquests exemples s\u00f3n alguns dels m\u00e9s sonors, per\u00f2 hi ha altres centenars dels quals podr\u00edem parlar sobre com milloren la qualitat de la fauna i flora del territori alhora que sumen energia neta al nostre planeta. Tan sols hem de comptar amb els ajustos reguladors apropiats per a fomentar la instal\u00b7laci\u00f3 d&#8217;agrovoltaica sense necessitat de canviar l&#8217;\u00fas del terreny, alguna cosa que suposaria el veritable boom de l&#8217;energia solar.<\/p>\n","protected":false},"excerpt":{"rendered":"<p>Peter\u00a0Karam, Director d&#8217;Operacions de\u00a0BNZ, analitza el potencial sobre la\u00a0agrovoltaica\u00a0en el seu article publicat en\u00a0PV\u00a0Magazine. L&#8217;agricultura i la ramaderia van sorgir fa 10.000 anys en un moment revolucionari de la hist\u00f2ria. Ara, en un nou context de revoluci\u00f3 tecnol\u00f2gica, l&#8217;agricultura i la ramaderia poden tornar a ser claus per a accelerar el progr\u00e9s de la humanitat [&hellip;]<\/p>\n","protected":false},"author":1,"featured_media":4430,"comment_status":"closed","ping_status":"closed","sticky":false,"template":"","format":"standard","meta":{"_acf_changed":false,"_et_pb_use_builder":"","_et_pb_old_content":"","_et_gb_content_width":"","footnotes":""},"categories":[55,63],"tags":[],"class_list":["post-2292","post","type-post","status-publish","format-standard","has-post-thumbnail","hentry","category-notes-de-premsa","category-sostenibilitat"],"acf":[],"yoast_head":"<!-- This site is optimized with the Yoast SEO plugin v26.6 - https:\/\/yoast.com\/wordpress\/plugins\/seo\/ -->\n<title>Agrovoltaica, la combinaci\u00f3 perfecta per al veritable boom de l&#039;energia solar - BNZ<\/title>\n<meta name=\"robots\" content=\"index, follow, max-snippet:-1, max-image-preview:large, max-video-preview:-1\" \/>\n<link rel=\"canonical\" href=\"https:\/\/www.bnz.energy\/agrovoltaica-la-combinacion-perfecta-para-el-verdadero-boom-de-la-energia-solar\/\" \/>\n<meta property=\"og:locale\" content=\"ca_ES\" \/>\n<meta property=\"og:type\" content=\"article\" \/>\n<meta property=\"og:title\" content=\"Agrovoltaica, la combinaci\u00f3 perfecta per al veritable boom de l&#039;energia solar - BNZ\" \/>\n<meta property=\"og:description\" content=\"Peter\u00a0Karam, Director d&#8217;Operacions de\u00a0BNZ, analitza el potencial sobre la\u00a0agrovoltaica\u00a0en el seu article publicat en\u00a0PV\u00a0Magazine. L&#8217;agricultura i la ramaderia van sorgir fa 10.000 anys en un moment revolucionari de la hist\u00f2ria. Ara, en un nou context de revoluci\u00f3 tecnol\u00f2gica, l&#8217;agricultura i la ramaderia poden tornar a ser claus per a accelerar el progr\u00e9s de la humanitat [&hellip;]\" \/>\n<meta property=\"og:url\" content=\"https:\/\/www.bnz.energy\/agrovoltaica-la-combinacion-perfecta-para-el-verdadero-boom-de-la-energia-solar\/\" \/>\n<meta property=\"og:site_name\" content=\"BNZ\" \/>\n<meta property=\"article:published_time\" content=\"2022-12-22T15:18:42+00:00\" \/>\n<meta property=\"article:modified_time\" content=\"2025-02-14T12:10:05+00:00\" \/>\n<meta property=\"og:image\" content=\"https:\/\/www.bnz.energy\/wp-content\/uploads\/2022\/12\/PRESS-ROOM_2022_7_DEC_Agrovoltaics-the-perfect-combination-for-the-real-solar-energy-boom.jpg\" \/>\n\t<meta property=\"og:image:width\" content=\"1024\" \/>\n\t<meta property=\"og:image:height\" content=\"768\" \/>\n\t<meta property=\"og:image:type\" content=\"image\/jpeg\" \/>\n<meta name=\"author\" content=\"admin_bnz\" \/>\n<meta name=\"twitter:card\" content=\"summary_large_image\" \/>\n<meta name=\"twitter:label1\" content=\"Escrit per\" \/>\n\t<meta name=\"twitter:data1\" content=\"admin_bnz\" \/>\n\t<meta name=\"twitter:label2\" content=\"Temps estimat de lectura\" \/>\n\t<meta name=\"twitter:data2\" content=\"8 minuts\" \/>\n<script type=\"application\/ld+json\" class=\"yoast-schema-graph\">{\"@context\":\"https:\/\/schema.org\",\"@graph\":[{\"@type\":\"Article\",\"@id\":\"https:\/\/www.bnz.energy\/agrovoltaica-la-combinacion-perfecta-para-el-verdadero-boom-de-la-energia-solar\/#article\",\"isPartOf\":{\"@id\":\"https:\/\/www.bnz.energy\/agrovoltaica-la-combinacion-perfecta-para-el-verdadero-boom-de-la-energia-solar\/\"},\"author\":{\"name\":\"admin_bnz\",\"@id\":\"https:\/\/www.bnz.energy\/#\/schema\/person\/e358b3214b1b4a9b443d49305c239bbe\"},\"headline\":\"Agrovoltaica, la combinaci\u00f3 perfecta per al veritable boom de l&#8217;energia solar\",\"datePublished\":\"2022-12-22T15:18:42+00:00\",\"dateModified\":\"2025-02-14T12:10:05+00:00\",\"mainEntityOfPage\":{\"@id\":\"https:\/\/www.bnz.energy\/agrovoltaica-la-combinacion-perfecta-para-el-verdadero-boom-de-la-energia-solar\/\"},\"wordCount\":1885,\"publisher\":{\"@id\":\"https:\/\/www.bnz.energy\/#organization\"},\"image\":{\"@id\":\"https:\/\/www.bnz.energy\/agrovoltaica-la-combinacion-perfecta-para-el-verdadero-boom-de-la-energia-solar\/#primaryimage\"},\"thumbnailUrl\":\"https:\/\/www.bnz.energy\/wp-content\/uploads\/2022\/12\/PRESS-ROOM_2022_7_DEC_Agrovoltaics-the-perfect-combination-for-the-real-solar-energy-boom.jpg\",\"articleSection\":[\"Notes de premsa\",\"Sostenibilitat\"],\"inLanguage\":\"ca\"},{\"@type\":\"WebPage\",\"@id\":\"https:\/\/www.bnz.energy\/agrovoltaica-la-combinacion-perfecta-para-el-verdadero-boom-de-la-energia-solar\/\",\"url\":\"https:\/\/www.bnz.energy\/agrovoltaica-la-combinacion-perfecta-para-el-verdadero-boom-de-la-energia-solar\/\",\"name\":\"Agrovoltaica, la combinaci\u00f3 perfecta per al veritable boom de l'energia solar - BNZ\",\"isPartOf\":{\"@id\":\"https:\/\/www.bnz.energy\/#website\"},\"primaryImageOfPage\":{\"@id\":\"https:\/\/www.bnz.energy\/agrovoltaica-la-combinacion-perfecta-para-el-verdadero-boom-de-la-energia-solar\/#primaryimage\"},\"image\":{\"@id\":\"https:\/\/www.bnz.energy\/agrovoltaica-la-combinacion-perfecta-para-el-verdadero-boom-de-la-energia-solar\/#primaryimage\"},\"thumbnailUrl\":\"https:\/\/www.bnz.energy\/wp-content\/uploads\/2022\/12\/PRESS-ROOM_2022_7_DEC_Agrovoltaics-the-perfect-combination-for-the-real-solar-energy-boom.jpg\",\"datePublished\":\"2022-12-22T15:18:42+00:00\",\"dateModified\":\"2025-02-14T12:10:05+00:00\",\"breadcrumb\":{\"@id\":\"https:\/\/www.bnz.energy\/agrovoltaica-la-combinacion-perfecta-para-el-verdadero-boom-de-la-energia-solar\/#breadcrumb\"},\"inLanguage\":\"ca\",\"potentialAction\":[{\"@type\":\"ReadAction\",\"target\":[\"https:\/\/www.bnz.energy\/agrovoltaica-la-combinacion-perfecta-para-el-verdadero-boom-de-la-energia-solar\/\"]}]},{\"@type\":\"ImageObject\",\"inLanguage\":\"ca\",\"@id\":\"https:\/\/www.bnz.energy\/agrovoltaica-la-combinacion-perfecta-para-el-verdadero-boom-de-la-energia-solar\/#primaryimage\",\"url\":\"https:\/\/www.bnz.energy\/wp-content\/uploads\/2022\/12\/PRESS-ROOM_2022_7_DEC_Agrovoltaics-the-perfect-combination-for-the-real-solar-energy-boom.jpg\",\"contentUrl\":\"https:\/\/www.bnz.energy\/wp-content\/uploads\/2022\/12\/PRESS-ROOM_2022_7_DEC_Agrovoltaics-the-perfect-combination-for-the-real-solar-energy-boom.jpg\",\"width\":1024,\"height\":768},{\"@type\":\"BreadcrumbList\",\"@id\":\"https:\/\/www.bnz.energy\/agrovoltaica-la-combinacion-perfecta-para-el-verdadero-boom-de-la-energia-solar\/#breadcrumb\",\"itemListElement\":[{\"@type\":\"ListItem\",\"position\":1,\"name\":\"Home\",\"item\":\"https:\/\/www.bnz.energy\/ca\/\"},{\"@type\":\"ListItem\",\"position\":2,\"name\":\"Agrovoltaica, la combinaci\u00f3 perfecta per al veritable boom de l&#8217;energia solar\"}]},{\"@type\":\"WebSite\",\"@id\":\"https:\/\/www.bnz.energy\/#website\",\"url\":\"https:\/\/www.bnz.energy\/\",\"name\":\"BNZ\",\"description\":\"\",\"publisher\":{\"@id\":\"https:\/\/www.bnz.energy\/#organization\"},\"potentialAction\":[{\"@type\":\"SearchAction\",\"target\":{\"@type\":\"EntryPoint\",\"urlTemplate\":\"https:\/\/www.bnz.energy\/?s={search_term_string}\"},\"query-input\":{\"@type\":\"PropertyValueSpecification\",\"valueRequired\":true,\"valueName\":\"search_term_string\"}}],\"inLanguage\":\"ca\"},{\"@type\":\"Organization\",\"@id\":\"https:\/\/www.bnz.energy\/#organization\",\"name\":\"BNZ\",\"url\":\"https:\/\/www.bnz.energy\/\",\"logo\":{\"@type\":\"ImageObject\",\"inLanguage\":\"ca\",\"@id\":\"https:\/\/www.bnz.energy\/#\/schema\/logo\/image\/\",\"url\":\"https:\/\/www.bnz.energy\/wp-content\/uploads\/2024\/12\/Capa_1.svg\",\"contentUrl\":\"https:\/\/www.bnz.energy\/wp-content\/uploads\/2024\/12\/Capa_1.svg\",\"width\":1,\"height\":1,\"caption\":\"BNZ\"},\"image\":{\"@id\":\"https:\/\/www.bnz.energy\/#\/schema\/logo\/image\/\"},\"sameAs\":[\"https:\/\/www.linkedin.com\/company\/bnetzero\/\"]},{\"@type\":\"Person\",\"@id\":\"https:\/\/www.bnz.energy\/#\/schema\/person\/e358b3214b1b4a9b443d49305c239bbe\",\"name\":\"admin_bnz\",\"image\":{\"@type\":\"ImageObject\",\"inLanguage\":\"ca\",\"@id\":\"https:\/\/www.bnz.energy\/#\/schema\/person\/image\/\",\"url\":\"https:\/\/secure.gravatar.com\/avatar\/cc90964e5c0de17136af9d9d3171efa5c21c920531a6aaa763a62c13f62ec30a?s=96&d=mm&r=g\",\"contentUrl\":\"https:\/\/secure.gravatar.com\/avatar\/cc90964e5c0de17136af9d9d3171efa5c21c920531a6aaa763a62c13f62ec30a?s=96&d=mm&r=g\",\"caption\":\"admin_bnz\"},\"sameAs\":[\"https:\/\/www.bnz.energy\"],\"url\":\"https:\/\/www.bnz.energy\/ca\/author\/admin_bnz\/\"}]}<\/script>\n<!-- \/ Yoast SEO plugin. -->","yoast_head_json":{"title":"Agrovoltaica, la combinaci\u00f3 perfecta per al veritable boom de l'energia solar - BNZ","robots":{"index":"index","follow":"follow","max-snippet":"max-snippet:-1","max-image-preview":"max-image-preview:large","max-video-preview":"max-video-preview:-1"},"canonical":"https:\/\/www.bnz.energy\/agrovoltaica-la-combinacion-perfecta-para-el-verdadero-boom-de-la-energia-solar\/","og_locale":"ca_ES","og_type":"article","og_title":"Agrovoltaica, la combinaci\u00f3 perfecta per al veritable boom de l'energia solar - BNZ","og_description":"Peter\u00a0Karam, Director d&#8217;Operacions de\u00a0BNZ, analitza el potencial sobre la\u00a0agrovoltaica\u00a0en el seu article publicat en\u00a0PV\u00a0Magazine. L&#8217;agricultura i la ramaderia van sorgir fa 10.000 anys en un moment revolucionari de la hist\u00f2ria. Ara, en un nou context de revoluci\u00f3 tecnol\u00f2gica, l&#8217;agricultura i la ramaderia poden tornar a ser claus per a accelerar el progr\u00e9s de la humanitat [&hellip;]","og_url":"https:\/\/www.bnz.energy\/agrovoltaica-la-combinacion-perfecta-para-el-verdadero-boom-de-la-energia-solar\/","og_site_name":"BNZ","article_published_time":"2022-12-22T15:18:42+00:00","article_modified_time":"2025-02-14T12:10:05+00:00","og_image":[{"width":1024,"height":768,"url":"https:\/\/www.bnz.energy\/wp-content\/uploads\/2022\/12\/PRESS-ROOM_2022_7_DEC_Agrovoltaics-the-perfect-combination-for-the-real-solar-energy-boom.jpg","type":"image\/jpeg"}],"author":"admin_bnz","twitter_card":"summary_large_image","twitter_misc":{"Escrit per":"admin_bnz","Temps estimat de lectura":"8 minuts"},"schema":{"@context":"https:\/\/schema.org","@graph":[{"@type":"Article","@id":"https:\/\/www.bnz.energy\/agrovoltaica-la-combinacion-perfecta-para-el-verdadero-boom-de-la-energia-solar\/#article","isPartOf":{"@id":"https:\/\/www.bnz.energy\/agrovoltaica-la-combinacion-perfecta-para-el-verdadero-boom-de-la-energia-solar\/"},"author":{"name":"admin_bnz","@id":"https:\/\/www.bnz.energy\/#\/schema\/person\/e358b3214b1b4a9b443d49305c239bbe"},"headline":"Agrovoltaica, la combinaci\u00f3 perfecta per al veritable boom de l&#8217;energia solar","datePublished":"2022-12-22T15:18:42+00:00","dateModified":"2025-02-14T12:10:05+00:00","mainEntityOfPage":{"@id":"https:\/\/www.bnz.energy\/agrovoltaica-la-combinacion-perfecta-para-el-verdadero-boom-de-la-energia-solar\/"},"wordCount":1885,"publisher":{"@id":"https:\/\/www.bnz.energy\/#organization"},"image":{"@id":"https:\/\/www.bnz.energy\/agrovoltaica-la-combinacion-perfecta-para-el-verdadero-boom-de-la-energia-solar\/#primaryimage"},"thumbnailUrl":"https:\/\/www.bnz.energy\/wp-content\/uploads\/2022\/12\/PRESS-ROOM_2022_7_DEC_Agrovoltaics-the-perfect-combination-for-the-real-solar-energy-boom.jpg","articleSection":["Notes de premsa","Sostenibilitat"],"inLanguage":"ca"},{"@type":"WebPage","@id":"https:\/\/www.bnz.energy\/agrovoltaica-la-combinacion-perfecta-para-el-verdadero-boom-de-la-energia-solar\/","url":"https:\/\/www.bnz.energy\/agrovoltaica-la-combinacion-perfecta-para-el-verdadero-boom-de-la-energia-solar\/","name":"Agrovoltaica, la combinaci\u00f3 perfecta per al veritable boom de l'energia solar - BNZ","isPartOf":{"@id":"https:\/\/www.bnz.energy\/#website"},"primaryImageOfPage":{"@id":"https:\/\/www.bnz.energy\/agrovoltaica-la-combinacion-perfecta-para-el-verdadero-boom-de-la-energia-solar\/#primaryimage"},"image":{"@id":"https:\/\/www.bnz.energy\/agrovoltaica-la-combinacion-perfecta-para-el-verdadero-boom-de-la-energia-solar\/#primaryimage"},"thumbnailUrl":"https:\/\/www.bnz.energy\/wp-content\/uploads\/2022\/12\/PRESS-ROOM_2022_7_DEC_Agrovoltaics-the-perfect-combination-for-the-real-solar-energy-boom.jpg","datePublished":"2022-12-22T15:18:42+00:00","dateModified":"2025-02-14T12:10:05+00:00","breadcrumb":{"@id":"https:\/\/www.bnz.energy\/agrovoltaica-la-combinacion-perfecta-para-el-verdadero-boom-de-la-energia-solar\/#breadcrumb"},"inLanguage":"ca","potentialAction":[{"@type":"ReadAction","target":["https:\/\/www.bnz.energy\/agrovoltaica-la-combinacion-perfecta-para-el-verdadero-boom-de-la-energia-solar\/"]}]},{"@type":"ImageObject","inLanguage":"ca","@id":"https:\/\/www.bnz.energy\/agrovoltaica-la-combinacion-perfecta-para-el-verdadero-boom-de-la-energia-solar\/#primaryimage","url":"https:\/\/www.bnz.energy\/wp-content\/uploads\/2022\/12\/PRESS-ROOM_2022_7_DEC_Agrovoltaics-the-perfect-combination-for-the-real-solar-energy-boom.jpg","contentUrl":"https:\/\/www.bnz.energy\/wp-content\/uploads\/2022\/12\/PRESS-ROOM_2022_7_DEC_Agrovoltaics-the-perfect-combination-for-the-real-solar-energy-boom.jpg","width":1024,"height":768},{"@type":"BreadcrumbList","@id":"https:\/\/www.bnz.energy\/agrovoltaica-la-combinacion-perfecta-para-el-verdadero-boom-de-la-energia-solar\/#breadcrumb","itemListElement":[{"@type":"ListItem","position":1,"name":"Home","item":"https:\/\/www.bnz.energy\/ca\/"},{"@type":"ListItem","position":2,"name":"Agrovoltaica, la combinaci\u00f3 perfecta per al veritable boom de l&#8217;energia solar"}]},{"@type":"WebSite","@id":"https:\/\/www.bnz.energy\/#website","url":"https:\/\/www.bnz.energy\/","name":"BNZ","description":"","publisher":{"@id":"https:\/\/www.bnz.energy\/#organization"},"potentialAction":[{"@type":"SearchAction","target":{"@type":"EntryPoint","urlTemplate":"https:\/\/www.bnz.energy\/?s={search_term_string}"},"query-input":{"@type":"PropertyValueSpecification","valueRequired":true,"valueName":"search_term_string"}}],"inLanguage":"ca"},{"@type":"Organization","@id":"https:\/\/www.bnz.energy\/#organization","name":"BNZ","url":"https:\/\/www.bnz.energy\/","logo":{"@type":"ImageObject","inLanguage":"ca","@id":"https:\/\/www.bnz.energy\/#\/schema\/logo\/image\/","url":"https:\/\/www.bnz.energy\/wp-content\/uploads\/2024\/12\/Capa_1.svg","contentUrl":"https:\/\/www.bnz.energy\/wp-content\/uploads\/2024\/12\/Capa_1.svg","width":1,"height":1,"caption":"BNZ"},"image":{"@id":"https:\/\/www.bnz.energy\/#\/schema\/logo\/image\/"},"sameAs":["https:\/\/www.linkedin.com\/company\/bnetzero\/"]},{"@type":"Person","@id":"https:\/\/www.bnz.energy\/#\/schema\/person\/e358b3214b1b4a9b443d49305c239bbe","name":"admin_bnz","image":{"@type":"ImageObject","inLanguage":"ca","@id":"https:\/\/www.bnz.energy\/#\/schema\/person\/image\/","url":"https:\/\/secure.gravatar.com\/avatar\/cc90964e5c0de17136af9d9d3171efa5c21c920531a6aaa763a62c13f62ec30a?s=96&d=mm&r=g","contentUrl":"https:\/\/secure.gravatar.com\/avatar\/cc90964e5c0de17136af9d9d3171efa5c21c920531a6aaa763a62c13f62ec30a?s=96&d=mm&r=g","caption":"admin_bnz"},"sameAs":["https:\/\/www.bnz.energy"],"url":"https:\/\/www.bnz.energy\/ca\/author\/admin_bnz\/"}]}},"_links":{"self":[{"href":"https:\/\/www.bnz.energy\/ca\/wp-json\/wp\/v2\/posts\/2292","targetHints":{"allow":["GET"]}}],"collection":[{"href":"https:\/\/www.bnz.energy\/ca\/wp-json\/wp\/v2\/posts"}],"about":[{"href":"https:\/\/www.bnz.energy\/ca\/wp-json\/wp\/v2\/types\/post"}],"author":[{"embeddable":true,"href":"https:\/\/www.bnz.energy\/ca\/wp-json\/wp\/v2\/users\/1"}],"replies":[{"embeddable":true,"href":"https:\/\/www.bnz.energy\/ca\/wp-json\/wp\/v2\/comments?post=2292"}],"version-history":[{"count":2,"href":"https:\/\/www.bnz.energy\/ca\/wp-json\/wp\/v2\/posts\/2292\/revisions"}],"predecessor-version":[{"id":7385,"href":"https:\/\/www.bnz.energy\/ca\/wp-json\/wp\/v2\/posts\/2292\/revisions\/7385"}],"wp:featuredmedia":[{"embeddable":true,"href":"https:\/\/www.bnz.energy\/ca\/wp-json\/wp\/v2\/media\/4430"}],"wp:attachment":[{"href":"https:\/\/www.bnz.energy\/ca\/wp-json\/wp\/v2\/media?parent=2292"}],"wp:term":[{"taxonomy":"category","embeddable":true,"href":"https:\/\/www.bnz.energy\/ca\/wp-json\/wp\/v2\/categories?post=2292"},{"taxonomy":"post_tag","embeddable":true,"href":"https:\/\/www.bnz.energy\/ca\/wp-json\/wp\/v2\/tags?post=2292"}],"curies":[{"name":"wp","href":"https:\/\/api.w.org\/{rel}","templated":true}]}}