{"id":2171,"date":"2023-09-10T10:35:41","date_gmt":"2023-09-10T10:35:41","guid":{"rendered":"https:\/\/www.bnz.energy\/?p=2171"},"modified":"2025-02-14T12:39:54","modified_gmt":"2025-02-14T12:39:54","slug":"bnz-al-viii-foro-de-energia-a-la-premsa","status":"publish","type":"post","link":"https:\/\/www.bnz.energy\/ca\/bnz-al-viii-foro-de-energia-a-la-premsa\/","title":{"rendered":"BNZ al &#8220;VIII Foro de Energ\u00eda&#8221; a la premsa"},"content":{"rendered":"<p>El 7 de setembre de 2023, es va dur a terme la vuitena edici\u00f3 del F\u00f2rum d&#8217;Energia de\u00a0elEconomista, enfocat en l&#8217;avaluaci\u00f3 del Pla Nacional d&#8217;Energia i Clima. Aquest esdeveniment va congregar a\u00a0CEOs\u00a0i directors de les principals empreses energ\u00e8tiques del pa\u00eds, els qui van participar en set taules de debat. Experts van discutir diversos temes, com la generaci\u00f3 d&#8217;energia renovable, infraestructures, desenvolupament de gasos com a biomet\u00e0 i hidrogen, perspectives per a 2030, autoconsum i energia e\u00f2lica marina.<\/p>\n<p>Destacant la import\u00e0ncia d&#8217;establir connexions i difondre el nostre comprom\u00eds, Luis Selva,\u00a0CEO\u00a0de\u00a0BNZ, va ser convidat a participar en la quarta taula de debat, titulada &#8216;Desplegament de les renovables a 2030&#8217;.<\/p>\n<p>En\u00a0BNZ, reconeixem la rellev\u00e0ncia d&#8217;involucrar-nos activament en esdeveniments com a f\u00f2rums, reunions i taules rodones. Aquestes inst\u00e0ncies ens brinden l&#8217;oportunitat d&#8217;impulsar el nostre desenvolupament i obtenir valuoses idees d&#8217;altres professionals, consolidant el nostre paper com a experts responsables en la ind\u00fastria. Aquest enfocament es reflecteix en els nombrosos esments i reconeixements que hem rebut, especialment per la nostra participaci\u00f3 en iniciatives destacades, evidenciant el nostre comprom\u00eds amb el creixement, l&#8217;aprenentatge continu i la projecci\u00f3 com a l\u00edders sectorials.<\/p>\n<p>Cal destacar que els esments m\u00e9s destacats provenen del mitj\u00e0 l\u00edder en el sector econ\u00f2mic espanyol: <a href=\"https:\/\/www.eleconomista.es\/energia\/noticias\/d8220\/09\/23\/VIII-Foro-de-Energia-2023-de-elEconomista-en-directo-Debates-sobre-el-Plan-Nacional-de-Energia-y-Clima.html\">El Economista.<\/a><\/p>\n","protected":false},"excerpt":{"rendered":"<p>El 7 de setembre de 2023, es va dur a terme la vuitena edici\u00f3 del F\u00f2rum d&#8217;Energia de\u00a0elEconomista, enfocat en l&#8217;avaluaci\u00f3 del Pla Nacional d&#8217;Energia i Clima. Aquest esdeveniment va congregar a\u00a0CEOs\u00a0i directors de les principals empreses energ\u00e8tiques del pa\u00eds, els qui van participar en set taules de debat. Experts van discutir diversos temes, com [&hellip;]<\/p>\n","protected":false},"author":1,"featured_media":4548,"comment_status":"closed","ping_status":"closed","sticky":false,"template":"","format":"standard","meta":{"_acf_changed":false,"_et_pb_use_builder":"","_et_pb_old_content":"","_et_gb_content_width":"","footnotes":""},"categories":[53,55],"tags":[],"class_list":["post-2171","post","type-post","status-publish","format-standard","has-post-thumbnail","hentry","category-aparicio-als-mitjans","category-notes-de-premsa"],"acf":[],"yoast_head":"<!-- This site is optimized with the Yoast SEO plugin v26.6 - https:\/\/yoast.com\/wordpress\/plugins\/seo\/ -->\n<title>BNZ al &quot;VIII Foro de Energ\u00eda&quot; a la premsa - BNZ<\/title>\n<meta name=\"robots\" content=\"index, follow, max-snippet:-1, max-image-preview:large, max-video-preview:-1\" \/>\n<link rel=\"canonical\" href=\"https:\/\/www.bnz.energy\/ca\/bnz-al-viii-foro-de-energia-a-la-premsa\/\" \/>\n<meta property=\"og:locale\" content=\"ca_ES\" \/>\n<meta property=\"og:type\" content=\"article\" \/>\n<meta property=\"og:title\" content=\"BNZ al &quot;VIII Foro de Energ\u00eda&quot; a la premsa - BNZ\" \/>\n<meta property=\"og:description\" content=\"El 7 de setembre de 2023, es va dur a terme la vuitena edici\u00f3 del F\u00f2rum d&#8217;Energia de\u00a0elEconomista, enfocat en l&#8217;avaluaci\u00f3 del Pla Nacional d&#8217;Energia i Clima. Aquest esdeveniment va congregar a\u00a0CEOs\u00a0i directors de les principals empreses energ\u00e8tiques del pa\u00eds, els qui van participar en set taules de debat. Experts van discutir diversos temes, com [&hellip;]\" \/>\n<meta property=\"og:url\" content=\"https:\/\/www.bnz.energy\/ca\/bnz-al-viii-foro-de-energia-a-la-premsa\/\" \/>\n<meta property=\"og:site_name\" content=\"BNZ\" \/>\n<meta property=\"article:published_time\" content=\"2023-09-10T10:35:41+00:00\" \/>\n<meta property=\"article:modified_time\" content=\"2025-02-14T12:39:54+00:00\" \/>\n<meta property=\"og:image\" content=\"https:\/\/www.bnz.energy\/wp-content\/uploads\/2023\/09\/PRESS-ROOM_2023_5_SEPT_BNZ-at-the-VIII-Foro-de-Energia-on-media.jpg\" \/>\n\t<meta property=\"og:image:width\" content=\"735\" \/>\n\t<meta property=\"og:image:height\" content=\"630\" \/>\n\t<meta property=\"og:image:type\" content=\"image\/jpeg\" \/>\n<meta name=\"author\" content=\"admin_bnz\" \/>\n<meta name=\"twitter:card\" content=\"summary_large_image\" \/>\n<meta name=\"twitter:label1\" content=\"Escrit per\" \/>\n\t<meta name=\"twitter:data1\" content=\"admin_bnz\" \/>\n\t<meta name=\"twitter:label2\" content=\"Temps estimat de lectura\" \/>\n\t<meta name=\"twitter:data2\" content=\"1 minut\" \/>\n<script type=\"application\/ld+json\" class=\"yoast-schema-graph\">{\"@context\":\"https:\/\/schema.org\",\"@graph\":[{\"@type\":\"Article\",\"@id\":\"https:\/\/www.bnz.energy\/ca\/bnz-al-viii-foro-de-energia-a-la-premsa\/#article\",\"isPartOf\":{\"@id\":\"https:\/\/www.bnz.energy\/ca\/bnz-al-viii-foro-de-energia-a-la-premsa\/\"},\"author\":{\"name\":\"admin_bnz\",\"@id\":\"https:\/\/www.bnz.energy\/#\/schema\/person\/e358b3214b1b4a9b443d49305c239bbe\"},\"headline\":\"BNZ al &#8220;VIII Foro de Energ\u00eda&#8221; a la premsa\",\"datePublished\":\"2023-09-10T10:35:41+00:00\",\"dateModified\":\"2025-02-14T12:39:54+00:00\",\"mainEntityOfPage\":{\"@id\":\"https:\/\/www.bnz.energy\/ca\/bnz-al-viii-foro-de-energia-a-la-premsa\/\"},\"wordCount\":241,\"publisher\":{\"@id\":\"https:\/\/www.bnz.energy\/#organization\"},\"image\":{\"@id\":\"https:\/\/www.bnz.energy\/ca\/bnz-al-viii-foro-de-energia-a-la-premsa\/#primaryimage\"},\"thumbnailUrl\":\"https:\/\/www.bnz.energy\/wp-content\/uploads\/2023\/09\/PRESS-ROOM_2023_5_SEPT_BNZ-at-the-VIII-Foro-de-Energia-on-media.jpg\",\"articleSection\":[\"Aparici\u00f3 als mitjans\",\"Notes de premsa\"],\"inLanguage\":\"ca\"},{\"@type\":\"WebPage\",\"@id\":\"https:\/\/www.bnz.energy\/ca\/bnz-al-viii-foro-de-energia-a-la-premsa\/\",\"url\":\"https:\/\/www.bnz.energy\/ca\/bnz-al-viii-foro-de-energia-a-la-premsa\/\",\"name\":\"BNZ al \\\"VIII Foro de Energ\u00eda\\\" a la premsa - BNZ\",\"isPartOf\":{\"@id\":\"https:\/\/www.bnz.energy\/#website\"},\"primaryImageOfPage\":{\"@id\":\"https:\/\/www.bnz.energy\/ca\/bnz-al-viii-foro-de-energia-a-la-premsa\/#primaryimage\"},\"image\":{\"@id\":\"https:\/\/www.bnz.energy\/ca\/bnz-al-viii-foro-de-energia-a-la-premsa\/#primaryimage\"},\"thumbnailUrl\":\"https:\/\/www.bnz.energy\/wp-content\/uploads\/2023\/09\/PRESS-ROOM_2023_5_SEPT_BNZ-at-the-VIII-Foro-de-Energia-on-media.jpg\",\"datePublished\":\"2023-09-10T10:35:41+00:00\",\"dateModified\":\"2025-02-14T12:39:54+00:00\",\"breadcrumb\":{\"@id\":\"https:\/\/www.bnz.energy\/ca\/bnz-al-viii-foro-de-energia-a-la-premsa\/#breadcrumb\"},\"inLanguage\":\"ca\",\"potentialAction\":[{\"@type\":\"ReadAction\",\"target\":[\"https:\/\/www.bnz.energy\/ca\/bnz-al-viii-foro-de-energia-a-la-premsa\/\"]}]},{\"@type\":\"ImageObject\",\"inLanguage\":\"ca\",\"@id\":\"https:\/\/www.bnz.energy\/ca\/bnz-al-viii-foro-de-energia-a-la-premsa\/#primaryimage\",\"url\":\"https:\/\/www.bnz.energy\/wp-content\/uploads\/2023\/09\/PRESS-ROOM_2023_5_SEPT_BNZ-at-the-VIII-Foro-de-Energia-on-media.jpg\",\"contentUrl\":\"https:\/\/www.bnz.energy\/wp-content\/uploads\/2023\/09\/PRESS-ROOM_2023_5_SEPT_BNZ-at-the-VIII-Foro-de-Energia-on-media.jpg\",\"width\":735,\"height\":630},{\"@type\":\"BreadcrumbList\",\"@id\":\"https:\/\/www.bnz.energy\/ca\/bnz-al-viii-foro-de-energia-a-la-premsa\/#breadcrumb\",\"itemListElement\":[{\"@type\":\"ListItem\",\"position\":1,\"name\":\"Home\",\"item\":\"https:\/\/www.bnz.energy\/ca\/\"},{\"@type\":\"ListItem\",\"position\":2,\"name\":\"BNZ al &#8220;VIII Foro de Energ\u00eda&#8221; a la premsa\"}]},{\"@type\":\"WebSite\",\"@id\":\"https:\/\/www.bnz.energy\/#website\",\"url\":\"https:\/\/www.bnz.energy\/\",\"name\":\"BNZ\",\"description\":\"\",\"publisher\":{\"@id\":\"https:\/\/www.bnz.energy\/#organization\"},\"potentialAction\":[{\"@type\":\"SearchAction\",\"target\":{\"@type\":\"EntryPoint\",\"urlTemplate\":\"https:\/\/www.bnz.energy\/?s={search_term_string}\"},\"query-input\":{\"@type\":\"PropertyValueSpecification\",\"valueRequired\":true,\"valueName\":\"search_term_string\"}}],\"inLanguage\":\"ca\"},{\"@type\":\"Organization\",\"@id\":\"https:\/\/www.bnz.energy\/#organization\",\"name\":\"BNZ\",\"url\":\"https:\/\/www.bnz.energy\/\",\"logo\":{\"@type\":\"ImageObject\",\"inLanguage\":\"ca\",\"@id\":\"https:\/\/www.bnz.energy\/#\/schema\/logo\/image\/\",\"url\":\"https:\/\/www.bnz.energy\/wp-content\/uploads\/2024\/12\/Capa_1.svg\",\"contentUrl\":\"https:\/\/www.bnz.energy\/wp-content\/uploads\/2024\/12\/Capa_1.svg\",\"width\":1,\"height\":1,\"caption\":\"BNZ\"},\"image\":{\"@id\":\"https:\/\/www.bnz.energy\/#\/schema\/logo\/image\/\"},\"sameAs\":[\"https:\/\/www.linkedin.com\/company\/bnetzero\/\"]},{\"@type\":\"Person\",\"@id\":\"https:\/\/www.bnz.energy\/#\/schema\/person\/e358b3214b1b4a9b443d49305c239bbe\",\"name\":\"admin_bnz\",\"image\":{\"@type\":\"ImageObject\",\"inLanguage\":\"ca\",\"@id\":\"https:\/\/www.bnz.energy\/#\/schema\/person\/image\/\",\"url\":\"https:\/\/secure.gravatar.com\/avatar\/cc90964e5c0de17136af9d9d3171efa5c21c920531a6aaa763a62c13f62ec30a?s=96&d=mm&r=g\",\"contentUrl\":\"https:\/\/secure.gravatar.com\/avatar\/cc90964e5c0de17136af9d9d3171efa5c21c920531a6aaa763a62c13f62ec30a?s=96&d=mm&r=g\",\"caption\":\"admin_bnz\"},\"sameAs\":[\"https:\/\/www.bnz.energy\"],\"url\":\"https:\/\/www.bnz.energy\/ca\/author\/admin_bnz\/\"}]}<\/script>\n<!-- \/ Yoast SEO plugin. -->","yoast_head_json":{"title":"BNZ al \"VIII Foro de Energ\u00eda\" a la premsa - BNZ","robots":{"index":"index","follow":"follow","max-snippet":"max-snippet:-1","max-image-preview":"max-image-preview:large","max-video-preview":"max-video-preview:-1"},"canonical":"https:\/\/www.bnz.energy\/ca\/bnz-al-viii-foro-de-energia-a-la-premsa\/","og_locale":"ca_ES","og_type":"article","og_title":"BNZ al \"VIII Foro de Energ\u00eda\" a la premsa - BNZ","og_description":"El 7 de setembre de 2023, es va dur a terme la vuitena edici\u00f3 del F\u00f2rum d&#8217;Energia de\u00a0elEconomista, enfocat en l&#8217;avaluaci\u00f3 del Pla Nacional d&#8217;Energia i Clima. Aquest esdeveniment va congregar a\u00a0CEOs\u00a0i directors de les principals empreses energ\u00e8tiques del pa\u00eds, els qui van participar en set taules de debat. Experts van discutir diversos temes, com [&hellip;]","og_url":"https:\/\/www.bnz.energy\/ca\/bnz-al-viii-foro-de-energia-a-la-premsa\/","og_site_name":"BNZ","article_published_time":"2023-09-10T10:35:41+00:00","article_modified_time":"2025-02-14T12:39:54+00:00","og_image":[{"width":735,"height":630,"url":"https:\/\/www.bnz.energy\/wp-content\/uploads\/2023\/09\/PRESS-ROOM_2023_5_SEPT_BNZ-at-the-VIII-Foro-de-Energia-on-media.jpg","type":"image\/jpeg"}],"author":"admin_bnz","twitter_card":"summary_large_image","twitter_misc":{"Escrit per":"admin_bnz","Temps estimat de lectura":"1 minut"},"schema":{"@context":"https:\/\/schema.org","@graph":[{"@type":"Article","@id":"https:\/\/www.bnz.energy\/ca\/bnz-al-viii-foro-de-energia-a-la-premsa\/#article","isPartOf":{"@id":"https:\/\/www.bnz.energy\/ca\/bnz-al-viii-foro-de-energia-a-la-premsa\/"},"author":{"name":"admin_bnz","@id":"https:\/\/www.bnz.energy\/#\/schema\/person\/e358b3214b1b4a9b443d49305c239bbe"},"headline":"BNZ al &#8220;VIII Foro de Energ\u00eda&#8221; a la premsa","datePublished":"2023-09-10T10:35:41+00:00","dateModified":"2025-02-14T12:39:54+00:00","mainEntityOfPage":{"@id":"https:\/\/www.bnz.energy\/ca\/bnz-al-viii-foro-de-energia-a-la-premsa\/"},"wordCount":241,"publisher":{"@id":"https:\/\/www.bnz.energy\/#organization"},"image":{"@id":"https:\/\/www.bnz.energy\/ca\/bnz-al-viii-foro-de-energia-a-la-premsa\/#primaryimage"},"thumbnailUrl":"https:\/\/www.bnz.energy\/wp-content\/uploads\/2023\/09\/PRESS-ROOM_2023_5_SEPT_BNZ-at-the-VIII-Foro-de-Energia-on-media.jpg","articleSection":["Aparici\u00f3 als mitjans","Notes de premsa"],"inLanguage":"ca"},{"@type":"WebPage","@id":"https:\/\/www.bnz.energy\/ca\/bnz-al-viii-foro-de-energia-a-la-premsa\/","url":"https:\/\/www.bnz.energy\/ca\/bnz-al-viii-foro-de-energia-a-la-premsa\/","name":"BNZ al \"VIII Foro de Energ\u00eda\" a la premsa - BNZ","isPartOf":{"@id":"https:\/\/www.bnz.energy\/#website"},"primaryImageOfPage":{"@id":"https:\/\/www.bnz.energy\/ca\/bnz-al-viii-foro-de-energia-a-la-premsa\/#primaryimage"},"image":{"@id":"https:\/\/www.bnz.energy\/ca\/bnz-al-viii-foro-de-energia-a-la-premsa\/#primaryimage"},"thumbnailUrl":"https:\/\/www.bnz.energy\/wp-content\/uploads\/2023\/09\/PRESS-ROOM_2023_5_SEPT_BNZ-at-the-VIII-Foro-de-Energia-on-media.jpg","datePublished":"2023-09-10T10:35:41+00:00","dateModified":"2025-02-14T12:39:54+00:00","breadcrumb":{"@id":"https:\/\/www.bnz.energy\/ca\/bnz-al-viii-foro-de-energia-a-la-premsa\/#breadcrumb"},"inLanguage":"ca","potentialAction":[{"@type":"ReadAction","target":["https:\/\/www.bnz.energy\/ca\/bnz-al-viii-foro-de-energia-a-la-premsa\/"]}]},{"@type":"ImageObject","inLanguage":"ca","@id":"https:\/\/www.bnz.energy\/ca\/bnz-al-viii-foro-de-energia-a-la-premsa\/#primaryimage","url":"https:\/\/www.bnz.energy\/wp-content\/uploads\/2023\/09\/PRESS-ROOM_2023_5_SEPT_BNZ-at-the-VIII-Foro-de-Energia-on-media.jpg","contentUrl":"https:\/\/www.bnz.energy\/wp-content\/uploads\/2023\/09\/PRESS-ROOM_2023_5_SEPT_BNZ-at-the-VIII-Foro-de-Energia-on-media.jpg","width":735,"height":630},{"@type":"BreadcrumbList","@id":"https:\/\/www.bnz.energy\/ca\/bnz-al-viii-foro-de-energia-a-la-premsa\/#breadcrumb","itemListElement":[{"@type":"ListItem","position":1,"name":"Home","item":"https:\/\/www.bnz.energy\/ca\/"},{"@type":"ListItem","position":2,"name":"BNZ al &#8220;VIII Foro de Energ\u00eda&#8221; a la premsa"}]},{"@type":"WebSite","@id":"https:\/\/www.bnz.energy\/#website","url":"https:\/\/www.bnz.energy\/","name":"BNZ","description":"","publisher":{"@id":"https:\/\/www.bnz.energy\/#organization"},"potentialAction":[{"@type":"SearchAction","target":{"@type":"EntryPoint","urlTemplate":"https:\/\/www.bnz.energy\/?s={search_term_string}"},"query-input":{"@type":"PropertyValueSpecification","valueRequired":true,"valueName":"search_term_string"}}],"inLanguage":"ca"},{"@type":"Organization","@id":"https:\/\/www.bnz.energy\/#organization","name":"BNZ","url":"https:\/\/www.bnz.energy\/","logo":{"@type":"ImageObject","inLanguage":"ca","@id":"https:\/\/www.bnz.energy\/#\/schema\/logo\/image\/","url":"https:\/\/www.bnz.energy\/wp-content\/uploads\/2024\/12\/Capa_1.svg","contentUrl":"https:\/\/www.bnz.energy\/wp-content\/uploads\/2024\/12\/Capa_1.svg","width":1,"height":1,"caption":"BNZ"},"image":{"@id":"https:\/\/www.bnz.energy\/#\/schema\/logo\/image\/"},"sameAs":["https:\/\/www.linkedin.com\/company\/bnetzero\/"]},{"@type":"Person","@id":"https:\/\/www.bnz.energy\/#\/schema\/person\/e358b3214b1b4a9b443d49305c239bbe","name":"admin_bnz","image":{"@type":"ImageObject","inLanguage":"ca","@id":"https:\/\/www.bnz.energy\/#\/schema\/person\/image\/","url":"https:\/\/secure.gravatar.com\/avatar\/cc90964e5c0de17136af9d9d3171efa5c21c920531a6aaa763a62c13f62ec30a?s=96&d=mm&r=g","contentUrl":"https:\/\/secure.gravatar.com\/avatar\/cc90964e5c0de17136af9d9d3171efa5c21c920531a6aaa763a62c13f62ec30a?s=96&d=mm&r=g","caption":"admin_bnz"},"sameAs":["https:\/\/www.bnz.energy"],"url":"https:\/\/www.bnz.energy\/ca\/author\/admin_bnz\/"}]}},"_links":{"self":[{"href":"https:\/\/www.bnz.energy\/ca\/wp-json\/wp\/v2\/posts\/2171","targetHints":{"allow":["GET"]}}],"collection":[{"href":"https:\/\/www.bnz.energy\/ca\/wp-json\/wp\/v2\/posts"}],"about":[{"href":"https:\/\/www.bnz.energy\/ca\/wp-json\/wp\/v2\/types\/post"}],"author":[{"embeddable":true,"href":"https:\/\/www.bnz.energy\/ca\/wp-json\/wp\/v2\/users\/1"}],"replies":[{"embeddable":true,"href":"https:\/\/www.bnz.energy\/ca\/wp-json\/wp\/v2\/comments?post=2171"}],"version-history":[{"count":3,"href":"https:\/\/www.bnz.energy\/ca\/wp-json\/wp\/v2\/posts\/2171\/revisions"}],"predecessor-version":[{"id":7244,"href":"https:\/\/www.bnz.energy\/ca\/wp-json\/wp\/v2\/posts\/2171\/revisions\/7244"}],"wp:featuredmedia":[{"embeddable":true,"href":"https:\/\/www.bnz.energy\/ca\/wp-json\/wp\/v2\/media\/4548"}],"wp:attachment":[{"href":"https:\/\/www.bnz.energy\/ca\/wp-json\/wp\/v2\/media?parent=2171"}],"wp:term":[{"taxonomy":"category","embeddable":true,"href":"https:\/\/www.bnz.energy\/ca\/wp-json\/wp\/v2\/categories?post=2171"},{"taxonomy":"post_tag","embeddable":true,"href":"https:\/\/www.bnz.energy\/ca\/wp-json\/wp\/v2\/tags?post=2171"}],"curies":[{"name":"wp","href":"https:\/\/api.w.org\/{rel}","templated":true}]}}