{"id":2124,"date":"2023-11-04T13:59:49","date_gmt":"2023-11-04T13:59:49","guid":{"rendered":"https:\/\/www.bnz.energy\/?p=2124"},"modified":"2025-02-17T11:23:35","modified_gmt":"2025-02-17T11:23:35","slug":"linici-del-projecte-a-viterbo-a-la-premsa","status":"publish","type":"post","link":"https:\/\/www.bnz.energy\/ca\/linici-del-projecte-a-viterbo-a-la-premsa\/","title":{"rendered":"L&#8217;inici del projecte a Viterbo a la premsa"},"content":{"rendered":"<div class=\"flex-1 overflow-hidden\">\n<div class=\"react-scroll-to-bottom--css-ojhco-79elbk h-full\">\n<div class=\"react-scroll-to-bottom--css-ojhco-1n7m0yu\">\n<div class=\"flex flex-col pb-9 text-sm\">\n<div class=\"w-full text-token-text-primary\" data-testid=\"conversation-turn-3\">\n<div class=\"px-4 py-2 justify-center text-base md:gap-6 m-auto\">\n<div class=\"flex flex-1 text-base mx-auto gap-3 md:px-5 lg:px-1 xl:px-5 md:max-w-3xl lg:max-w-[40rem] xl:max-w-[48rem] group final-completion\">\n<div class=\"relative flex w-full flex-col lg:w-[calc(100%-115px)] agent-turn\">\n<div class=\"flex-col gap-1 md:gap-3\">\n<div class=\"flex flex-grow flex-col max-w-full\">\n<div class=\"min-h-[20px] text-message flex flex-col items-start gap-3 whitespace-pre-wrap break-words [.text-message+&amp;]:mt-5 overflow-x-auto\" data-message-author-role=\"assistant\" data-message-id=\"79067ec3-d50e-4d2b-98cc-17f09ce65abe\">\n<div class=\"markdown prose w-full break-words dark:prose-invert light\">\n<p><a href=\"https:\/\/www.bnz.energy\/ca\/bnz-inaugura-les-obres-de-construccio-de-tres-parcs-fotovoltaics-de-135-mwp-en-viterbo-laci\/\">L&#8217;inici de la construcci\u00f3 dels tres projectes fotovoltaics amb una capacitat total de 135 MWp, desenvolupats a la regi\u00f3 del Lazio<\/a> a prop de Viterbo i Montalto di Castro, va rebre una \u00e0mplia cobertura medi\u00e0tica i va suposar un \u00e8xit significatiu per BNZ.<\/p>\n<p>L&#8217;esdeveniment p\u00fablic, titulat &#8220;Powering Europe to a Greener Future: Redefining Italy&#8217;s Energy Landscape,&#8221; va tenir lloc el 21 de setembre de 2023, a la capital provincial, Viterbo, i va ser organitzat per BNZ. Va reunir setanta participants, incloent socis comercials, representants locals, residents i diversos col\u00b7laboradors.<\/p>\n<p>A m\u00e9s de la bona acollida dels assistents i dels missatges de felicitaci\u00f3 a l&#8217;equip, la not\u00edcia va rebre una \u00e0mplia atenci\u00f3 de diversos mitjans de comunicaci\u00f3, amb una difusi\u00f3 i un impacte significatius. A It\u00e0lia, la not\u00edcia va ressonar \u00e0mpliament i va ser destacada en nombrosos mitjans de comunicaci\u00f3 nacionals i regionals de renom, com ara Il Sole 24 Ore, <a href=\"https:\/\/www.pv-magazine.it\/2023\/09\/21\/bnz-inizia-lavori-di-costruzione-di-tre-parchi-fotovoltaici-da-135-mw-a-viterbo\/\">PV Magazine<\/a>,<a href=\"https:\/\/www.industriaitaliana.it\/fotovoltaico-bnz-investe-in-italia-con-575-milioni\/\"> Industria Italiana,<\/a> <a href=\"https:\/\/www.solareb2b.it\/bnz-al-via-la-realizzazione-di-tre-parchi-fotovoltaici-da-135-mwp-in-lazio\/\">Solareb2b<\/a>, <a href=\"https:\/\/www.viterbotoday.it\/attualita\/fotovoltaico-viterbo-montalto-di-castro-22-settembre-2023.html\">Viterbo Today<\/a>, <a href=\"https:\/\/www.corrierediviterbo.it\/viterbo\/al-via-costruzione-di-3-impianti-fotovoltaici-porteranno-duecento-posti-di-lavoro\/#google_vignette\">Corriere di Viterbo<\/a>, entre molts altres. Aquesta cobertura extensa reflectia la import\u00e0ncia del projecte, especialment per a la regi\u00f3.<\/p>\n<p>A m\u00e9s, en el mercat espanyol, mitjans econ\u00f2mics destacats com El Economista van destacar aquest assoliment tant per a l&#8217;empresa com per a la regi\u00f3 on es desenvolupar\u00e0 el projecte.<\/p>\n<\/div>\n<\/div>\n<\/div>\n<\/div>\n<\/div>\n<\/div>\n<\/div>\n<\/div>\n<\/div>\n<\/div>\n<\/div>\n<\/div>\n<p>&nbsp;<\/p>\n","protected":false},"excerpt":{"rendered":"<p>L&#8217;inici de la construcci\u00f3 dels tres projectes fotovoltaics amb una capacitat total de 135 MWp, desenvolupats a la regi\u00f3 del Lazio a prop de Viterbo i Montalto di Castro, va rebre una \u00e0mplia cobertura medi\u00e0tica i va suposar un \u00e8xit significatiu per BNZ. L&#8217;esdeveniment p\u00fablic, titulat &#8220;Powering Europe to a Greener Future: Redefining Italy&#8217;s Energy [&hellip;]<\/p>\n","protected":false},"author":1,"featured_media":4528,"comment_status":"closed","ping_status":"closed","sticky":false,"template":"","format":"standard","meta":{"_acf_changed":false,"_et_pb_use_builder":"","_et_pb_old_content":"","_et_gb_content_width":"","footnotes":""},"categories":[53,55,59],"tags":[],"class_list":["post-2124","post","type-post","status-publish","format-standard","has-post-thumbnail","hentry","category-aparicio-als-mitjans","category-notes-de-premsa","category-projectes"],"acf":[],"yoast_head":"<!-- This site is optimized with the Yoast SEO plugin v26.6 - https:\/\/yoast.com\/wordpress\/plugins\/seo\/ -->\n<title>L&#039;inici del projecte a Viterbo a la premsa - BNZ<\/title>\n<meta name=\"robots\" content=\"index, follow, max-snippet:-1, max-image-preview:large, max-video-preview:-1\" \/>\n<link rel=\"canonical\" href=\"https:\/\/www.bnz.energy\/ca\/linici-del-projecte-a-viterbo-a-la-premsa\/\" \/>\n<meta property=\"og:locale\" content=\"ca_ES\" \/>\n<meta property=\"og:type\" content=\"article\" \/>\n<meta property=\"og:title\" content=\"L&#039;inici del projecte a Viterbo a la premsa - BNZ\" \/>\n<meta property=\"og:description\" content=\"L&#8217;inici de la construcci\u00f3 dels tres projectes fotovoltaics amb una capacitat total de 135 MWp, desenvolupats a la regi\u00f3 del Lazio a prop de Viterbo i Montalto di Castro, va rebre una \u00e0mplia cobertura medi\u00e0tica i va suposar un \u00e8xit significatiu per BNZ. L&#8217;esdeveniment p\u00fablic, titulat &#8220;Powering Europe to a Greener Future: Redefining Italy&#8217;s Energy [&hellip;]\" \/>\n<meta property=\"og:url\" content=\"https:\/\/www.bnz.energy\/ca\/linici-del-projecte-a-viterbo-a-la-premsa\/\" \/>\n<meta property=\"og:site_name\" content=\"BNZ\" \/>\n<meta property=\"article:published_time\" content=\"2023-11-04T13:59:49+00:00\" \/>\n<meta property=\"article:modified_time\" content=\"2025-02-17T11:23:35+00:00\" \/>\n<meta property=\"og:image\" content=\"https:\/\/www.bnz.energy\/wp-content\/uploads\/2023\/11\/PRESS-ROOM_2023_6_NOV_The-beginning-of-Viterbo-projects-on-media-2.jpg\" \/>\n\t<meta property=\"og:image:width\" content=\"657\" \/>\n\t<meta property=\"og:image:height\" content=\"618\" \/>\n\t<meta property=\"og:image:type\" content=\"image\/jpeg\" \/>\n<meta name=\"author\" content=\"admin_bnz\" \/>\n<meta name=\"twitter:card\" content=\"summary_large_image\" \/>\n<meta name=\"twitter:label1\" content=\"Escrit per\" \/>\n\t<meta name=\"twitter:data1\" content=\"admin_bnz\" \/>\n\t<meta name=\"twitter:label2\" content=\"Temps estimat de lectura\" \/>\n\t<meta name=\"twitter:data2\" content=\"1 minut\" \/>\n<script type=\"application\/ld+json\" class=\"yoast-schema-graph\">{\"@context\":\"https:\/\/schema.org\",\"@graph\":[{\"@type\":\"Article\",\"@id\":\"https:\/\/www.bnz.energy\/ca\/linici-del-projecte-a-viterbo-a-la-premsa\/#article\",\"isPartOf\":{\"@id\":\"https:\/\/www.bnz.energy\/ca\/linici-del-projecte-a-viterbo-a-la-premsa\/\"},\"author\":{\"name\":\"admin_bnz\",\"@id\":\"https:\/\/www.bnz.energy\/#\/schema\/person\/e358b3214b1b4a9b443d49305c239bbe\"},\"headline\":\"L&#8217;inici del projecte a Viterbo a la premsa\",\"datePublished\":\"2023-11-04T13:59:49+00:00\",\"dateModified\":\"2025-02-17T11:23:35+00:00\",\"mainEntityOfPage\":{\"@id\":\"https:\/\/www.bnz.energy\/ca\/linici-del-projecte-a-viterbo-a-la-premsa\/\"},\"wordCount\":228,\"publisher\":{\"@id\":\"https:\/\/www.bnz.energy\/#organization\"},\"image\":{\"@id\":\"https:\/\/www.bnz.energy\/ca\/linici-del-projecte-a-viterbo-a-la-premsa\/#primaryimage\"},\"thumbnailUrl\":\"https:\/\/www.bnz.energy\/wp-content\/uploads\/2023\/11\/PRESS-ROOM_2023_6_NOV_The-beginning-of-Viterbo-projects-on-media-2.jpg\",\"articleSection\":[\"Aparici\u00f3 als mitjans\",\"Notes de premsa\",\"Projectes\"],\"inLanguage\":\"ca\"},{\"@type\":\"WebPage\",\"@id\":\"https:\/\/www.bnz.energy\/ca\/linici-del-projecte-a-viterbo-a-la-premsa\/\",\"url\":\"https:\/\/www.bnz.energy\/ca\/linici-del-projecte-a-viterbo-a-la-premsa\/\",\"name\":\"L'inici del projecte a Viterbo a la premsa - BNZ\",\"isPartOf\":{\"@id\":\"https:\/\/www.bnz.energy\/#website\"},\"primaryImageOfPage\":{\"@id\":\"https:\/\/www.bnz.energy\/ca\/linici-del-projecte-a-viterbo-a-la-premsa\/#primaryimage\"},\"image\":{\"@id\":\"https:\/\/www.bnz.energy\/ca\/linici-del-projecte-a-viterbo-a-la-premsa\/#primaryimage\"},\"thumbnailUrl\":\"https:\/\/www.bnz.energy\/wp-content\/uploads\/2023\/11\/PRESS-ROOM_2023_6_NOV_The-beginning-of-Viterbo-projects-on-media-2.jpg\",\"datePublished\":\"2023-11-04T13:59:49+00:00\",\"dateModified\":\"2025-02-17T11:23:35+00:00\",\"breadcrumb\":{\"@id\":\"https:\/\/www.bnz.energy\/ca\/linici-del-projecte-a-viterbo-a-la-premsa\/#breadcrumb\"},\"inLanguage\":\"ca\",\"potentialAction\":[{\"@type\":\"ReadAction\",\"target\":[\"https:\/\/www.bnz.energy\/ca\/linici-del-projecte-a-viterbo-a-la-premsa\/\"]}]},{\"@type\":\"ImageObject\",\"inLanguage\":\"ca\",\"@id\":\"https:\/\/www.bnz.energy\/ca\/linici-del-projecte-a-viterbo-a-la-premsa\/#primaryimage\",\"url\":\"https:\/\/www.bnz.energy\/wp-content\/uploads\/2023\/11\/PRESS-ROOM_2023_6_NOV_The-beginning-of-Viterbo-projects-on-media-2.jpg\",\"contentUrl\":\"https:\/\/www.bnz.energy\/wp-content\/uploads\/2023\/11\/PRESS-ROOM_2023_6_NOV_The-beginning-of-Viterbo-projects-on-media-2.jpg\",\"width\":657,\"height\":618},{\"@type\":\"BreadcrumbList\",\"@id\":\"https:\/\/www.bnz.energy\/ca\/linici-del-projecte-a-viterbo-a-la-premsa\/#breadcrumb\",\"itemListElement\":[{\"@type\":\"ListItem\",\"position\":1,\"name\":\"Home\",\"item\":\"https:\/\/www.bnz.energy\/ca\/\"},{\"@type\":\"ListItem\",\"position\":2,\"name\":\"L&#8217;inici del projecte a Viterbo a la premsa\"}]},{\"@type\":\"WebSite\",\"@id\":\"https:\/\/www.bnz.energy\/#website\",\"url\":\"https:\/\/www.bnz.energy\/\",\"name\":\"BNZ\",\"description\":\"\",\"publisher\":{\"@id\":\"https:\/\/www.bnz.energy\/#organization\"},\"potentialAction\":[{\"@type\":\"SearchAction\",\"target\":{\"@type\":\"EntryPoint\",\"urlTemplate\":\"https:\/\/www.bnz.energy\/?s={search_term_string}\"},\"query-input\":{\"@type\":\"PropertyValueSpecification\",\"valueRequired\":true,\"valueName\":\"search_term_string\"}}],\"inLanguage\":\"ca\"},{\"@type\":\"Organization\",\"@id\":\"https:\/\/www.bnz.energy\/#organization\",\"name\":\"BNZ\",\"url\":\"https:\/\/www.bnz.energy\/\",\"logo\":{\"@type\":\"ImageObject\",\"inLanguage\":\"ca\",\"@id\":\"https:\/\/www.bnz.energy\/#\/schema\/logo\/image\/\",\"url\":\"https:\/\/www.bnz.energy\/wp-content\/uploads\/2024\/12\/Capa_1.svg\",\"contentUrl\":\"https:\/\/www.bnz.energy\/wp-content\/uploads\/2024\/12\/Capa_1.svg\",\"width\":1,\"height\":1,\"caption\":\"BNZ\"},\"image\":{\"@id\":\"https:\/\/www.bnz.energy\/#\/schema\/logo\/image\/\"},\"sameAs\":[\"https:\/\/www.linkedin.com\/company\/bnetzero\/\"]},{\"@type\":\"Person\",\"@id\":\"https:\/\/www.bnz.energy\/#\/schema\/person\/e358b3214b1b4a9b443d49305c239bbe\",\"name\":\"admin_bnz\",\"image\":{\"@type\":\"ImageObject\",\"inLanguage\":\"ca\",\"@id\":\"https:\/\/www.bnz.energy\/#\/schema\/person\/image\/\",\"url\":\"https:\/\/secure.gravatar.com\/avatar\/cc90964e5c0de17136af9d9d3171efa5c21c920531a6aaa763a62c13f62ec30a?s=96&d=mm&r=g\",\"contentUrl\":\"https:\/\/secure.gravatar.com\/avatar\/cc90964e5c0de17136af9d9d3171efa5c21c920531a6aaa763a62c13f62ec30a?s=96&d=mm&r=g\",\"caption\":\"admin_bnz\"},\"sameAs\":[\"https:\/\/www.bnz.energy\"],\"url\":\"https:\/\/www.bnz.energy\/ca\/author\/admin_bnz\/\"}]}<\/script>\n<!-- \/ Yoast SEO plugin. -->","yoast_head_json":{"title":"L'inici del projecte a Viterbo a la premsa - BNZ","robots":{"index":"index","follow":"follow","max-snippet":"max-snippet:-1","max-image-preview":"max-image-preview:large","max-video-preview":"max-video-preview:-1"},"canonical":"https:\/\/www.bnz.energy\/ca\/linici-del-projecte-a-viterbo-a-la-premsa\/","og_locale":"ca_ES","og_type":"article","og_title":"L'inici del projecte a Viterbo a la premsa - BNZ","og_description":"L&#8217;inici de la construcci\u00f3 dels tres projectes fotovoltaics amb una capacitat total de 135 MWp, desenvolupats a la regi\u00f3 del Lazio a prop de Viterbo i Montalto di Castro, va rebre una \u00e0mplia cobertura medi\u00e0tica i va suposar un \u00e8xit significatiu per BNZ. L&#8217;esdeveniment p\u00fablic, titulat &#8220;Powering Europe to a Greener Future: Redefining Italy&#8217;s Energy [&hellip;]","og_url":"https:\/\/www.bnz.energy\/ca\/linici-del-projecte-a-viterbo-a-la-premsa\/","og_site_name":"BNZ","article_published_time":"2023-11-04T13:59:49+00:00","article_modified_time":"2025-02-17T11:23:35+00:00","og_image":[{"width":657,"height":618,"url":"https:\/\/www.bnz.energy\/wp-content\/uploads\/2023\/11\/PRESS-ROOM_2023_6_NOV_The-beginning-of-Viterbo-projects-on-media-2.jpg","type":"image\/jpeg"}],"author":"admin_bnz","twitter_card":"summary_large_image","twitter_misc":{"Escrit per":"admin_bnz","Temps estimat de lectura":"1 minut"},"schema":{"@context":"https:\/\/schema.org","@graph":[{"@type":"Article","@id":"https:\/\/www.bnz.energy\/ca\/linici-del-projecte-a-viterbo-a-la-premsa\/#article","isPartOf":{"@id":"https:\/\/www.bnz.energy\/ca\/linici-del-projecte-a-viterbo-a-la-premsa\/"},"author":{"name":"admin_bnz","@id":"https:\/\/www.bnz.energy\/#\/schema\/person\/e358b3214b1b4a9b443d49305c239bbe"},"headline":"L&#8217;inici del projecte a Viterbo a la premsa","datePublished":"2023-11-04T13:59:49+00:00","dateModified":"2025-02-17T11:23:35+00:00","mainEntityOfPage":{"@id":"https:\/\/www.bnz.energy\/ca\/linici-del-projecte-a-viterbo-a-la-premsa\/"},"wordCount":228,"publisher":{"@id":"https:\/\/www.bnz.energy\/#organization"},"image":{"@id":"https:\/\/www.bnz.energy\/ca\/linici-del-projecte-a-viterbo-a-la-premsa\/#primaryimage"},"thumbnailUrl":"https:\/\/www.bnz.energy\/wp-content\/uploads\/2023\/11\/PRESS-ROOM_2023_6_NOV_The-beginning-of-Viterbo-projects-on-media-2.jpg","articleSection":["Aparici\u00f3 als mitjans","Notes de premsa","Projectes"],"inLanguage":"ca"},{"@type":"WebPage","@id":"https:\/\/www.bnz.energy\/ca\/linici-del-projecte-a-viterbo-a-la-premsa\/","url":"https:\/\/www.bnz.energy\/ca\/linici-del-projecte-a-viterbo-a-la-premsa\/","name":"L'inici del projecte a Viterbo a la premsa - BNZ","isPartOf":{"@id":"https:\/\/www.bnz.energy\/#website"},"primaryImageOfPage":{"@id":"https:\/\/www.bnz.energy\/ca\/linici-del-projecte-a-viterbo-a-la-premsa\/#primaryimage"},"image":{"@id":"https:\/\/www.bnz.energy\/ca\/linici-del-projecte-a-viterbo-a-la-premsa\/#primaryimage"},"thumbnailUrl":"https:\/\/www.bnz.energy\/wp-content\/uploads\/2023\/11\/PRESS-ROOM_2023_6_NOV_The-beginning-of-Viterbo-projects-on-media-2.jpg","datePublished":"2023-11-04T13:59:49+00:00","dateModified":"2025-02-17T11:23:35+00:00","breadcrumb":{"@id":"https:\/\/www.bnz.energy\/ca\/linici-del-projecte-a-viterbo-a-la-premsa\/#breadcrumb"},"inLanguage":"ca","potentialAction":[{"@type":"ReadAction","target":["https:\/\/www.bnz.energy\/ca\/linici-del-projecte-a-viterbo-a-la-premsa\/"]}]},{"@type":"ImageObject","inLanguage":"ca","@id":"https:\/\/www.bnz.energy\/ca\/linici-del-projecte-a-viterbo-a-la-premsa\/#primaryimage","url":"https:\/\/www.bnz.energy\/wp-content\/uploads\/2023\/11\/PRESS-ROOM_2023_6_NOV_The-beginning-of-Viterbo-projects-on-media-2.jpg","contentUrl":"https:\/\/www.bnz.energy\/wp-content\/uploads\/2023\/11\/PRESS-ROOM_2023_6_NOV_The-beginning-of-Viterbo-projects-on-media-2.jpg","width":657,"height":618},{"@type":"BreadcrumbList","@id":"https:\/\/www.bnz.energy\/ca\/linici-del-projecte-a-viterbo-a-la-premsa\/#breadcrumb","itemListElement":[{"@type":"ListItem","position":1,"name":"Home","item":"https:\/\/www.bnz.energy\/ca\/"},{"@type":"ListItem","position":2,"name":"L&#8217;inici del projecte a Viterbo a la premsa"}]},{"@type":"WebSite","@id":"https:\/\/www.bnz.energy\/#website","url":"https:\/\/www.bnz.energy\/","name":"BNZ","description":"","publisher":{"@id":"https:\/\/www.bnz.energy\/#organization"},"potentialAction":[{"@type":"SearchAction","target":{"@type":"EntryPoint","urlTemplate":"https:\/\/www.bnz.energy\/?s={search_term_string}"},"query-input":{"@type":"PropertyValueSpecification","valueRequired":true,"valueName":"search_term_string"}}],"inLanguage":"ca"},{"@type":"Organization","@id":"https:\/\/www.bnz.energy\/#organization","name":"BNZ","url":"https:\/\/www.bnz.energy\/","logo":{"@type":"ImageObject","inLanguage":"ca","@id":"https:\/\/www.bnz.energy\/#\/schema\/logo\/image\/","url":"https:\/\/www.bnz.energy\/wp-content\/uploads\/2024\/12\/Capa_1.svg","contentUrl":"https:\/\/www.bnz.energy\/wp-content\/uploads\/2024\/12\/Capa_1.svg","width":1,"height":1,"caption":"BNZ"},"image":{"@id":"https:\/\/www.bnz.energy\/#\/schema\/logo\/image\/"},"sameAs":["https:\/\/www.linkedin.com\/company\/bnetzero\/"]},{"@type":"Person","@id":"https:\/\/www.bnz.energy\/#\/schema\/person\/e358b3214b1b4a9b443d49305c239bbe","name":"admin_bnz","image":{"@type":"ImageObject","inLanguage":"ca","@id":"https:\/\/www.bnz.energy\/#\/schema\/person\/image\/","url":"https:\/\/secure.gravatar.com\/avatar\/cc90964e5c0de17136af9d9d3171efa5c21c920531a6aaa763a62c13f62ec30a?s=96&d=mm&r=g","contentUrl":"https:\/\/secure.gravatar.com\/avatar\/cc90964e5c0de17136af9d9d3171efa5c21c920531a6aaa763a62c13f62ec30a?s=96&d=mm&r=g","caption":"admin_bnz"},"sameAs":["https:\/\/www.bnz.energy"],"url":"https:\/\/www.bnz.energy\/ca\/author\/admin_bnz\/"}]}},"_links":{"self":[{"href":"https:\/\/www.bnz.energy\/ca\/wp-json\/wp\/v2\/posts\/2124","targetHints":{"allow":["GET"]}}],"collection":[{"href":"https:\/\/www.bnz.energy\/ca\/wp-json\/wp\/v2\/posts"}],"about":[{"href":"https:\/\/www.bnz.energy\/ca\/wp-json\/wp\/v2\/types\/post"}],"author":[{"embeddable":true,"href":"https:\/\/www.bnz.energy\/ca\/wp-json\/wp\/v2\/users\/1"}],"replies":[{"embeddable":true,"href":"https:\/\/www.bnz.energy\/ca\/wp-json\/wp\/v2\/comments?post=2124"}],"version-history":[{"count":3,"href":"https:\/\/www.bnz.energy\/ca\/wp-json\/wp\/v2\/posts\/2124\/revisions"}],"predecessor-version":[{"id":7240,"href":"https:\/\/www.bnz.energy\/ca\/wp-json\/wp\/v2\/posts\/2124\/revisions\/7240"}],"wp:featuredmedia":[{"embeddable":true,"href":"https:\/\/www.bnz.energy\/ca\/wp-json\/wp\/v2\/media\/4528"}],"wp:attachment":[{"href":"https:\/\/www.bnz.energy\/ca\/wp-json\/wp\/v2\/media?parent=2124"}],"wp:term":[{"taxonomy":"category","embeddable":true,"href":"https:\/\/www.bnz.energy\/ca\/wp-json\/wp\/v2\/categories?post=2124"},{"taxonomy":"post_tag","embeddable":true,"href":"https:\/\/www.bnz.energy\/ca\/wp-json\/wp\/v2\/tags?post=2124"}],"curies":[{"name":"wp","href":"https:\/\/api.w.org\/{rel}","templated":true}]}}