{"id":1694,"date":"2022-03-04T09:24:03","date_gmt":"2022-03-04T09:24:03","guid":{"rendered":"https:\/\/www.bnz.energy\/?p=1294"},"modified":"2025-02-17T12:29:01","modified_gmt":"2025-02-17T12:29:01","slug":"bnz-apoya-su-primer-proyecto-social-en-portugal","status":"publish","type":"post","link":"https:\/\/www.bnz.energy\/ca\/bnz-apoya-su-primer-proyecto-social-en-portugal\/","title":{"rendered":"BNZ recolza el seu primer projecte social a Portugal"},"content":{"rendered":"<p>BNZ, un productor independent d&#8217;energia (IPP), suma el seu suport al projecte social recolzat per PT2020 \u201cCuidar Maior\u201d, al municipi de Vila Nova de Familic\u00e3o, a la regi\u00f3 nord de Portugal.<\/p>\n<p>Moltes fam\u00edlies a la comunitat tenen cura de membres amb necessitats especials, des de dem\u00e8ncia o alzheimer fins a problemes motors o psicomotors, sovint abandonats a la seva sort. El projecte social Cuidar Maior \u00e9s un programa d&#8217;intervenci\u00f3 individualitzat i personalitzat que pret\u00e9n donar llum i brindar l&#8217;atenci\u00f3 necess\u00e0ria als qui ho necessiten. El projecte actua en la primerenca lluita contra el desgast professional dels cuidadors informals, a trav\u00e9s del suport psicoeducatiu i l&#8217;assessorament familiar. Aquestes accions tenen com a objectiu influir positivament en la qualitat de vida dels cuidadors i les seves respectives fam\u00edlies, per tal de crear estrat\u00e8gies i manejar les emocions\/estr\u00e8s, reduir els s\u00edmptomes de depressi\u00f3, augmentar les habilitats i la informaci\u00f3, aix\u00ed com reempla\u00e7ar el cuidador quan ho necessiti. Tamb\u00e9 en aquest \u00e0mbit s&#8217;est\u00e0 desenvolupant una aplicaci\u00f3 m\u00f2bil que facilitar\u00e0 el seguiment dels cuidadors.<\/p>\n<p>Ana Raquel Carvalho, coordinadora del projecte Cuidar Maior, desaca la import\u00e0ncia del paper dels cuidadors informals: \u201cSegons una enquesta realitzada a nivell nacional, a finals del 2020, hi ha al voltant d&#8217;1,4 milions de cuidadors informals a Portugal. I el cuidador informal \u00e9s la nostra prioritat a \u201cCuidar Maior\u201d. Aquestes persones que dia a dia donen suport incondicional a alg\u00fa, tamb\u00e9 cal donar-les suport. \u00c9s urgent actuar de manera preventiva perqu\u00e8 tinguin la m\u00e0xima qualitat de vida possible i per aix\u00f2 treballem cada dia\u201d.<\/p>\n<p>El projecte centra el seu enfocament sist\u00e8mic en diferents \u00e0rees d&#8217;intervenci\u00f3, permetent a l&#8217;Estat reduir les despeses a mitj\u00e0\/llarg termini, concretament a les \u00e0rees de salut i seguretat social. A trav\u00e9s d&#8217;un equip multidisciplinari, Cuidar Maior mobilitza recursos interns i associacions, recolzant els cuidadors informals a Vila Nova de Famalic\u00e3o.<\/p>\n<p>La contribuci\u00f3 privada de BNZ a aquest projecte social de suport p\u00fablic PT2020 consisteix a participar a \u201cCuidar Maior\u201d a trav\u00e9s de la contractaci\u00f3 i el suport financer de 5 empleats locals addicionals a temps complet, entre els quals hi ha un coordinador de projecte, un psic\u00f2leg, un educador social, un social t\u00e8cnic de servei i un animador. Aquests 5 empleats s&#8217;uniran a l&#8217;equip existent, que actualment compta amb 40 membres.<\/p>\n<p>\u201cAquesta \u00e9s una associaci\u00f3 molt rellevant per a nosaltres. Els nostres objectius com IPP, a m\u00e9s de distribuir energia neta i assequible a la xarxa, s\u00f3n establir la nostra pres\u00e8ncia ambiental i social local, mitjan\u00e7ant una relaci\u00f3 beneficiosa i cooperativa amb totes les comunitats on operem\u201d, explica Luis Selva, Director General de BNZ. \u201cSom conscients que la contractaci\u00f3 d&#8217;aquests empleats per part de Cuidar Maior ser\u00e0 fonamental per al suport que brinda a la comunitat i, per aix\u00f2, estem molt contents de donar suport a aquest projecte\u201d, conclou Selva.<\/p>\n<p>La metodologia d&#8217;intervenci\u00f3 del projecte, aprovada per Associacions per l&#8217;Impacte \u2013 Programa d&#8217;Innovaci\u00f3 Social de Portugal, ser\u00e0 presentada oficialment el 3 de mar\u00e7, a les 18h30, al Pavell\u00f3 Multiusos de Requi\u00e3o.<\/p>\n","protected":false},"excerpt":{"rendered":"<p>BNZ, un productor independent d&#8217;energia (IPP), suma el seu suport al projecte social recolzat per PT2020 \u201cCuidar Maior\u201d, al municipi de Vila Nova de Familic\u00e3o, a la regi\u00f3 nord de Portugal. Moltes fam\u00edlies a la comunitat tenen cura de membres amb necessitats especials, des de dem\u00e8ncia o alzheimer fins a problemes motors o psicomotors, sovint [&hellip;]<\/p>\n","protected":false},"author":1,"featured_media":4606,"comment_status":"closed","ping_status":"closed","sticky":false,"template":"","format":"standard","meta":{"_acf_changed":false,"_et_pb_use_builder":"","_et_pb_old_content":"","_et_gb_content_width":"","footnotes":""},"categories":[53,55],"tags":[],"class_list":["post-1694","post","type-post","status-publish","format-standard","has-post-thumbnail","hentry","category-aparicio-als-mitjans","category-notes-de-premsa"],"acf":[],"yoast_head":"<!-- This site is optimized with the Yoast SEO plugin v26.6 - https:\/\/yoast.com\/wordpress\/plugins\/seo\/ -->\n<title>BNZ recolza el seu primer projecte social a Portugal - BNZ<\/title>\n<meta name=\"robots\" content=\"index, follow, max-snippet:-1, max-image-preview:large, max-video-preview:-1\" \/>\n<link rel=\"canonical\" href=\"https:\/\/www.bnz.energy\/bnz-backs-its-first-social-project-in-portugal\/\" \/>\n<meta property=\"og:locale\" content=\"ca_ES\" \/>\n<meta property=\"og:type\" content=\"article\" \/>\n<meta property=\"og:title\" content=\"BNZ recolza el seu primer projecte social a Portugal - BNZ\" \/>\n<meta property=\"og:description\" content=\"BNZ, un productor independent d&#8217;energia (IPP), suma el seu suport al projecte social recolzat per PT2020 \u201cCuidar Maior\u201d, al municipi de Vila Nova de Familic\u00e3o, a la regi\u00f3 nord de Portugal. Moltes fam\u00edlies a la comunitat tenen cura de membres amb necessitats especials, des de dem\u00e8ncia o alzheimer fins a problemes motors o psicomotors, sovint [&hellip;]\" \/>\n<meta property=\"og:url\" content=\"https:\/\/www.bnz.energy\/bnz-backs-its-first-social-project-in-portugal\/\" \/>\n<meta property=\"og:site_name\" content=\"BNZ\" \/>\n<meta property=\"article:published_time\" content=\"2022-03-04T09:24:03+00:00\" \/>\n<meta property=\"article:modified_time\" content=\"2025-02-17T12:29:01+00:00\" \/>\n<meta property=\"og:image\" content=\"https:\/\/www.bnz.energy\/wp-content\/uploads\/2022\/03\/PRESS-ROOM_2022_2_MARCH_BNZ-backs-its-first-social-project-in-Portugal-1.jpg\" \/>\n\t<meta property=\"og:image:width\" content=\"1024\" \/>\n\t<meta property=\"og:image:height\" content=\"576\" \/>\n\t<meta property=\"og:image:type\" content=\"image\/jpeg\" \/>\n<meta name=\"author\" content=\"admin_bnz\" \/>\n<meta name=\"twitter:card\" content=\"summary_large_image\" \/>\n<meta name=\"twitter:label1\" content=\"Escrit per\" \/>\n\t<meta name=\"twitter:data1\" content=\"admin_bnz\" \/>\n\t<meta name=\"twitter:label2\" content=\"Temps estimat de lectura\" \/>\n\t<meta name=\"twitter:data2\" content=\"1 minut\" \/>\n<script type=\"application\/ld+json\" class=\"yoast-schema-graph\">{\"@context\":\"https:\/\/schema.org\",\"@graph\":[{\"@type\":\"Article\",\"@id\":\"https:\/\/www.bnz.energy\/bnz-backs-its-first-social-project-in-portugal\/#article\",\"isPartOf\":{\"@id\":\"https:\/\/www.bnz.energy\/bnz-backs-its-first-social-project-in-portugal\/\"},\"author\":{\"name\":\"admin_bnz\",\"@id\":\"https:\/\/www.bnz.energy\/#\/schema\/person\/e358b3214b1b4a9b443d49305c239bbe\"},\"headline\":\"BNZ recolza el seu primer projecte social a Portugal\",\"datePublished\":\"2022-03-04T09:24:03+00:00\",\"dateModified\":\"2025-02-17T12:29:01+00:00\",\"mainEntityOfPage\":{\"@id\":\"https:\/\/www.bnz.energy\/bnz-backs-its-first-social-project-in-portugal\/\"},\"wordCount\":539,\"publisher\":{\"@id\":\"https:\/\/www.bnz.energy\/#organization\"},\"image\":{\"@id\":\"https:\/\/www.bnz.energy\/bnz-backs-its-first-social-project-in-portugal\/#primaryimage\"},\"thumbnailUrl\":\"https:\/\/www.bnz.energy\/wp-content\/uploads\/2022\/03\/PRESS-ROOM_2022_2_MARCH_BNZ-backs-its-first-social-project-in-Portugal-1.jpg\",\"articleSection\":[\"Aparici\u00f3 als mitjans\",\"Notes de premsa\"],\"inLanguage\":\"ca\"},{\"@type\":\"WebPage\",\"@id\":\"https:\/\/www.bnz.energy\/bnz-backs-its-first-social-project-in-portugal\/\",\"url\":\"https:\/\/www.bnz.energy\/bnz-backs-its-first-social-project-in-portugal\/\",\"name\":\"BNZ recolza el seu primer projecte social a Portugal - BNZ\",\"isPartOf\":{\"@id\":\"https:\/\/www.bnz.energy\/#website\"},\"primaryImageOfPage\":{\"@id\":\"https:\/\/www.bnz.energy\/bnz-backs-its-first-social-project-in-portugal\/#primaryimage\"},\"image\":{\"@id\":\"https:\/\/www.bnz.energy\/bnz-backs-its-first-social-project-in-portugal\/#primaryimage\"},\"thumbnailUrl\":\"https:\/\/www.bnz.energy\/wp-content\/uploads\/2022\/03\/PRESS-ROOM_2022_2_MARCH_BNZ-backs-its-first-social-project-in-Portugal-1.jpg\",\"datePublished\":\"2022-03-04T09:24:03+00:00\",\"dateModified\":\"2025-02-17T12:29:01+00:00\",\"breadcrumb\":{\"@id\":\"https:\/\/www.bnz.energy\/bnz-backs-its-first-social-project-in-portugal\/#breadcrumb\"},\"inLanguage\":\"ca\",\"potentialAction\":[{\"@type\":\"ReadAction\",\"target\":[\"https:\/\/www.bnz.energy\/bnz-backs-its-first-social-project-in-portugal\/\"]}]},{\"@type\":\"ImageObject\",\"inLanguage\":\"ca\",\"@id\":\"https:\/\/www.bnz.energy\/bnz-backs-its-first-social-project-in-portugal\/#primaryimage\",\"url\":\"https:\/\/www.bnz.energy\/wp-content\/uploads\/2022\/03\/PRESS-ROOM_2022_2_MARCH_BNZ-backs-its-first-social-project-in-Portugal-1.jpg\",\"contentUrl\":\"https:\/\/www.bnz.energy\/wp-content\/uploads\/2022\/03\/PRESS-ROOM_2022_2_MARCH_BNZ-backs-its-first-social-project-in-Portugal-1.jpg\",\"width\":1024,\"height\":576},{\"@type\":\"BreadcrumbList\",\"@id\":\"https:\/\/www.bnz.energy\/bnz-backs-its-first-social-project-in-portugal\/#breadcrumb\",\"itemListElement\":[{\"@type\":\"ListItem\",\"position\":1,\"name\":\"Home\",\"item\":\"https:\/\/www.bnz.energy\/ca\/\"},{\"@type\":\"ListItem\",\"position\":2,\"name\":\"BNZ recolza el seu primer projecte social a Portugal\"}]},{\"@type\":\"WebSite\",\"@id\":\"https:\/\/www.bnz.energy\/#website\",\"url\":\"https:\/\/www.bnz.energy\/\",\"name\":\"BNZ\",\"description\":\"\",\"publisher\":{\"@id\":\"https:\/\/www.bnz.energy\/#organization\"},\"potentialAction\":[{\"@type\":\"SearchAction\",\"target\":{\"@type\":\"EntryPoint\",\"urlTemplate\":\"https:\/\/www.bnz.energy\/?s={search_term_string}\"},\"query-input\":{\"@type\":\"PropertyValueSpecification\",\"valueRequired\":true,\"valueName\":\"search_term_string\"}}],\"inLanguage\":\"ca\"},{\"@type\":\"Organization\",\"@id\":\"https:\/\/www.bnz.energy\/#organization\",\"name\":\"BNZ\",\"url\":\"https:\/\/www.bnz.energy\/\",\"logo\":{\"@type\":\"ImageObject\",\"inLanguage\":\"ca\",\"@id\":\"https:\/\/www.bnz.energy\/#\/schema\/logo\/image\/\",\"url\":\"https:\/\/www.bnz.energy\/wp-content\/uploads\/2024\/12\/Capa_1.svg\",\"contentUrl\":\"https:\/\/www.bnz.energy\/wp-content\/uploads\/2024\/12\/Capa_1.svg\",\"width\":1,\"height\":1,\"caption\":\"BNZ\"},\"image\":{\"@id\":\"https:\/\/www.bnz.energy\/#\/schema\/logo\/image\/\"},\"sameAs\":[\"https:\/\/www.linkedin.com\/company\/bnetzero\/\"]},{\"@type\":\"Person\",\"@id\":\"https:\/\/www.bnz.energy\/#\/schema\/person\/e358b3214b1b4a9b443d49305c239bbe\",\"name\":\"admin_bnz\",\"image\":{\"@type\":\"ImageObject\",\"inLanguage\":\"ca\",\"@id\":\"https:\/\/www.bnz.energy\/#\/schema\/person\/image\/\",\"url\":\"https:\/\/secure.gravatar.com\/avatar\/cc90964e5c0de17136af9d9d3171efa5c21c920531a6aaa763a62c13f62ec30a?s=96&d=mm&r=g\",\"contentUrl\":\"https:\/\/secure.gravatar.com\/avatar\/cc90964e5c0de17136af9d9d3171efa5c21c920531a6aaa763a62c13f62ec30a?s=96&d=mm&r=g\",\"caption\":\"admin_bnz\"},\"sameAs\":[\"https:\/\/www.bnz.energy\"],\"url\":\"https:\/\/www.bnz.energy\/ca\/author\/admin_bnz\/\"}]}<\/script>\n<!-- \/ Yoast SEO plugin. -->","yoast_head_json":{"title":"BNZ recolza el seu primer projecte social a Portugal - BNZ","robots":{"index":"index","follow":"follow","max-snippet":"max-snippet:-1","max-image-preview":"max-image-preview:large","max-video-preview":"max-video-preview:-1"},"canonical":"https:\/\/www.bnz.energy\/bnz-backs-its-first-social-project-in-portugal\/","og_locale":"ca_ES","og_type":"article","og_title":"BNZ recolza el seu primer projecte social a Portugal - BNZ","og_description":"BNZ, un productor independent d&#8217;energia (IPP), suma el seu suport al projecte social recolzat per PT2020 \u201cCuidar Maior\u201d, al municipi de Vila Nova de Familic\u00e3o, a la regi\u00f3 nord de Portugal. Moltes fam\u00edlies a la comunitat tenen cura de membres amb necessitats especials, des de dem\u00e8ncia o alzheimer fins a problemes motors o psicomotors, sovint [&hellip;]","og_url":"https:\/\/www.bnz.energy\/bnz-backs-its-first-social-project-in-portugal\/","og_site_name":"BNZ","article_published_time":"2022-03-04T09:24:03+00:00","article_modified_time":"2025-02-17T12:29:01+00:00","og_image":[{"width":1024,"height":576,"url":"https:\/\/www.bnz.energy\/wp-content\/uploads\/2022\/03\/PRESS-ROOM_2022_2_MARCH_BNZ-backs-its-first-social-project-in-Portugal-1.jpg","type":"image\/jpeg"}],"author":"admin_bnz","twitter_card":"summary_large_image","twitter_misc":{"Escrit per":"admin_bnz","Temps estimat de lectura":"1 minut"},"schema":{"@context":"https:\/\/schema.org","@graph":[{"@type":"Article","@id":"https:\/\/www.bnz.energy\/bnz-backs-its-first-social-project-in-portugal\/#article","isPartOf":{"@id":"https:\/\/www.bnz.energy\/bnz-backs-its-first-social-project-in-portugal\/"},"author":{"name":"admin_bnz","@id":"https:\/\/www.bnz.energy\/#\/schema\/person\/e358b3214b1b4a9b443d49305c239bbe"},"headline":"BNZ recolza el seu primer projecte social a Portugal","datePublished":"2022-03-04T09:24:03+00:00","dateModified":"2025-02-17T12:29:01+00:00","mainEntityOfPage":{"@id":"https:\/\/www.bnz.energy\/bnz-backs-its-first-social-project-in-portugal\/"},"wordCount":539,"publisher":{"@id":"https:\/\/www.bnz.energy\/#organization"},"image":{"@id":"https:\/\/www.bnz.energy\/bnz-backs-its-first-social-project-in-portugal\/#primaryimage"},"thumbnailUrl":"https:\/\/www.bnz.energy\/wp-content\/uploads\/2022\/03\/PRESS-ROOM_2022_2_MARCH_BNZ-backs-its-first-social-project-in-Portugal-1.jpg","articleSection":["Aparici\u00f3 als mitjans","Notes de premsa"],"inLanguage":"ca"},{"@type":"WebPage","@id":"https:\/\/www.bnz.energy\/bnz-backs-its-first-social-project-in-portugal\/","url":"https:\/\/www.bnz.energy\/bnz-backs-its-first-social-project-in-portugal\/","name":"BNZ recolza el seu primer projecte social a Portugal - BNZ","isPartOf":{"@id":"https:\/\/www.bnz.energy\/#website"},"primaryImageOfPage":{"@id":"https:\/\/www.bnz.energy\/bnz-backs-its-first-social-project-in-portugal\/#primaryimage"},"image":{"@id":"https:\/\/www.bnz.energy\/bnz-backs-its-first-social-project-in-portugal\/#primaryimage"},"thumbnailUrl":"https:\/\/www.bnz.energy\/wp-content\/uploads\/2022\/03\/PRESS-ROOM_2022_2_MARCH_BNZ-backs-its-first-social-project-in-Portugal-1.jpg","datePublished":"2022-03-04T09:24:03+00:00","dateModified":"2025-02-17T12:29:01+00:00","breadcrumb":{"@id":"https:\/\/www.bnz.energy\/bnz-backs-its-first-social-project-in-portugal\/#breadcrumb"},"inLanguage":"ca","potentialAction":[{"@type":"ReadAction","target":["https:\/\/www.bnz.energy\/bnz-backs-its-first-social-project-in-portugal\/"]}]},{"@type":"ImageObject","inLanguage":"ca","@id":"https:\/\/www.bnz.energy\/bnz-backs-its-first-social-project-in-portugal\/#primaryimage","url":"https:\/\/www.bnz.energy\/wp-content\/uploads\/2022\/03\/PRESS-ROOM_2022_2_MARCH_BNZ-backs-its-first-social-project-in-Portugal-1.jpg","contentUrl":"https:\/\/www.bnz.energy\/wp-content\/uploads\/2022\/03\/PRESS-ROOM_2022_2_MARCH_BNZ-backs-its-first-social-project-in-Portugal-1.jpg","width":1024,"height":576},{"@type":"BreadcrumbList","@id":"https:\/\/www.bnz.energy\/bnz-backs-its-first-social-project-in-portugal\/#breadcrumb","itemListElement":[{"@type":"ListItem","position":1,"name":"Home","item":"https:\/\/www.bnz.energy\/ca\/"},{"@type":"ListItem","position":2,"name":"BNZ recolza el seu primer projecte social a Portugal"}]},{"@type":"WebSite","@id":"https:\/\/www.bnz.energy\/#website","url":"https:\/\/www.bnz.energy\/","name":"BNZ","description":"","publisher":{"@id":"https:\/\/www.bnz.energy\/#organization"},"potentialAction":[{"@type":"SearchAction","target":{"@type":"EntryPoint","urlTemplate":"https:\/\/www.bnz.energy\/?s={search_term_string}"},"query-input":{"@type":"PropertyValueSpecification","valueRequired":true,"valueName":"search_term_string"}}],"inLanguage":"ca"},{"@type":"Organization","@id":"https:\/\/www.bnz.energy\/#organization","name":"BNZ","url":"https:\/\/www.bnz.energy\/","logo":{"@type":"ImageObject","inLanguage":"ca","@id":"https:\/\/www.bnz.energy\/#\/schema\/logo\/image\/","url":"https:\/\/www.bnz.energy\/wp-content\/uploads\/2024\/12\/Capa_1.svg","contentUrl":"https:\/\/www.bnz.energy\/wp-content\/uploads\/2024\/12\/Capa_1.svg","width":1,"height":1,"caption":"BNZ"},"image":{"@id":"https:\/\/www.bnz.energy\/#\/schema\/logo\/image\/"},"sameAs":["https:\/\/www.linkedin.com\/company\/bnetzero\/"]},{"@type":"Person","@id":"https:\/\/www.bnz.energy\/#\/schema\/person\/e358b3214b1b4a9b443d49305c239bbe","name":"admin_bnz","image":{"@type":"ImageObject","inLanguage":"ca","@id":"https:\/\/www.bnz.energy\/#\/schema\/person\/image\/","url":"https:\/\/secure.gravatar.com\/avatar\/cc90964e5c0de17136af9d9d3171efa5c21c920531a6aaa763a62c13f62ec30a?s=96&d=mm&r=g","contentUrl":"https:\/\/secure.gravatar.com\/avatar\/cc90964e5c0de17136af9d9d3171efa5c21c920531a6aaa763a62c13f62ec30a?s=96&d=mm&r=g","caption":"admin_bnz"},"sameAs":["https:\/\/www.bnz.energy"],"url":"https:\/\/www.bnz.energy\/ca\/author\/admin_bnz\/"}]}},"_links":{"self":[{"href":"https:\/\/www.bnz.energy\/ca\/wp-json\/wp\/v2\/posts\/1694","targetHints":{"allow":["GET"]}}],"collection":[{"href":"https:\/\/www.bnz.energy\/ca\/wp-json\/wp\/v2\/posts"}],"about":[{"href":"https:\/\/www.bnz.energy\/ca\/wp-json\/wp\/v2\/types\/post"}],"author":[{"embeddable":true,"href":"https:\/\/www.bnz.energy\/ca\/wp-json\/wp\/v2\/users\/1"}],"replies":[{"embeddable":true,"href":"https:\/\/www.bnz.energy\/ca\/wp-json\/wp\/v2\/comments?post=1694"}],"version-history":[{"count":1,"href":"https:\/\/www.bnz.energy\/ca\/wp-json\/wp\/v2\/posts\/1694\/revisions"}],"predecessor-version":[{"id":7025,"href":"https:\/\/www.bnz.energy\/ca\/wp-json\/wp\/v2\/posts\/1694\/revisions\/7025"}],"wp:featuredmedia":[{"embeddable":true,"href":"https:\/\/www.bnz.energy\/ca\/wp-json\/wp\/v2\/media\/4606"}],"wp:attachment":[{"href":"https:\/\/www.bnz.energy\/ca\/wp-json\/wp\/v2\/media?parent=1694"}],"wp:term":[{"taxonomy":"category","embeddable":true,"href":"https:\/\/www.bnz.energy\/ca\/wp-json\/wp\/v2\/categories?post=1694"},{"taxonomy":"post_tag","embeddable":true,"href":"https:\/\/www.bnz.energy\/ca\/wp-json\/wp\/v2\/tags?post=1694"}],"curies":[{"name":"wp","href":"https:\/\/api.w.org\/{rel}","templated":true}]}}