{"id":1447,"date":"2022-06-29T13:09:33","date_gmt":"2022-06-29T13:09:33","guid":{"rendered":"https:\/\/www.bnz.energy\/?p=1447"},"modified":"2025-02-17T12:20:44","modified_gmt":"2025-02-17T12:20:44","slug":"llums-i-ombres-de-les-conclusions-de-lipcc-per-al-sud-deuropa","status":"publish","type":"post","link":"https:\/\/www.bnz.energy\/ca\/llums-i-ombres-de-les-conclusions-de-lipcc-per-al-sud-deuropa\/","title":{"rendered":"Llums i ombres de les conclusions de l&#8217;IPCC per al Sud d&#8217;Europa"},"content":{"rendered":"<p><em>Luis Selva, Director General de BNZ, analitza l&#8217;\u00faltim informe del Panell Intergovernamental sobre el Canvi Clim\u00e0tic (IPCC), que s&#8217;ha publicat en castell\u00e0 a <a href=\"https:\/\/revistas.eleconomista.es\/energia\/2022\/junio\/luces-y-sombras-de-las-conclusiones-del-ipcc-para-el-sur-de-europa-MG11533861\">El Economista<\/a>.<\/em><\/p>\n<p>\u201c\u00c9s ara o mai, si volem limitar l&#8217;escalfament global a 1,5 \u00b0C. Sense reduccions immediates i profundes de les emissions en tots els sectors, ser\u00e0 impossible\u201d, va dir Jim Skea, copresident del Grup de Treball III de l&#8217;IPCC, que va publicar l&#8217;\u00faltim informe. El greu advertiment de l&#8217;\u00faltim informe d&#8217;aquest \u00f2rgan de les Nacions Unides ha intensificat el debat sobre la capacitat de maniobra que t\u00e9 la Humanitat per a revertir els efectes del canvi clim\u00e0tic global.<\/p>\n<p>Tot aix\u00f2 en un context on cada vegada m\u00e9s proves que la degradaci\u00f3 i la destrucci\u00f3 dels ecosistemes per part dels \u00e9ssers humans augmenta la vulnerabilitat de les persones. El motiu? L&#8217;\u00fas insostenible de la terra, dels recursos naturals, la desforestaci\u00f3, la p\u00e8rdua de biodiversitat i la contaminaci\u00f3. Aquests canvis permanents i greus que s&#8217;estan produint en la biodiversitat afecten negativament la capacitat dels ecosistemes, les societats, les comunitats i els individus per a adaptar-se al canvi clim\u00e0tic.<\/p>\n<p>I, segons l&#8217;informe, la p\u00e8rdua d&#8217;ecosistemes i dels seus serveis t\u00e9 impactes en cascada i a llarg termini sobre les persones a nivell mundial, especialment per als pobles ind\u00edgenes i les comunitats locals que depenen directament dels ecosistemes per a satisfer les seves necessitats b\u00e0siques. Quins canvis irreversibles volem deixar a les futures generacions?<\/p>\n<p>Davant aquest escenari, un dels vectors clau per a aquesta lluita contra el canvi clim\u00e0tic \u00e9s avan\u00e7ar amb la m\u00e0xima ambici\u00f3 en el foment de les energies renovables. De fet, el propi IPCC destaca en el seu \u00faltim informe que la generaci\u00f3 verda \u00e9s un dels motius d&#8217;optimisme en el moment actual, en aplaudir la disminuci\u00f3 significativa en el cost de les fonts d&#8217;energia renovable des de 2010, fins a un 85 per cent per a l&#8217;energia solar i e\u00f2lica, i les bateries.<\/p>\n<p>Els pa\u00efsos del Sud d&#8217;Europa disposen d&#8217;un potencial geogr\u00e0fic i econ\u00f2mic enorme per a contribuir a aquest salt en la generaci\u00f3 d&#8217;energies renovables, especialment referent a solar fotovoltaica, que el Vell Continent ha d&#8217;aportar al conjunt mundial. Amb tot, pa\u00efsos amb una gran capacitat latent de desenvolupament d&#8217;aquestes tecnologies, com s\u00f3n It\u00e0lia, Espanya i Portugal, no apareixen en les primeres posicions del \u201cGreen Future Index 2022\u201d publicat per l&#8217;Institut Tecnol\u00f2gic de Massachusetts (MIT), que classifica a 76 pa\u00efsos per la seva preparaci\u00f3 per a avan\u00e7ar cap a un futur baix en carboni.<\/p>\n<p><img loading=\"lazy\" decoding=\"async\" class=\"alignnone wp-image-1430 size-full\" src=\"https:\/\/www.bnz.energy\/wp-content\/uploads\/2022\/10\/grafico-bnz.png\" alt=\"\" width=\"1019\" height=\"308\" \/><\/p>\n<p><strong>\u201cEl moment per a actuar \u00e9s ara\u201d<\/strong><\/p>\n<p>\u201cLes proves s\u00f3n clares: el moment per a actuar \u00e9s ara. Podem reduir les emissions a la meitat per a 2030\u201d, apunta l&#8217;IPCC en una de les primeres frases, a manera d&#8217;advertiment sobre el moment l\u00edmit que estem vivint. El mitj\u00e0 amb major possibilitat d&#8217;aconseguir aquest objectiu d&#8217;accelerar la transici\u00f3 energ\u00e8tica, segons l&#8217;informe, \u00e9s precisament un \u00fas m\u00e9s intensiu de les energies renovables.<\/p>\n<p>L&#8217;IPCC est\u00e0 basat en m\u00e9s de 18.000 publicacions cient\u00edfiques i el seu principal objectiu \u00e9s llan\u00e7ar llum sobre com s&#8217;ha d&#8217;actuar per a aconseguir els objectius clim\u00e0tics i quines s\u00f3n les principals problem\u00e0tiques. El recent tercer lliurament del Sis\u00e8 Informe d&#8217;Avaluaci\u00f3 de l&#8217;IPCC s&#8217;enfoca principalment en la mitigaci\u00f3 del canvi clim\u00e0tic. I aqu\u00ed \u00e9s on s&#8217;identifiquen cinc aspectes clau: l&#8217;\u00fas de combustibles f\u00f2ssils, la producci\u00f3 de met\u00e0 i de CO\u2082, la ramaderia i la transici\u00f3 a ciutats m\u00e9s verdes.<\/p>\n<p>Encara que tots els punts s\u00f3n imprescindibles per a la lluita contra el canvi clim\u00e0tic, el que t\u00e9 a veure amb l&#8217;energia com a tal, l&#8217;\u00fas de combustibles f\u00f2ssils, \u00e9s potser el de major import\u00e0ncia per la quantitat d&#8217;emissions de carboni que s&#8217;alliberen any rere any. En aquest sentit, en relaci\u00f3 a les fonts d&#8217;energia, l&#8217;informe indica que la generaci\u00f3 solar fotovoltaica es va multiplicar gaireb\u00e9 per tres fins a aconseguir els 680TWh en el per\u00edode 2015-2019, mentre que l&#8217;e\u00f2lica i la solar combinades van representar el 8% de la generaci\u00f3 total d&#8217;electricitat en 2019. Aquests percentatges creixeran indubtablement, i l&#8217;informe de l&#8217;IPCC assenyala la seva confian\u00e7a que la incorporaci\u00f3 d&#8217;una gran part de generaci\u00f3 variable es mitigar\u00e0 a trav\u00e9s de diverses tecnologies d&#8217;emmagatzematge d&#8217;energia, sistemes de transmissi\u00f3, tecnologies de resposta a la demanda i altres solucions que ja estan demostrades.<\/p>\n<p>El sector solar, concretament, ja ha certificat el que \u00e9s capa\u00e7 de fer, i est\u00e0 preparat per a desplegar les enormes quantitats d&#8217;energia neta necess\u00e0ria per a descarbonizar el sector energ\u00e8tic. El que fa falta \u00e9s una planificaci\u00f3 i els permisos per a modernitzar les xarxes el\u00e8ctriques, aix\u00ed com augmentar i descentralitzar l&#8217;ecosistema de generaci\u00f3 d&#8217;energia fotovoltaica. D&#8217;aquesta manera, eliminant obstacles, l&#8217;energia solar fotovoltaica podr\u00e0 exercir el seu paper protagonista en aquesta d\u00e8cada.<\/p>\n<p>Aquesta mateixa energia \u00e9s la que pot eliminar 4.250 milions de tones d&#8217;emissions de carboni durant aquesta d\u00e8cada. Malgrat aix\u00f2, les mesures proposades pels governs fins ara estan molt lluny del necessari, ja que els fluxos de capital cap als combustibles f\u00f2ssils continuen sent majors que els diners destinats a la lluita contra el canvi clim\u00e0tic.<\/p>\n<p>Per aix\u00f2 \u00e9s important remarcar les dificultats que es troben a nivell administratiu i jur\u00eddic per a avan\u00e7ar en la tramitaci\u00f3 de projectes. I \u00e9s que la zona Mediterr\u00e0nia \u00e9s un territori molt ric a nivell d&#8217;energia i d&#8217;infraestructures, per\u00f2 per a aconseguir aquest potencial absolut hem de simplificar i accelerar els tr\u00e0mits administratius. Si aconseguim fer-ho de forma m\u00e9s \u00e0gil, no hi ha dubte que podrem aconseguir els targets tan ambiciosos que tenim.<\/p>\n<p><strong>El paper dels pa\u00efsos del Sud d&#8217;Europa<\/strong><\/p>\n<p>Si tornem a observar el Green Future Index, podem albirar que Espanya, It\u00e0lia i Portugal estan entre els pa\u00efsos que m\u00e9s ascendeixen en el r\u00e0nquing, amb Espanya en la posici\u00f3 13, It\u00e0lia en la 17 i Portugal en la 18, gr\u00e0cies a la instal\u00b7laci\u00f3 de les renovables i tamb\u00e9 pel tancament de diverses centrals de carb\u00f3. A m\u00e9s, en el cas d&#8217;Espanya, \u00e9s important destacar que es troba en la sisena posici\u00f3 en relaci\u00f3 amb la pol\u00edtica clim\u00e0tica, on es tenen en compte conceptes com l&#8217;agricultura sostenible i els impostos al carb\u00f3, entre altres.<\/p>\n<p>Per aquest motiu, la regulaci\u00f3 i l&#8217;aposta per un gran desenvolupament d&#8217;energies renovables \u00e9s un dels principals drivers d&#8217;aquest necessari canvi, per\u00f2 tamb\u00e9 ho \u00e9s la capacitat d&#8217;adaptabilitat i l&#8217;impuls empresarial i ciutad\u00e0. Des de la instal\u00b7laci\u00f3 de plaques fotovoltaiques d&#8217;autoconsum en els edificis fins al desenvolupament de grans parcs solars per a proveir a la ind\u00fastria i a centenars de grans ciutats.<\/p>\n<p>En aquest context, la generaci\u00f3 d&#8217;energia neta per part de IPP com BNZ resulta imprescindible per a aconseguir els objectius fixats de mantenir l&#8217;escalfament global en 1,5 graus per a 2050. Com va dir el mateix president de l&#8217;IPCC, Hoesung Lee, en la presentaci\u00f3 del document: &#8220;Ens trobem en una cru\u00eflla. Les decisions que prenguem ara poden assegurar un futur habitable. Tenim les eines i els coneixements necessaris per a limitar l&#8217;escalfament\u201d.<\/p>\n","protected":false},"excerpt":{"rendered":"<p>Luis Selva, Director General de BNZ, analitza l&#8217;\u00faltim informe del Panell Intergovernamental sobre el Canvi Clim\u00e0tic (IPCC), que s&#8217;ha publicat en castell\u00e0 a El Economista. \u201c\u00c9s ara o mai, si volem limitar l&#8217;escalfament global a 1,5 \u00b0C. Sense reduccions immediates i profundes de les emissions en tots els sectors, ser\u00e0 impossible\u201d, va dir Jim Skea, [&hellip;]<\/p>\n","protected":false},"author":1,"featured_media":7576,"comment_status":"closed","ping_status":"closed","sticky":false,"template":"","format":"standard","meta":{"_acf_changed":false,"_et_pb_use_builder":"","_et_pb_old_content":"","_et_gb_content_width":"","footnotes":""},"categories":[55,63],"tags":[],"class_list":["post-1447","post","type-post","status-publish","format-standard","has-post-thumbnail","hentry","category-notes-de-premsa","category-sostenibilitat"],"acf":[],"yoast_head":"<!-- This site is optimized with the Yoast SEO plugin v26.6 - https:\/\/yoast.com\/wordpress\/plugins\/seo\/ -->\n<title>Llums i ombres de les conclusions de l&#039;IPCC per al Sud d&#039;Europa - BNZ<\/title>\n<meta name=\"robots\" content=\"index, follow, max-snippet:-1, max-image-preview:large, max-video-preview:-1\" \/>\n<link rel=\"canonical\" href=\"https:\/\/www.bnz.energy\/ca\/llums-i-ombres-de-les-conclusions-de-lipcc-per-al-sud-deuropa\/\" \/>\n<meta property=\"og:locale\" content=\"ca_ES\" \/>\n<meta property=\"og:type\" content=\"article\" \/>\n<meta property=\"og:title\" content=\"Llums i ombres de les conclusions de l&#039;IPCC per al Sud d&#039;Europa - BNZ\" \/>\n<meta property=\"og:description\" content=\"Luis Selva, Director General de BNZ, analitza l&#8217;\u00faltim informe del Panell Intergovernamental sobre el Canvi Clim\u00e0tic (IPCC), que s&#8217;ha publicat en castell\u00e0 a El Economista. \u201c\u00c9s ara o mai, si volem limitar l&#8217;escalfament global a 1,5 \u00b0C. Sense reduccions immediates i profundes de les emissions en tots els sectors, ser\u00e0 impossible\u201d, va dir Jim Skea, [&hellip;]\" \/>\n<meta property=\"og:url\" content=\"https:\/\/www.bnz.energy\/ca\/llums-i-ombres-de-les-conclusions-de-lipcc-per-al-sud-deuropa\/\" \/>\n<meta property=\"og:site_name\" content=\"BNZ\" \/>\n<meta property=\"article:published_time\" content=\"2022-06-29T13:09:33+00:00\" \/>\n<meta property=\"article:modified_time\" content=\"2025-02-17T12:20:44+00:00\" \/>\n<meta property=\"og:image\" content=\"https:\/\/www.bnz.energy\/wp-content\/uploads\/2022\/06\/dry-g38a356388_1920.jpg\" \/>\n\t<meta property=\"og:image:width\" content=\"1920\" \/>\n\t<meta property=\"og:image:height\" content=\"1280\" \/>\n\t<meta property=\"og:image:type\" content=\"image\/jpeg\" \/>\n<meta name=\"author\" content=\"admin_bnz\" \/>\n<meta name=\"twitter:card\" content=\"summary_large_image\" \/>\n<meta name=\"twitter:label1\" content=\"Escrit per\" \/>\n\t<meta name=\"twitter:data1\" content=\"admin_bnz\" \/>\n\t<meta name=\"twitter:label2\" content=\"Temps estimat de lectura\" \/>\n\t<meta name=\"twitter:data2\" content=\"6 minuts\" \/>\n<script type=\"application\/ld+json\" class=\"yoast-schema-graph\">{\"@context\":\"https:\/\/schema.org\",\"@graph\":[{\"@type\":\"Article\",\"@id\":\"https:\/\/www.bnz.energy\/ca\/llums-i-ombres-de-les-conclusions-de-lipcc-per-al-sud-deuropa\/#article\",\"isPartOf\":{\"@id\":\"https:\/\/www.bnz.energy\/ca\/llums-i-ombres-de-les-conclusions-de-lipcc-per-al-sud-deuropa\/\"},\"author\":{\"name\":\"admin_bnz\",\"@id\":\"https:\/\/www.bnz.energy\/#\/schema\/person\/e358b3214b1b4a9b443d49305c239bbe\"},\"headline\":\"Llums i ombres de les conclusions de l&#8217;IPCC per al Sud d&#8217;Europa\",\"datePublished\":\"2022-06-29T13:09:33+00:00\",\"dateModified\":\"2025-02-17T12:20:44+00:00\",\"mainEntityOfPage\":{\"@id\":\"https:\/\/www.bnz.energy\/ca\/llums-i-ombres-de-les-conclusions-de-lipcc-per-al-sud-deuropa\/\"},\"wordCount\":1272,\"publisher\":{\"@id\":\"https:\/\/www.bnz.energy\/#organization\"},\"image\":{\"@id\":\"https:\/\/www.bnz.energy\/ca\/llums-i-ombres-de-les-conclusions-de-lipcc-per-al-sud-deuropa\/#primaryimage\"},\"thumbnailUrl\":\"https:\/\/www.bnz.energy\/wp-content\/uploads\/2022\/06\/dry-g38a356388_1920.jpg\",\"articleSection\":[\"Notes de premsa\",\"Sostenibilitat\"],\"inLanguage\":\"ca\"},{\"@type\":\"WebPage\",\"@id\":\"https:\/\/www.bnz.energy\/ca\/llums-i-ombres-de-les-conclusions-de-lipcc-per-al-sud-deuropa\/\",\"url\":\"https:\/\/www.bnz.energy\/ca\/llums-i-ombres-de-les-conclusions-de-lipcc-per-al-sud-deuropa\/\",\"name\":\"Llums i ombres de les conclusions de l'IPCC per al Sud d'Europa - BNZ\",\"isPartOf\":{\"@id\":\"https:\/\/www.bnz.energy\/#website\"},\"primaryImageOfPage\":{\"@id\":\"https:\/\/www.bnz.energy\/ca\/llums-i-ombres-de-les-conclusions-de-lipcc-per-al-sud-deuropa\/#primaryimage\"},\"image\":{\"@id\":\"https:\/\/www.bnz.energy\/ca\/llums-i-ombres-de-les-conclusions-de-lipcc-per-al-sud-deuropa\/#primaryimage\"},\"thumbnailUrl\":\"https:\/\/www.bnz.energy\/wp-content\/uploads\/2022\/06\/dry-g38a356388_1920.jpg\",\"datePublished\":\"2022-06-29T13:09:33+00:00\",\"dateModified\":\"2025-02-17T12:20:44+00:00\",\"breadcrumb\":{\"@id\":\"https:\/\/www.bnz.energy\/ca\/llums-i-ombres-de-les-conclusions-de-lipcc-per-al-sud-deuropa\/#breadcrumb\"},\"inLanguage\":\"ca\",\"potentialAction\":[{\"@type\":\"ReadAction\",\"target\":[\"https:\/\/www.bnz.energy\/ca\/llums-i-ombres-de-les-conclusions-de-lipcc-per-al-sud-deuropa\/\"]}]},{\"@type\":\"ImageObject\",\"inLanguage\":\"ca\",\"@id\":\"https:\/\/www.bnz.energy\/ca\/llums-i-ombres-de-les-conclusions-de-lipcc-per-al-sud-deuropa\/#primaryimage\",\"url\":\"https:\/\/www.bnz.energy\/wp-content\/uploads\/2022\/06\/dry-g38a356388_1920.jpg\",\"contentUrl\":\"https:\/\/www.bnz.energy\/wp-content\/uploads\/2022\/06\/dry-g38a356388_1920.jpg\",\"width\":1920,\"height\":1280},{\"@type\":\"BreadcrumbList\",\"@id\":\"https:\/\/www.bnz.energy\/ca\/llums-i-ombres-de-les-conclusions-de-lipcc-per-al-sud-deuropa\/#breadcrumb\",\"itemListElement\":[{\"@type\":\"ListItem\",\"position\":1,\"name\":\"Home\",\"item\":\"https:\/\/www.bnz.energy\/ca\/\"},{\"@type\":\"ListItem\",\"position\":2,\"name\":\"Llums i ombres de les conclusions de l&#8217;IPCC per al Sud d&#8217;Europa\"}]},{\"@type\":\"WebSite\",\"@id\":\"https:\/\/www.bnz.energy\/#website\",\"url\":\"https:\/\/www.bnz.energy\/\",\"name\":\"BNZ\",\"description\":\"\",\"publisher\":{\"@id\":\"https:\/\/www.bnz.energy\/#organization\"},\"potentialAction\":[{\"@type\":\"SearchAction\",\"target\":{\"@type\":\"EntryPoint\",\"urlTemplate\":\"https:\/\/www.bnz.energy\/?s={search_term_string}\"},\"query-input\":{\"@type\":\"PropertyValueSpecification\",\"valueRequired\":true,\"valueName\":\"search_term_string\"}}],\"inLanguage\":\"ca\"},{\"@type\":\"Organization\",\"@id\":\"https:\/\/www.bnz.energy\/#organization\",\"name\":\"BNZ\",\"url\":\"https:\/\/www.bnz.energy\/\",\"logo\":{\"@type\":\"ImageObject\",\"inLanguage\":\"ca\",\"@id\":\"https:\/\/www.bnz.energy\/#\/schema\/logo\/image\/\",\"url\":\"https:\/\/www.bnz.energy\/wp-content\/uploads\/2024\/12\/Capa_1.svg\",\"contentUrl\":\"https:\/\/www.bnz.energy\/wp-content\/uploads\/2024\/12\/Capa_1.svg\",\"width\":1,\"height\":1,\"caption\":\"BNZ\"},\"image\":{\"@id\":\"https:\/\/www.bnz.energy\/#\/schema\/logo\/image\/\"},\"sameAs\":[\"https:\/\/www.linkedin.com\/company\/bnetzero\/\"]},{\"@type\":\"Person\",\"@id\":\"https:\/\/www.bnz.energy\/#\/schema\/person\/e358b3214b1b4a9b443d49305c239bbe\",\"name\":\"admin_bnz\",\"image\":{\"@type\":\"ImageObject\",\"inLanguage\":\"ca\",\"@id\":\"https:\/\/www.bnz.energy\/#\/schema\/person\/image\/\",\"url\":\"https:\/\/secure.gravatar.com\/avatar\/cc90964e5c0de17136af9d9d3171efa5c21c920531a6aaa763a62c13f62ec30a?s=96&d=mm&r=g\",\"contentUrl\":\"https:\/\/secure.gravatar.com\/avatar\/cc90964e5c0de17136af9d9d3171efa5c21c920531a6aaa763a62c13f62ec30a?s=96&d=mm&r=g\",\"caption\":\"admin_bnz\"},\"sameAs\":[\"https:\/\/www.bnz.energy\"],\"url\":\"https:\/\/www.bnz.energy\/ca\/author\/admin_bnz\/\"}]}<\/script>\n<!-- \/ Yoast SEO plugin. -->","yoast_head_json":{"title":"Llums i ombres de les conclusions de l'IPCC per al Sud d'Europa - BNZ","robots":{"index":"index","follow":"follow","max-snippet":"max-snippet:-1","max-image-preview":"max-image-preview:large","max-video-preview":"max-video-preview:-1"},"canonical":"https:\/\/www.bnz.energy\/ca\/llums-i-ombres-de-les-conclusions-de-lipcc-per-al-sud-deuropa\/","og_locale":"ca_ES","og_type":"article","og_title":"Llums i ombres de les conclusions de l'IPCC per al Sud d'Europa - BNZ","og_description":"Luis Selva, Director General de BNZ, analitza l&#8217;\u00faltim informe del Panell Intergovernamental sobre el Canvi Clim\u00e0tic (IPCC), que s&#8217;ha publicat en castell\u00e0 a El Economista. \u201c\u00c9s ara o mai, si volem limitar l&#8217;escalfament global a 1,5 \u00b0C. Sense reduccions immediates i profundes de les emissions en tots els sectors, ser\u00e0 impossible\u201d, va dir Jim Skea, [&hellip;]","og_url":"https:\/\/www.bnz.energy\/ca\/llums-i-ombres-de-les-conclusions-de-lipcc-per-al-sud-deuropa\/","og_site_name":"BNZ","article_published_time":"2022-06-29T13:09:33+00:00","article_modified_time":"2025-02-17T12:20:44+00:00","og_image":[{"width":1920,"height":1280,"url":"https:\/\/www.bnz.energy\/wp-content\/uploads\/2022\/06\/dry-g38a356388_1920.jpg","type":"image\/jpeg"}],"author":"admin_bnz","twitter_card":"summary_large_image","twitter_misc":{"Escrit per":"admin_bnz","Temps estimat de lectura":"6 minuts"},"schema":{"@context":"https:\/\/schema.org","@graph":[{"@type":"Article","@id":"https:\/\/www.bnz.energy\/ca\/llums-i-ombres-de-les-conclusions-de-lipcc-per-al-sud-deuropa\/#article","isPartOf":{"@id":"https:\/\/www.bnz.energy\/ca\/llums-i-ombres-de-les-conclusions-de-lipcc-per-al-sud-deuropa\/"},"author":{"name":"admin_bnz","@id":"https:\/\/www.bnz.energy\/#\/schema\/person\/e358b3214b1b4a9b443d49305c239bbe"},"headline":"Llums i ombres de les conclusions de l&#8217;IPCC per al Sud d&#8217;Europa","datePublished":"2022-06-29T13:09:33+00:00","dateModified":"2025-02-17T12:20:44+00:00","mainEntityOfPage":{"@id":"https:\/\/www.bnz.energy\/ca\/llums-i-ombres-de-les-conclusions-de-lipcc-per-al-sud-deuropa\/"},"wordCount":1272,"publisher":{"@id":"https:\/\/www.bnz.energy\/#organization"},"image":{"@id":"https:\/\/www.bnz.energy\/ca\/llums-i-ombres-de-les-conclusions-de-lipcc-per-al-sud-deuropa\/#primaryimage"},"thumbnailUrl":"https:\/\/www.bnz.energy\/wp-content\/uploads\/2022\/06\/dry-g38a356388_1920.jpg","articleSection":["Notes de premsa","Sostenibilitat"],"inLanguage":"ca"},{"@type":"WebPage","@id":"https:\/\/www.bnz.energy\/ca\/llums-i-ombres-de-les-conclusions-de-lipcc-per-al-sud-deuropa\/","url":"https:\/\/www.bnz.energy\/ca\/llums-i-ombres-de-les-conclusions-de-lipcc-per-al-sud-deuropa\/","name":"Llums i ombres de les conclusions de l'IPCC per al Sud d'Europa - BNZ","isPartOf":{"@id":"https:\/\/www.bnz.energy\/#website"},"primaryImageOfPage":{"@id":"https:\/\/www.bnz.energy\/ca\/llums-i-ombres-de-les-conclusions-de-lipcc-per-al-sud-deuropa\/#primaryimage"},"image":{"@id":"https:\/\/www.bnz.energy\/ca\/llums-i-ombres-de-les-conclusions-de-lipcc-per-al-sud-deuropa\/#primaryimage"},"thumbnailUrl":"https:\/\/www.bnz.energy\/wp-content\/uploads\/2022\/06\/dry-g38a356388_1920.jpg","datePublished":"2022-06-29T13:09:33+00:00","dateModified":"2025-02-17T12:20:44+00:00","breadcrumb":{"@id":"https:\/\/www.bnz.energy\/ca\/llums-i-ombres-de-les-conclusions-de-lipcc-per-al-sud-deuropa\/#breadcrumb"},"inLanguage":"ca","potentialAction":[{"@type":"ReadAction","target":["https:\/\/www.bnz.energy\/ca\/llums-i-ombres-de-les-conclusions-de-lipcc-per-al-sud-deuropa\/"]}]},{"@type":"ImageObject","inLanguage":"ca","@id":"https:\/\/www.bnz.energy\/ca\/llums-i-ombres-de-les-conclusions-de-lipcc-per-al-sud-deuropa\/#primaryimage","url":"https:\/\/www.bnz.energy\/wp-content\/uploads\/2022\/06\/dry-g38a356388_1920.jpg","contentUrl":"https:\/\/www.bnz.energy\/wp-content\/uploads\/2022\/06\/dry-g38a356388_1920.jpg","width":1920,"height":1280},{"@type":"BreadcrumbList","@id":"https:\/\/www.bnz.energy\/ca\/llums-i-ombres-de-les-conclusions-de-lipcc-per-al-sud-deuropa\/#breadcrumb","itemListElement":[{"@type":"ListItem","position":1,"name":"Home","item":"https:\/\/www.bnz.energy\/ca\/"},{"@type":"ListItem","position":2,"name":"Llums i ombres de les conclusions de l&#8217;IPCC per al Sud d&#8217;Europa"}]},{"@type":"WebSite","@id":"https:\/\/www.bnz.energy\/#website","url":"https:\/\/www.bnz.energy\/","name":"BNZ","description":"","publisher":{"@id":"https:\/\/www.bnz.energy\/#organization"},"potentialAction":[{"@type":"SearchAction","target":{"@type":"EntryPoint","urlTemplate":"https:\/\/www.bnz.energy\/?s={search_term_string}"},"query-input":{"@type":"PropertyValueSpecification","valueRequired":true,"valueName":"search_term_string"}}],"inLanguage":"ca"},{"@type":"Organization","@id":"https:\/\/www.bnz.energy\/#organization","name":"BNZ","url":"https:\/\/www.bnz.energy\/","logo":{"@type":"ImageObject","inLanguage":"ca","@id":"https:\/\/www.bnz.energy\/#\/schema\/logo\/image\/","url":"https:\/\/www.bnz.energy\/wp-content\/uploads\/2024\/12\/Capa_1.svg","contentUrl":"https:\/\/www.bnz.energy\/wp-content\/uploads\/2024\/12\/Capa_1.svg","width":1,"height":1,"caption":"BNZ"},"image":{"@id":"https:\/\/www.bnz.energy\/#\/schema\/logo\/image\/"},"sameAs":["https:\/\/www.linkedin.com\/company\/bnetzero\/"]},{"@type":"Person","@id":"https:\/\/www.bnz.energy\/#\/schema\/person\/e358b3214b1b4a9b443d49305c239bbe","name":"admin_bnz","image":{"@type":"ImageObject","inLanguage":"ca","@id":"https:\/\/www.bnz.energy\/#\/schema\/person\/image\/","url":"https:\/\/secure.gravatar.com\/avatar\/cc90964e5c0de17136af9d9d3171efa5c21c920531a6aaa763a62c13f62ec30a?s=96&d=mm&r=g","contentUrl":"https:\/\/secure.gravatar.com\/avatar\/cc90964e5c0de17136af9d9d3171efa5c21c920531a6aaa763a62c13f62ec30a?s=96&d=mm&r=g","caption":"admin_bnz"},"sameAs":["https:\/\/www.bnz.energy"],"url":"https:\/\/www.bnz.energy\/ca\/author\/admin_bnz\/"}]}},"_links":{"self":[{"href":"https:\/\/www.bnz.energy\/ca\/wp-json\/wp\/v2\/posts\/1447","targetHints":{"allow":["GET"]}}],"collection":[{"href":"https:\/\/www.bnz.energy\/ca\/wp-json\/wp\/v2\/posts"}],"about":[{"href":"https:\/\/www.bnz.energy\/ca\/wp-json\/wp\/v2\/types\/post"}],"author":[{"embeddable":true,"href":"https:\/\/www.bnz.energy\/ca\/wp-json\/wp\/v2\/users\/1"}],"replies":[{"embeddable":true,"href":"https:\/\/www.bnz.energy\/ca\/wp-json\/wp\/v2\/comments?post=1447"}],"version-history":[{"count":1,"href":"https:\/\/www.bnz.energy\/ca\/wp-json\/wp\/v2\/posts\/1447\/revisions"}],"predecessor-version":[{"id":7017,"href":"https:\/\/www.bnz.energy\/ca\/wp-json\/wp\/v2\/posts\/1447\/revisions\/7017"}],"wp:featuredmedia":[{"embeddable":true,"href":"https:\/\/www.bnz.energy\/ca\/wp-json\/wp\/v2\/media\/7576"}],"wp:attachment":[{"href":"https:\/\/www.bnz.energy\/ca\/wp-json\/wp\/v2\/media?parent=1447"}],"wp:term":[{"taxonomy":"category","embeddable":true,"href":"https:\/\/www.bnz.energy\/ca\/wp-json\/wp\/v2\/categories?post=1447"},{"taxonomy":"post_tag","embeddable":true,"href":"https:\/\/www.bnz.energy\/ca\/wp-json\/wp\/v2\/tags?post=1447"}],"curies":[{"name":"wp","href":"https:\/\/api.w.org\/{rel}","templated":true}]}}