{"id":1334,"date":"2022-05-31T11:46:50","date_gmt":"2022-05-31T11:46:50","guid":{"rendered":"https:\/\/www.bnz.energy\/?p=1334"},"modified":"2025-02-17T12:26:18","modified_gmt":"2025-02-17T12:26:18","slug":"bnz-construira-una-planta-solar-fotovoltaica-de-49-mw-a-la-regio-nord-portugal","status":"publish","type":"post","link":"https:\/\/www.bnz.energy\/ca\/bnz-construira-una-planta-solar-fotovoltaica-de-49-mw-a-la-regio-nord-portugal\/","title":{"rendered":"BNZ construir\u00e0 una planta solar fotovoltaica de 49 MW a la Regi\u00f3 Nord \u2013 Portugal"},"content":{"rendered":"<p><span class=\"hiddenSpellError\">BNZ<\/span>, productor d&#8217;energia independent (<span class=\"hiddenSpellError\">IPP<\/span>) que desenvolupa, construeix i opera projectes solars fotovoltaics, ha obtingut l&#8217;autoritzaci\u00f3 a la Regi\u00f3 Nord \u2013 Portugal, per a iniciar la construcci\u00f3 d&#8217;una planta solar fotovoltaica en la comunitat intermunicipal d&#8217;Ave, amb una capacitat instal\u00b7lada de 49\u00a0<span class=\"hiddenSpellError\">MWp<\/span>.\u00a0<span class=\"hiddenSpellError\">BNZ<\/span>\u00a0espera que la planta estigui operativa el 2023.<\/p>\n<p>Aquesta ser\u00e0 la primera planta de\u00a0<span class=\"hiddenSpellError\">BNZ<\/span> que es construir\u00e0 a Portugal, pa\u00eds on espera instal\u00b7lar una capacitat aproximada de m\u00e9s de 400 <span class=\"hiddenSpellError\">MWp<\/span>\u00a0fins a 2024. La capacitat agregada total permesa de\u00a0<span class=\"hiddenSpellError\">BNZ<\/span>\u00a0en tota la geografia \u00e9s de 147\u00a0<span class=\"hiddenSpellError\">MWp<\/span>.<\/p>\n<p>La producci\u00f3 el\u00e8ctrica d&#8217;aquest projecte seria capa\u00e7 de proveir les necessitats el\u00e8ctriques anuals d&#8217;unes 14.000 persones, l&#8217;equivalent a un ter\u00e7 de la poblaci\u00f3 d&#8217;\u00c9vora. L&#8217;energia neta produ\u00efda en aquesta planta evitar\u00e0 l&#8217;emissi\u00f3 de 21.500 tones de CO\u2082 a l&#8217;any, la qual cosa equival a uns 37.000 vols d&#8217;anada i tornada entre Lisboa i Londres. A m\u00e9s,\u00a0<span class=\"hiddenSpellError\">BNZ<\/span>\u00a0estima que crear\u00e0 entre 270 i 370 llocs de treball directes i indirectes per a fins a l&#8217;any 2024.<\/p>\n<p>La producci\u00f3 d&#8217;energia solar fotovoltaica fiable i assequible situada al pa\u00eds, evitar\u00e0 la importaci\u00f3 de combustibles f\u00f2ssils com el gas natural en tercers pa\u00efsos. Aix\u00f2 potenciar\u00e0 la independ\u00e8ncia energ\u00e8tica i seguretat de subministrament, a m\u00e9s de millorar la sostenibilitat ambiental. Per exemple, l&#8217;energia produ\u00efda per aquest projecte de\u00a0<span class=\"hiddenSpellError\">BNZ<\/span>, estalviar\u00e0 l&#8217;\u00fas de 14 milions de m\u00b3 per any de gas natural que anaven a ser consumits per plantes de turbines de gas de cicle combinat (<span class=\"hiddenSpellError\">CCGT<\/span>) per a generar la mateixa quantitat d&#8217;energia.<\/p>\n<p><span class=\"hiddenSpellError\">BNZ<\/span>\u00a0est\u00e0 compromesa amb el progr\u00e9s ambiental i social de les comunitats locals on l&#8217;empresa instal\u00b7la les seves plantes. Per aix\u00f2, a m\u00e9s de l&#8217;impacte econ\u00f2mic positiu de les instal\u00b7lacions en la comunitat local i el seu compliment dels m\u00e0xims criteris ambientals,\u00a0<span class=\"hiddenSpellError\">BNZ<\/span>\u00a0col\u00b7laborar\u00e0 amb les autoritats locals en projectes socials actualment en desenvolupament.<\/p>\n<p>Amb aquesta primera planta a Portugal,\u00a0<span class=\"hiddenSpellError\">BNZ<\/span>\u00a0suma el seu suport al projecte social recolzat per PT2020 &#8220;Cuidar\u00a0<span class=\"hiddenSpellError\">Maior<\/span>&#8220;, en el municipi de Vila Nova de\u00a0<span class=\"hiddenSpellError\">Famalic\u00e3o<\/span>, a la regi\u00f3 Nord de Portugal. Aquest projecte social \u00e9s un programa d&#8217;intervenci\u00f3 individualitzat i personalitzat que pret\u00e9n llan\u00e7ar llum i brindar l&#8217;atenci\u00f3 necess\u00e0ria als qui m\u00e9s el necessiten, ja que moltes fam\u00edlies de la comunitat estan cuidant a membres amb necessitats especials, des de dem\u00e8ncia o Alzheimer fins a problemes motors o psicomotors, moltes vegades causant que no puguin valer-se per si mateixos.<\/p>\n<p>El\u00a0Director General\u00a0de\u00a0BNZ,\u00a0Luis\u00a0Selva, va afegir: &#8220;El principal objectiu de la companyia \u00e9s la producci\u00f3 d&#8217;energia 100% neta per a ajudar a aconseguir un futur baix en carboni, i Portugal \u00e9s un mercat prioritari per a\u00a0BNZ, amb un fort potencial de creixement en la generaci\u00f3 de tecnologies renovables com l&#8217;energia solar fotovoltaica&#8221;.<\/p>\n<p>El Membre de la Junta de\u00a0BNZ, Jordi\u00a0Francesch, va assenyalar: &#8220;BNZ\u00a0respon a les demandes de la necessitat ambiental, ajudant a abordar el canvi clim\u00e0tic i assegurant el compliment dels criteris\u00a0ESG\u00a0m\u00e9s estrictes, alhora que ofereix una visi\u00f3 a llarg termini a les comunitats locals&#8221;.<\/p>\n<p>BNZ\u00a0ha estat assessorat pel departament Corporatiu, Comercial i de\u00a0M&amp;A\u00a0de\u00a0S\u00e9rvulo\u00a0-liderat per Pedro\u00a0Silveira\u00a0Borges- en el proc\u00e9s d&#8217;autoritzaci\u00f3 legal d&#8217;aquest projecte.<\/p>\n","protected":false},"excerpt":{"rendered":"<p>BNZ, productor d&#8217;energia independent (IPP) que desenvolupa, construeix i opera projectes solars fotovoltaics, ha obtingut l&#8217;autoritzaci\u00f3 a la Regi\u00f3 Nord \u2013 Portugal, per a iniciar la construcci\u00f3 d&#8217;una planta solar fotovoltaica en la comunitat intermunicipal d&#8217;Ave, amb una capacitat instal\u00b7lada de 49\u00a0MWp.\u00a0BNZ\u00a0espera que la planta estigui operativa el 2023. Aquesta ser\u00e0 la primera planta de\u00a0BNZ [&hellip;]<\/p>\n","protected":false},"author":1,"featured_media":4592,"comment_status":"closed","ping_status":"closed","sticky":false,"template":"","format":"standard","meta":{"_acf_changed":false,"_et_pb_use_builder":"","_et_pb_old_content":"","_et_gb_content_width":"","footnotes":""},"categories":[55,59],"tags":[],"class_list":["post-1334","post","type-post","status-publish","format-standard","has-post-thumbnail","hentry","category-notes-de-premsa","category-projectes"],"acf":[],"yoast_head":"<!-- This site is optimized with the Yoast SEO plugin v26.6 - https:\/\/yoast.com\/wordpress\/plugins\/seo\/ -->\n<title>BNZ construir\u00e0 una planta solar fotovoltaica de 49 MW a la Regi\u00f3 Nord \u2013 Portugal - BNZ<\/title>\n<meta name=\"robots\" content=\"index, follow, max-snippet:-1, max-image-preview:large, max-video-preview:-1\" \/>\n<link rel=\"canonical\" href=\"https:\/\/www.bnz.energy\/bnz-will-build-a-49mw-solar-pv-plant-in-the-north-region-portugal\/\" \/>\n<meta property=\"og:locale\" content=\"ca_ES\" \/>\n<meta property=\"og:type\" content=\"article\" \/>\n<meta property=\"og:title\" content=\"BNZ construir\u00e0 una planta solar fotovoltaica de 49 MW a la Regi\u00f3 Nord \u2013 Portugal - BNZ\" \/>\n<meta property=\"og:description\" content=\"BNZ, productor d&#8217;energia independent (IPP) que desenvolupa, construeix i opera projectes solars fotovoltaics, ha obtingut l&#8217;autoritzaci\u00f3 a la Regi\u00f3 Nord \u2013 Portugal, per a iniciar la construcci\u00f3 d&#8217;una planta solar fotovoltaica en la comunitat intermunicipal d&#8217;Ave, amb una capacitat instal\u00b7lada de 49\u00a0MWp.\u00a0BNZ\u00a0espera que la planta estigui operativa el 2023. Aquesta ser\u00e0 la primera planta de\u00a0BNZ [&hellip;]\" \/>\n<meta property=\"og:url\" content=\"https:\/\/www.bnz.energy\/bnz-will-build-a-49mw-solar-pv-plant-in-the-north-region-portugal\/\" \/>\n<meta property=\"og:site_name\" content=\"BNZ\" \/>\n<meta property=\"article:published_time\" content=\"2022-05-31T11:46:50+00:00\" \/>\n<meta property=\"article:modified_time\" content=\"2025-02-17T12:26:18+00:00\" \/>\n<meta property=\"og:image\" content=\"https:\/\/www.bnz.energy\/wp-content\/uploads\/2022\/05\/PRESS-ROOM_2022_3_MAY_BNZ-will-build-a-49MW-solar-PV-plant-in-PT.jpg\" \/>\n\t<meta property=\"og:image:width\" content=\"1024\" \/>\n\t<meta property=\"og:image:height\" content=\"768\" \/>\n\t<meta property=\"og:image:type\" content=\"image\/jpeg\" \/>\n<meta name=\"author\" content=\"admin_bnz\" \/>\n<meta name=\"twitter:card\" content=\"summary_large_image\" \/>\n<meta name=\"twitter:label1\" content=\"Escrit per\" \/>\n\t<meta name=\"twitter:data1\" content=\"admin_bnz\" \/>\n\t<meta name=\"twitter:label2\" content=\"Temps estimat de lectura\" \/>\n\t<meta name=\"twitter:data2\" content=\"1 minut\" \/>\n<script type=\"application\/ld+json\" class=\"yoast-schema-graph\">{\"@context\":\"https:\/\/schema.org\",\"@graph\":[{\"@type\":\"Article\",\"@id\":\"https:\/\/www.bnz.energy\/bnz-will-build-a-49mw-solar-pv-plant-in-the-north-region-portugal\/#article\",\"isPartOf\":{\"@id\":\"https:\/\/www.bnz.energy\/bnz-will-build-a-49mw-solar-pv-plant-in-the-north-region-portugal\/\"},\"author\":{\"name\":\"admin_bnz\",\"@id\":\"https:\/\/www.bnz.energy\/#\/schema\/person\/e358b3214b1b4a9b443d49305c239bbe\"},\"headline\":\"BNZ construir\u00e0 una planta solar fotovoltaica de 49 MW a la Regi\u00f3 Nord \u2013 Portugal\",\"datePublished\":\"2022-05-31T11:46:50+00:00\",\"dateModified\":\"2025-02-17T12:26:18+00:00\",\"mainEntityOfPage\":{\"@id\":\"https:\/\/www.bnz.energy\/bnz-will-build-a-49mw-solar-pv-plant-in-the-north-region-portugal\/\"},\"wordCount\":585,\"publisher\":{\"@id\":\"https:\/\/www.bnz.energy\/#organization\"},\"image\":{\"@id\":\"https:\/\/www.bnz.energy\/bnz-will-build-a-49mw-solar-pv-plant-in-the-north-region-portugal\/#primaryimage\"},\"thumbnailUrl\":\"https:\/\/www.bnz.energy\/wp-content\/uploads\/2022\/05\/PRESS-ROOM_2022_3_MAY_BNZ-will-build-a-49MW-solar-PV-plant-in-PT.jpg\",\"articleSection\":[\"Notes de premsa\",\"Projectes\"],\"inLanguage\":\"ca\"},{\"@type\":\"WebPage\",\"@id\":\"https:\/\/www.bnz.energy\/bnz-will-build-a-49mw-solar-pv-plant-in-the-north-region-portugal\/\",\"url\":\"https:\/\/www.bnz.energy\/bnz-will-build-a-49mw-solar-pv-plant-in-the-north-region-portugal\/\",\"name\":\"BNZ construir\u00e0 una planta solar fotovoltaica de 49 MW a la Regi\u00f3 Nord \u2013 Portugal - BNZ\",\"isPartOf\":{\"@id\":\"https:\/\/www.bnz.energy\/#website\"},\"primaryImageOfPage\":{\"@id\":\"https:\/\/www.bnz.energy\/bnz-will-build-a-49mw-solar-pv-plant-in-the-north-region-portugal\/#primaryimage\"},\"image\":{\"@id\":\"https:\/\/www.bnz.energy\/bnz-will-build-a-49mw-solar-pv-plant-in-the-north-region-portugal\/#primaryimage\"},\"thumbnailUrl\":\"https:\/\/www.bnz.energy\/wp-content\/uploads\/2022\/05\/PRESS-ROOM_2022_3_MAY_BNZ-will-build-a-49MW-solar-PV-plant-in-PT.jpg\",\"datePublished\":\"2022-05-31T11:46:50+00:00\",\"dateModified\":\"2025-02-17T12:26:18+00:00\",\"breadcrumb\":{\"@id\":\"https:\/\/www.bnz.energy\/bnz-will-build-a-49mw-solar-pv-plant-in-the-north-region-portugal\/#breadcrumb\"},\"inLanguage\":\"ca\",\"potentialAction\":[{\"@type\":\"ReadAction\",\"target\":[\"https:\/\/www.bnz.energy\/bnz-will-build-a-49mw-solar-pv-plant-in-the-north-region-portugal\/\"]}]},{\"@type\":\"ImageObject\",\"inLanguage\":\"ca\",\"@id\":\"https:\/\/www.bnz.energy\/bnz-will-build-a-49mw-solar-pv-plant-in-the-north-region-portugal\/#primaryimage\",\"url\":\"https:\/\/www.bnz.energy\/wp-content\/uploads\/2022\/05\/PRESS-ROOM_2022_3_MAY_BNZ-will-build-a-49MW-solar-PV-plant-in-PT.jpg\",\"contentUrl\":\"https:\/\/www.bnz.energy\/wp-content\/uploads\/2022\/05\/PRESS-ROOM_2022_3_MAY_BNZ-will-build-a-49MW-solar-PV-plant-in-PT.jpg\",\"width\":1024,\"height\":768},{\"@type\":\"BreadcrumbList\",\"@id\":\"https:\/\/www.bnz.energy\/bnz-will-build-a-49mw-solar-pv-plant-in-the-north-region-portugal\/#breadcrumb\",\"itemListElement\":[{\"@type\":\"ListItem\",\"position\":1,\"name\":\"Home\",\"item\":\"https:\/\/www.bnz.energy\/ca\/\"},{\"@type\":\"ListItem\",\"position\":2,\"name\":\"BNZ construir\u00e0 una planta solar fotovoltaica de 49 MW a la Regi\u00f3 Nord \u2013 Portugal\"}]},{\"@type\":\"WebSite\",\"@id\":\"https:\/\/www.bnz.energy\/#website\",\"url\":\"https:\/\/www.bnz.energy\/\",\"name\":\"BNZ\",\"description\":\"\",\"publisher\":{\"@id\":\"https:\/\/www.bnz.energy\/#organization\"},\"potentialAction\":[{\"@type\":\"SearchAction\",\"target\":{\"@type\":\"EntryPoint\",\"urlTemplate\":\"https:\/\/www.bnz.energy\/?s={search_term_string}\"},\"query-input\":{\"@type\":\"PropertyValueSpecification\",\"valueRequired\":true,\"valueName\":\"search_term_string\"}}],\"inLanguage\":\"ca\"},{\"@type\":\"Organization\",\"@id\":\"https:\/\/www.bnz.energy\/#organization\",\"name\":\"BNZ\",\"url\":\"https:\/\/www.bnz.energy\/\",\"logo\":{\"@type\":\"ImageObject\",\"inLanguage\":\"ca\",\"@id\":\"https:\/\/www.bnz.energy\/#\/schema\/logo\/image\/\",\"url\":\"https:\/\/www.bnz.energy\/wp-content\/uploads\/2024\/12\/Capa_1.svg\",\"contentUrl\":\"https:\/\/www.bnz.energy\/wp-content\/uploads\/2024\/12\/Capa_1.svg\",\"width\":1,\"height\":1,\"caption\":\"BNZ\"},\"image\":{\"@id\":\"https:\/\/www.bnz.energy\/#\/schema\/logo\/image\/\"},\"sameAs\":[\"https:\/\/www.linkedin.com\/company\/bnetzero\/\"]},{\"@type\":\"Person\",\"@id\":\"https:\/\/www.bnz.energy\/#\/schema\/person\/e358b3214b1b4a9b443d49305c239bbe\",\"name\":\"admin_bnz\",\"image\":{\"@type\":\"ImageObject\",\"inLanguage\":\"ca\",\"@id\":\"https:\/\/www.bnz.energy\/#\/schema\/person\/image\/\",\"url\":\"https:\/\/secure.gravatar.com\/avatar\/cc90964e5c0de17136af9d9d3171efa5c21c920531a6aaa763a62c13f62ec30a?s=96&d=mm&r=g\",\"contentUrl\":\"https:\/\/secure.gravatar.com\/avatar\/cc90964e5c0de17136af9d9d3171efa5c21c920531a6aaa763a62c13f62ec30a?s=96&d=mm&r=g\",\"caption\":\"admin_bnz\"},\"sameAs\":[\"https:\/\/www.bnz.energy\"],\"url\":\"https:\/\/www.bnz.energy\/ca\/author\/admin_bnz\/\"}]}<\/script>\n<!-- \/ Yoast SEO plugin. -->","yoast_head_json":{"title":"BNZ construir\u00e0 una planta solar fotovoltaica de 49 MW a la Regi\u00f3 Nord \u2013 Portugal - BNZ","robots":{"index":"index","follow":"follow","max-snippet":"max-snippet:-1","max-image-preview":"max-image-preview:large","max-video-preview":"max-video-preview:-1"},"canonical":"https:\/\/www.bnz.energy\/bnz-will-build-a-49mw-solar-pv-plant-in-the-north-region-portugal\/","og_locale":"ca_ES","og_type":"article","og_title":"BNZ construir\u00e0 una planta solar fotovoltaica de 49 MW a la Regi\u00f3 Nord \u2013 Portugal - BNZ","og_description":"BNZ, productor d&#8217;energia independent (IPP) que desenvolupa, construeix i opera projectes solars fotovoltaics, ha obtingut l&#8217;autoritzaci\u00f3 a la Regi\u00f3 Nord \u2013 Portugal, per a iniciar la construcci\u00f3 d&#8217;una planta solar fotovoltaica en la comunitat intermunicipal d&#8217;Ave, amb una capacitat instal\u00b7lada de 49\u00a0MWp.\u00a0BNZ\u00a0espera que la planta estigui operativa el 2023. Aquesta ser\u00e0 la primera planta de\u00a0BNZ [&hellip;]","og_url":"https:\/\/www.bnz.energy\/bnz-will-build-a-49mw-solar-pv-plant-in-the-north-region-portugal\/","og_site_name":"BNZ","article_published_time":"2022-05-31T11:46:50+00:00","article_modified_time":"2025-02-17T12:26:18+00:00","og_image":[{"width":1024,"height":768,"url":"https:\/\/www.bnz.energy\/wp-content\/uploads\/2022\/05\/PRESS-ROOM_2022_3_MAY_BNZ-will-build-a-49MW-solar-PV-plant-in-PT.jpg","type":"image\/jpeg"}],"author":"admin_bnz","twitter_card":"summary_large_image","twitter_misc":{"Escrit per":"admin_bnz","Temps estimat de lectura":"1 minut"},"schema":{"@context":"https:\/\/schema.org","@graph":[{"@type":"Article","@id":"https:\/\/www.bnz.energy\/bnz-will-build-a-49mw-solar-pv-plant-in-the-north-region-portugal\/#article","isPartOf":{"@id":"https:\/\/www.bnz.energy\/bnz-will-build-a-49mw-solar-pv-plant-in-the-north-region-portugal\/"},"author":{"name":"admin_bnz","@id":"https:\/\/www.bnz.energy\/#\/schema\/person\/e358b3214b1b4a9b443d49305c239bbe"},"headline":"BNZ construir\u00e0 una planta solar fotovoltaica de 49 MW a la Regi\u00f3 Nord \u2013 Portugal","datePublished":"2022-05-31T11:46:50+00:00","dateModified":"2025-02-17T12:26:18+00:00","mainEntityOfPage":{"@id":"https:\/\/www.bnz.energy\/bnz-will-build-a-49mw-solar-pv-plant-in-the-north-region-portugal\/"},"wordCount":585,"publisher":{"@id":"https:\/\/www.bnz.energy\/#organization"},"image":{"@id":"https:\/\/www.bnz.energy\/bnz-will-build-a-49mw-solar-pv-plant-in-the-north-region-portugal\/#primaryimage"},"thumbnailUrl":"https:\/\/www.bnz.energy\/wp-content\/uploads\/2022\/05\/PRESS-ROOM_2022_3_MAY_BNZ-will-build-a-49MW-solar-PV-plant-in-PT.jpg","articleSection":["Notes de premsa","Projectes"],"inLanguage":"ca"},{"@type":"WebPage","@id":"https:\/\/www.bnz.energy\/bnz-will-build-a-49mw-solar-pv-plant-in-the-north-region-portugal\/","url":"https:\/\/www.bnz.energy\/bnz-will-build-a-49mw-solar-pv-plant-in-the-north-region-portugal\/","name":"BNZ construir\u00e0 una planta solar fotovoltaica de 49 MW a la Regi\u00f3 Nord \u2013 Portugal - BNZ","isPartOf":{"@id":"https:\/\/www.bnz.energy\/#website"},"primaryImageOfPage":{"@id":"https:\/\/www.bnz.energy\/bnz-will-build-a-49mw-solar-pv-plant-in-the-north-region-portugal\/#primaryimage"},"image":{"@id":"https:\/\/www.bnz.energy\/bnz-will-build-a-49mw-solar-pv-plant-in-the-north-region-portugal\/#primaryimage"},"thumbnailUrl":"https:\/\/www.bnz.energy\/wp-content\/uploads\/2022\/05\/PRESS-ROOM_2022_3_MAY_BNZ-will-build-a-49MW-solar-PV-plant-in-PT.jpg","datePublished":"2022-05-31T11:46:50+00:00","dateModified":"2025-02-17T12:26:18+00:00","breadcrumb":{"@id":"https:\/\/www.bnz.energy\/bnz-will-build-a-49mw-solar-pv-plant-in-the-north-region-portugal\/#breadcrumb"},"inLanguage":"ca","potentialAction":[{"@type":"ReadAction","target":["https:\/\/www.bnz.energy\/bnz-will-build-a-49mw-solar-pv-plant-in-the-north-region-portugal\/"]}]},{"@type":"ImageObject","inLanguage":"ca","@id":"https:\/\/www.bnz.energy\/bnz-will-build-a-49mw-solar-pv-plant-in-the-north-region-portugal\/#primaryimage","url":"https:\/\/www.bnz.energy\/wp-content\/uploads\/2022\/05\/PRESS-ROOM_2022_3_MAY_BNZ-will-build-a-49MW-solar-PV-plant-in-PT.jpg","contentUrl":"https:\/\/www.bnz.energy\/wp-content\/uploads\/2022\/05\/PRESS-ROOM_2022_3_MAY_BNZ-will-build-a-49MW-solar-PV-plant-in-PT.jpg","width":1024,"height":768},{"@type":"BreadcrumbList","@id":"https:\/\/www.bnz.energy\/bnz-will-build-a-49mw-solar-pv-plant-in-the-north-region-portugal\/#breadcrumb","itemListElement":[{"@type":"ListItem","position":1,"name":"Home","item":"https:\/\/www.bnz.energy\/ca\/"},{"@type":"ListItem","position":2,"name":"BNZ construir\u00e0 una planta solar fotovoltaica de 49 MW a la Regi\u00f3 Nord \u2013 Portugal"}]},{"@type":"WebSite","@id":"https:\/\/www.bnz.energy\/#website","url":"https:\/\/www.bnz.energy\/","name":"BNZ","description":"","publisher":{"@id":"https:\/\/www.bnz.energy\/#organization"},"potentialAction":[{"@type":"SearchAction","target":{"@type":"EntryPoint","urlTemplate":"https:\/\/www.bnz.energy\/?s={search_term_string}"},"query-input":{"@type":"PropertyValueSpecification","valueRequired":true,"valueName":"search_term_string"}}],"inLanguage":"ca"},{"@type":"Organization","@id":"https:\/\/www.bnz.energy\/#organization","name":"BNZ","url":"https:\/\/www.bnz.energy\/","logo":{"@type":"ImageObject","inLanguage":"ca","@id":"https:\/\/www.bnz.energy\/#\/schema\/logo\/image\/","url":"https:\/\/www.bnz.energy\/wp-content\/uploads\/2024\/12\/Capa_1.svg","contentUrl":"https:\/\/www.bnz.energy\/wp-content\/uploads\/2024\/12\/Capa_1.svg","width":1,"height":1,"caption":"BNZ"},"image":{"@id":"https:\/\/www.bnz.energy\/#\/schema\/logo\/image\/"},"sameAs":["https:\/\/www.linkedin.com\/company\/bnetzero\/"]},{"@type":"Person","@id":"https:\/\/www.bnz.energy\/#\/schema\/person\/e358b3214b1b4a9b443d49305c239bbe","name":"admin_bnz","image":{"@type":"ImageObject","inLanguage":"ca","@id":"https:\/\/www.bnz.energy\/#\/schema\/person\/image\/","url":"https:\/\/secure.gravatar.com\/avatar\/cc90964e5c0de17136af9d9d3171efa5c21c920531a6aaa763a62c13f62ec30a?s=96&d=mm&r=g","contentUrl":"https:\/\/secure.gravatar.com\/avatar\/cc90964e5c0de17136af9d9d3171efa5c21c920531a6aaa763a62c13f62ec30a?s=96&d=mm&r=g","caption":"admin_bnz"},"sameAs":["https:\/\/www.bnz.energy"],"url":"https:\/\/www.bnz.energy\/ca\/author\/admin_bnz\/"}]}},"_links":{"self":[{"href":"https:\/\/www.bnz.energy\/ca\/wp-json\/wp\/v2\/posts\/1334","targetHints":{"allow":["GET"]}}],"collection":[{"href":"https:\/\/www.bnz.energy\/ca\/wp-json\/wp\/v2\/posts"}],"about":[{"href":"https:\/\/www.bnz.energy\/ca\/wp-json\/wp\/v2\/types\/post"}],"author":[{"embeddable":true,"href":"https:\/\/www.bnz.energy\/ca\/wp-json\/wp\/v2\/users\/1"}],"replies":[{"embeddable":true,"href":"https:\/\/www.bnz.energy\/ca\/wp-json\/wp\/v2\/comments?post=1334"}],"version-history":[{"count":1,"href":"https:\/\/www.bnz.energy\/ca\/wp-json\/wp\/v2\/posts\/1334\/revisions"}],"predecessor-version":[{"id":7020,"href":"https:\/\/www.bnz.energy\/ca\/wp-json\/wp\/v2\/posts\/1334\/revisions\/7020"}],"wp:featuredmedia":[{"embeddable":true,"href":"https:\/\/www.bnz.energy\/ca\/wp-json\/wp\/v2\/media\/4592"}],"wp:attachment":[{"href":"https:\/\/www.bnz.energy\/ca\/wp-json\/wp\/v2\/media?parent=1334"}],"wp:term":[{"taxonomy":"category","embeddable":true,"href":"https:\/\/www.bnz.energy\/ca\/wp-json\/wp\/v2\/categories?post=1334"},{"taxonomy":"post_tag","embeddable":true,"href":"https:\/\/www.bnz.energy\/ca\/wp-json\/wp\/v2\/tags?post=1334"}],"curies":[{"name":"wp","href":"https:\/\/api.w.org\/{rel}","templated":true}]}}