{"id":11907,"date":"2026-03-11T08:52:38","date_gmt":"2026-03-11T08:52:38","guid":{"rendered":"https:\/\/www.bnz.energy\/?p=11907"},"modified":"2026-03-11T09:00:09","modified_gmt":"2026-03-11T09:00:09","slug":"bnz-signa-dos-nous-ppas-internacionals-i-reforca-la-seva-cartera-global","status":"publish","type":"post","link":"https:\/\/www.bnz.energy\/ca\/bnz-signa-dos-nous-ppas-internacionals-i-reforca-la-seva-cartera-global\/","title":{"rendered":"BNZ signa dos nous PPAs internacionals i refor\u00e7a la seva cartera global"},"content":{"rendered":"<p><span style=\"font-weight: 400;\">BNZ, productor d\u2019energia independent que desenvolupa, construeix i opera projectes d\u2019energia renovable multitecnologia, ha culminat amb \u00e8xit la signatura de dos acords de venda d\u2019energia (PPA) amb dues grans multinacionals del sector energ\u00e8tic, una d\u2019origen franc\u00e8s i una altra d\u2019origen alemany. Uns acords que garanteixen la comercialitzaci\u00f3 de l\u2019energia produ\u00efda per les seves plantes solars d\u2019Alamak i Alya, ambdues ubicades a la prov\u00edncia de Cadis, durant un per\u00edode de cinc anys.<\/span><\/p>\n<p><span style=\"font-weight: 400;\">En l\u2019actual context de transformaci\u00f3 del sector renovable a Espanya, el tancament d\u2019aquesta doble operaci\u00f3 amb clients d\u2019aquest nivell demostra la solidesa comercial de BNZ, aix\u00ed com la seva gran capacitat d\u2019execuci\u00f3. A m\u00e9s, m\u00e9s enll\u00e0 de consolidar la seva principal l\u00ednia de negoci, la companyia avan\u00e7a amb fermesa en la seva evoluci\u00f3 cap a una plataforma energ\u00e8tica integral, situant l\u2019energy management i la hibridaci\u00f3 al centre del seu nou full de ruta. Amb aix\u00f2, l\u2019empresa transcendeix el seu rol de desenvolupador tradicional per consolidar-se com un partner estrat\u00e8gic capa\u00e7 d\u2019oferir solucions adaptades a les necessitats actuals del mercat.<\/span><\/p>\n<p><span style=\"font-weight: 400;\">En paraules de <\/span><b>Rodrigo L\u00f3pez, Director de Revenue de BNZ<\/b><span style=\"font-weight: 400;\">, <\/span><i><span style=\"font-weight: 400;\">\u201cAquests acords reflecteixen el moment d\u2019expansi\u00f3 que viu la companyia, aix\u00ed com la confian\u00e7a que els principals actors del mercat dipositen en els nostres actius. El nostre model de negoci evoluciona amb pas ferm; la veritable fortalesa de BNZ avui no nom\u00e9s resideix a desenvolupar projectes fiables, sin\u00f3 a aplicar un energy management d\u2019avantguarda que ens permet estructurar solucions a llarg termini, flexibles i altament atractives per als majors consumidors d\u2019energia d\u2019Europa\u201d.<\/span><\/i><\/p>\n<p><b>M\u00e9s de 250 MW de capacitat renovable a Andalusia<\/b><\/p>\n<p><span style=\"font-weight: 400;\">En detall, la planta d\u2019Alamak compta amb 24,1 MW, mentre que la instal\u00b7laci\u00f3 d\u2019Alya suma 47,7 MW. En conjunt, aquests dos nous acords garanteixen la comercialitzaci\u00f3 de 71,8 MW de capacitat instal\u00b7lada a la prov\u00edncia de Cadis, que suposen un total de 150 GWh d\u2019energia anual.<\/span><\/p>\n<p><span style=\"font-weight: 400;\">Aquests projectes consoliden la forta pres\u00e8ncia de BNZ a Andalusia, una regi\u00f3 clau on la companyia gestiona una capacitat total que supera els 250 MW, amb instal\u00b7lacions estrat\u00e8giques com la planta de Santa Catalina, a Ja\u00e9n, i els complexos fotovoltaics de Hornosol, Terrera i Ventura, a Almeria.<\/span><\/p>\n<p><span style=\"font-weight: 400;\">Els nous contractes representen una fita important per a BNZ, consolidant la seva posici\u00f3 al mercat de les energies renovables a Europa. La companyia continua aix\u00ed mateix executant el seu pla estrat\u00e8gic, que li permetr\u00e0 completar els seus projectes d\u2019energia renovable a Espanya, It\u00e0lia i Portugal, on compta amb una cartera global que supera els 2,7 GW.<\/span><\/p>\n<p><span style=\"font-weight: 400;\">En l\u00ednia amb la seva evoluci\u00f3 cap a una Next-Generation IPP, BNZ continuar\u00e0 impulsant la seva diversificaci\u00f3 a trav\u00e9s de projectes de hibridaci\u00f3 i el desplegament de sistemes d\u2019emmagatzematge en bateries (BESS), tecnologies clau que contribuiran a maximitzar el valor dels seus actius i a garantir la fermesa i l\u2019efici\u00e8ncia en la generaci\u00f3 d\u2019energia neta.<\/span><\/p>\n","protected":false},"excerpt":{"rendered":"<p>BNZ, productor d\u2019energia independent que desenvolupa, construeix i opera projectes d\u2019energia renovable multitecnologia, ha culminat amb \u00e8xit la signatura de dos acords de venda d\u2019energia (PPA) amb dues grans multinacionals del sector energ\u00e8tic, una d\u2019origen franc\u00e8s i una altra d\u2019origen alemany. Uns acords que garanteixen la comercialitzaci\u00f3 de l\u2019energia produ\u00efda per les seves plantes solars [&hellip;]<\/p>\n","protected":false},"author":8,"featured_media":11900,"comment_status":"open","ping_status":"open","sticky":false,"template":"","format":"standard","meta":{"_acf_changed":false,"_et_pb_use_builder":"","_et_pb_old_content":"","_et_gb_content_width":"","footnotes":""},"categories":[55],"tags":[],"class_list":["post-11907","post","type-post","status-publish","format-standard","has-post-thumbnail","hentry","category-notes-de-premsa"],"acf":[],"yoast_head":"<!-- This site is optimized with the Yoast SEO plugin v26.6 - https:\/\/yoast.com\/wordpress\/plugins\/seo\/ -->\n<title>BNZ signa dos nous PPAs internacionals i refor\u00e7a la seva cartera global - BNZ<\/title>\n<meta name=\"robots\" content=\"index, follow, max-snippet:-1, max-image-preview:large, max-video-preview:-1\" \/>\n<link rel=\"canonical\" href=\"https:\/\/www.bnz.energy\/ca\/bnz-signa-dos-nous-ppas-internacionals-i-reforca-la-seva-cartera-global\/\" \/>\n<meta property=\"og:locale\" content=\"ca_ES\" \/>\n<meta property=\"og:type\" content=\"article\" \/>\n<meta property=\"og:title\" content=\"BNZ signa dos nous PPAs internacionals i refor\u00e7a la seva cartera global - BNZ\" \/>\n<meta property=\"og:description\" content=\"BNZ, productor d\u2019energia independent que desenvolupa, construeix i opera projectes d\u2019energia renovable multitecnologia, ha culminat amb \u00e8xit la signatura de dos acords de venda d\u2019energia (PPA) amb dues grans multinacionals del sector energ\u00e8tic, una d\u2019origen franc\u00e8s i una altra d\u2019origen alemany. Uns acords que garanteixen la comercialitzaci\u00f3 de l\u2019energia produ\u00efda per les seves plantes solars [&hellip;]\" \/>\n<meta property=\"og:url\" content=\"https:\/\/www.bnz.energy\/ca\/bnz-signa-dos-nous-ppas-internacionals-i-reforca-la-seva-cartera-global\/\" \/>\n<meta property=\"og:site_name\" content=\"BNZ\" \/>\n<meta property=\"article:published_time\" content=\"2026-03-11T08:52:38+00:00\" \/>\n<meta property=\"article:modified_time\" content=\"2026-03-11T09:00:09+00:00\" \/>\n<meta property=\"og:image\" content=\"https:\/\/www.bnz.energy\/wp-content\/uploads\/2026\/03\/IMG_BNZ-cierra-su-primer-PPA-con-Ardagh-Metal-Packaging-Europe-en-Portugal.png\" \/>\n\t<meta property=\"og:image:width\" content=\"1349\" \/>\n\t<meta property=\"og:image:height\" content=\"704\" \/>\n\t<meta property=\"og:image:type\" content=\"image\/png\" \/>\n<meta name=\"author\" content=\"rfeliu\" \/>\n<meta name=\"twitter:card\" content=\"summary_large_image\" \/>\n<meta name=\"twitter:label1\" content=\"Escrit per\" \/>\n\t<meta name=\"twitter:data1\" content=\"rfeliu\" \/>\n\t<meta name=\"twitter:label2\" content=\"Temps estimat de lectura\" \/>\n\t<meta name=\"twitter:data2\" content=\"3 minuts\" \/>\n<script type=\"application\/ld+json\" class=\"yoast-schema-graph\">{\"@context\":\"https:\/\/schema.org\",\"@graph\":[{\"@type\":\"Article\",\"@id\":\"https:\/\/www.bnz.energy\/ca\/bnz-signa-dos-nous-ppas-internacionals-i-reforca-la-seva-cartera-global\/#article\",\"isPartOf\":{\"@id\":\"https:\/\/www.bnz.energy\/ca\/bnz-signa-dos-nous-ppas-internacionals-i-reforca-la-seva-cartera-global\/\"},\"author\":{\"name\":\"rfeliu\",\"@id\":\"https:\/\/www.bnz.energy\/#\/schema\/person\/30a0168daa9aceb70e107627f8ea37c1\"},\"headline\":\"BNZ signa dos nous PPAs internacionals i refor\u00e7a la seva cartera global\",\"datePublished\":\"2026-03-11T08:52:38+00:00\",\"dateModified\":\"2026-03-11T09:00:09+00:00\",\"mainEntityOfPage\":{\"@id\":\"https:\/\/www.bnz.energy\/ca\/bnz-signa-dos-nous-ppas-internacionals-i-reforca-la-seva-cartera-global\/\"},\"wordCount\":524,\"commentCount\":0,\"publisher\":{\"@id\":\"https:\/\/www.bnz.energy\/#organization\"},\"image\":{\"@id\":\"https:\/\/www.bnz.energy\/ca\/bnz-signa-dos-nous-ppas-internacionals-i-reforca-la-seva-cartera-global\/#primaryimage\"},\"thumbnailUrl\":\"https:\/\/www.bnz.energy\/wp-content\/uploads\/2026\/03\/IMG_BNZ-cierra-su-primer-PPA-con-Ardagh-Metal-Packaging-Europe-en-Portugal.png\",\"articleSection\":[\"Notes de premsa\"],\"inLanguage\":\"ca\",\"potentialAction\":[{\"@type\":\"CommentAction\",\"name\":\"Comment\",\"target\":[\"https:\/\/www.bnz.energy\/ca\/bnz-signa-dos-nous-ppas-internacionals-i-reforca-la-seva-cartera-global\/#respond\"]}]},{\"@type\":\"WebPage\",\"@id\":\"https:\/\/www.bnz.energy\/ca\/bnz-signa-dos-nous-ppas-internacionals-i-reforca-la-seva-cartera-global\/\",\"url\":\"https:\/\/www.bnz.energy\/ca\/bnz-signa-dos-nous-ppas-internacionals-i-reforca-la-seva-cartera-global\/\",\"name\":\"BNZ signa dos nous PPAs internacionals i refor\u00e7a la seva cartera global - BNZ\",\"isPartOf\":{\"@id\":\"https:\/\/www.bnz.energy\/#website\"},\"primaryImageOfPage\":{\"@id\":\"https:\/\/www.bnz.energy\/ca\/bnz-signa-dos-nous-ppas-internacionals-i-reforca-la-seva-cartera-global\/#primaryimage\"},\"image\":{\"@id\":\"https:\/\/www.bnz.energy\/ca\/bnz-signa-dos-nous-ppas-internacionals-i-reforca-la-seva-cartera-global\/#primaryimage\"},\"thumbnailUrl\":\"https:\/\/www.bnz.energy\/wp-content\/uploads\/2026\/03\/IMG_BNZ-cierra-su-primer-PPA-con-Ardagh-Metal-Packaging-Europe-en-Portugal.png\",\"datePublished\":\"2026-03-11T08:52:38+00:00\",\"dateModified\":\"2026-03-11T09:00:09+00:00\",\"breadcrumb\":{\"@id\":\"https:\/\/www.bnz.energy\/ca\/bnz-signa-dos-nous-ppas-internacionals-i-reforca-la-seva-cartera-global\/#breadcrumb\"},\"inLanguage\":\"ca\",\"potentialAction\":[{\"@type\":\"ReadAction\",\"target\":[\"https:\/\/www.bnz.energy\/ca\/bnz-signa-dos-nous-ppas-internacionals-i-reforca-la-seva-cartera-global\/\"]}]},{\"@type\":\"ImageObject\",\"inLanguage\":\"ca\",\"@id\":\"https:\/\/www.bnz.energy\/ca\/bnz-signa-dos-nous-ppas-internacionals-i-reforca-la-seva-cartera-global\/#primaryimage\",\"url\":\"https:\/\/www.bnz.energy\/wp-content\/uploads\/2026\/03\/IMG_BNZ-cierra-su-primer-PPA-con-Ardagh-Metal-Packaging-Europe-en-Portugal.png\",\"contentUrl\":\"https:\/\/www.bnz.energy\/wp-content\/uploads\/2026\/03\/IMG_BNZ-cierra-su-primer-PPA-con-Ardagh-Metal-Packaging-Europe-en-Portugal.png\",\"width\":1349,\"height\":704},{\"@type\":\"BreadcrumbList\",\"@id\":\"https:\/\/www.bnz.energy\/ca\/bnz-signa-dos-nous-ppas-internacionals-i-reforca-la-seva-cartera-global\/#breadcrumb\",\"itemListElement\":[{\"@type\":\"ListItem\",\"position\":1,\"name\":\"Home\",\"item\":\"https:\/\/www.bnz.energy\/ca\/\"},{\"@type\":\"ListItem\",\"position\":2,\"name\":\"BNZ signa dos nous PPAs internacionals i refor\u00e7a la seva cartera global\"}]},{\"@type\":\"WebSite\",\"@id\":\"https:\/\/www.bnz.energy\/#website\",\"url\":\"https:\/\/www.bnz.energy\/\",\"name\":\"BNZ\",\"description\":\"\",\"publisher\":{\"@id\":\"https:\/\/www.bnz.energy\/#organization\"},\"potentialAction\":[{\"@type\":\"SearchAction\",\"target\":{\"@type\":\"EntryPoint\",\"urlTemplate\":\"https:\/\/www.bnz.energy\/?s={search_term_string}\"},\"query-input\":{\"@type\":\"PropertyValueSpecification\",\"valueRequired\":true,\"valueName\":\"search_term_string\"}}],\"inLanguage\":\"ca\"},{\"@type\":\"Organization\",\"@id\":\"https:\/\/www.bnz.energy\/#organization\",\"name\":\"BNZ\",\"url\":\"https:\/\/www.bnz.energy\/\",\"logo\":{\"@type\":\"ImageObject\",\"inLanguage\":\"ca\",\"@id\":\"https:\/\/www.bnz.energy\/#\/schema\/logo\/image\/\",\"url\":\"https:\/\/www.bnz.energy\/wp-content\/uploads\/2024\/12\/Capa_1.svg\",\"contentUrl\":\"https:\/\/www.bnz.energy\/wp-content\/uploads\/2024\/12\/Capa_1.svg\",\"width\":1,\"height\":1,\"caption\":\"BNZ\"},\"image\":{\"@id\":\"https:\/\/www.bnz.energy\/#\/schema\/logo\/image\/\"},\"sameAs\":[\"https:\/\/www.linkedin.com\/company\/bnetzero\/\"]},{\"@type\":\"Person\",\"@id\":\"https:\/\/www.bnz.energy\/#\/schema\/person\/30a0168daa9aceb70e107627f8ea37c1\",\"name\":\"rfeliu\",\"image\":{\"@type\":\"ImageObject\",\"inLanguage\":\"ca\",\"@id\":\"https:\/\/www.bnz.energy\/#\/schema\/person\/image\/\",\"url\":\"https:\/\/secure.gravatar.com\/avatar\/690759e9692c42d8c3567ba1b598071aa2360bf6971ef499d38767489effd4aa?s=96&d=mm&r=g\",\"contentUrl\":\"https:\/\/secure.gravatar.com\/avatar\/690759e9692c42d8c3567ba1b598071aa2360bf6971ef499d38767489effd4aa?s=96&d=mm&r=g\",\"caption\":\"rfeliu\"},\"url\":\"https:\/\/www.bnz.energy\/ca\/author\/rfeliu\/\"}]}<\/script>\n<!-- \/ Yoast SEO plugin. -->","yoast_head_json":{"title":"BNZ signa dos nous PPAs internacionals i refor\u00e7a la seva cartera global - BNZ","robots":{"index":"index","follow":"follow","max-snippet":"max-snippet:-1","max-image-preview":"max-image-preview:large","max-video-preview":"max-video-preview:-1"},"canonical":"https:\/\/www.bnz.energy\/ca\/bnz-signa-dos-nous-ppas-internacionals-i-reforca-la-seva-cartera-global\/","og_locale":"ca_ES","og_type":"article","og_title":"BNZ signa dos nous PPAs internacionals i refor\u00e7a la seva cartera global - BNZ","og_description":"BNZ, productor d\u2019energia independent que desenvolupa, construeix i opera projectes d\u2019energia renovable multitecnologia, ha culminat amb \u00e8xit la signatura de dos acords de venda d\u2019energia (PPA) amb dues grans multinacionals del sector energ\u00e8tic, una d\u2019origen franc\u00e8s i una altra d\u2019origen alemany. Uns acords que garanteixen la comercialitzaci\u00f3 de l\u2019energia produ\u00efda per les seves plantes solars [&hellip;]","og_url":"https:\/\/www.bnz.energy\/ca\/bnz-signa-dos-nous-ppas-internacionals-i-reforca-la-seva-cartera-global\/","og_site_name":"BNZ","article_published_time":"2026-03-11T08:52:38+00:00","article_modified_time":"2026-03-11T09:00:09+00:00","og_image":[{"width":1349,"height":704,"url":"https:\/\/www.bnz.energy\/wp-content\/uploads\/2026\/03\/IMG_BNZ-cierra-su-primer-PPA-con-Ardagh-Metal-Packaging-Europe-en-Portugal.png","type":"image\/png"}],"author":"rfeliu","twitter_card":"summary_large_image","twitter_misc":{"Escrit per":"rfeliu","Temps estimat de lectura":"3 minuts"},"schema":{"@context":"https:\/\/schema.org","@graph":[{"@type":"Article","@id":"https:\/\/www.bnz.energy\/ca\/bnz-signa-dos-nous-ppas-internacionals-i-reforca-la-seva-cartera-global\/#article","isPartOf":{"@id":"https:\/\/www.bnz.energy\/ca\/bnz-signa-dos-nous-ppas-internacionals-i-reforca-la-seva-cartera-global\/"},"author":{"name":"rfeliu","@id":"https:\/\/www.bnz.energy\/#\/schema\/person\/30a0168daa9aceb70e107627f8ea37c1"},"headline":"BNZ signa dos nous PPAs internacionals i refor\u00e7a la seva cartera global","datePublished":"2026-03-11T08:52:38+00:00","dateModified":"2026-03-11T09:00:09+00:00","mainEntityOfPage":{"@id":"https:\/\/www.bnz.energy\/ca\/bnz-signa-dos-nous-ppas-internacionals-i-reforca-la-seva-cartera-global\/"},"wordCount":524,"commentCount":0,"publisher":{"@id":"https:\/\/www.bnz.energy\/#organization"},"image":{"@id":"https:\/\/www.bnz.energy\/ca\/bnz-signa-dos-nous-ppas-internacionals-i-reforca-la-seva-cartera-global\/#primaryimage"},"thumbnailUrl":"https:\/\/www.bnz.energy\/wp-content\/uploads\/2026\/03\/IMG_BNZ-cierra-su-primer-PPA-con-Ardagh-Metal-Packaging-Europe-en-Portugal.png","articleSection":["Notes de premsa"],"inLanguage":"ca","potentialAction":[{"@type":"CommentAction","name":"Comment","target":["https:\/\/www.bnz.energy\/ca\/bnz-signa-dos-nous-ppas-internacionals-i-reforca-la-seva-cartera-global\/#respond"]}]},{"@type":"WebPage","@id":"https:\/\/www.bnz.energy\/ca\/bnz-signa-dos-nous-ppas-internacionals-i-reforca-la-seva-cartera-global\/","url":"https:\/\/www.bnz.energy\/ca\/bnz-signa-dos-nous-ppas-internacionals-i-reforca-la-seva-cartera-global\/","name":"BNZ signa dos nous PPAs internacionals i refor\u00e7a la seva cartera global - BNZ","isPartOf":{"@id":"https:\/\/www.bnz.energy\/#website"},"primaryImageOfPage":{"@id":"https:\/\/www.bnz.energy\/ca\/bnz-signa-dos-nous-ppas-internacionals-i-reforca-la-seva-cartera-global\/#primaryimage"},"image":{"@id":"https:\/\/www.bnz.energy\/ca\/bnz-signa-dos-nous-ppas-internacionals-i-reforca-la-seva-cartera-global\/#primaryimage"},"thumbnailUrl":"https:\/\/www.bnz.energy\/wp-content\/uploads\/2026\/03\/IMG_BNZ-cierra-su-primer-PPA-con-Ardagh-Metal-Packaging-Europe-en-Portugal.png","datePublished":"2026-03-11T08:52:38+00:00","dateModified":"2026-03-11T09:00:09+00:00","breadcrumb":{"@id":"https:\/\/www.bnz.energy\/ca\/bnz-signa-dos-nous-ppas-internacionals-i-reforca-la-seva-cartera-global\/#breadcrumb"},"inLanguage":"ca","potentialAction":[{"@type":"ReadAction","target":["https:\/\/www.bnz.energy\/ca\/bnz-signa-dos-nous-ppas-internacionals-i-reforca-la-seva-cartera-global\/"]}]},{"@type":"ImageObject","inLanguage":"ca","@id":"https:\/\/www.bnz.energy\/ca\/bnz-signa-dos-nous-ppas-internacionals-i-reforca-la-seva-cartera-global\/#primaryimage","url":"https:\/\/www.bnz.energy\/wp-content\/uploads\/2026\/03\/IMG_BNZ-cierra-su-primer-PPA-con-Ardagh-Metal-Packaging-Europe-en-Portugal.png","contentUrl":"https:\/\/www.bnz.energy\/wp-content\/uploads\/2026\/03\/IMG_BNZ-cierra-su-primer-PPA-con-Ardagh-Metal-Packaging-Europe-en-Portugal.png","width":1349,"height":704},{"@type":"BreadcrumbList","@id":"https:\/\/www.bnz.energy\/ca\/bnz-signa-dos-nous-ppas-internacionals-i-reforca-la-seva-cartera-global\/#breadcrumb","itemListElement":[{"@type":"ListItem","position":1,"name":"Home","item":"https:\/\/www.bnz.energy\/ca\/"},{"@type":"ListItem","position":2,"name":"BNZ signa dos nous PPAs internacionals i refor\u00e7a la seva cartera global"}]},{"@type":"WebSite","@id":"https:\/\/www.bnz.energy\/#website","url":"https:\/\/www.bnz.energy\/","name":"BNZ","description":"","publisher":{"@id":"https:\/\/www.bnz.energy\/#organization"},"potentialAction":[{"@type":"SearchAction","target":{"@type":"EntryPoint","urlTemplate":"https:\/\/www.bnz.energy\/?s={search_term_string}"},"query-input":{"@type":"PropertyValueSpecification","valueRequired":true,"valueName":"search_term_string"}}],"inLanguage":"ca"},{"@type":"Organization","@id":"https:\/\/www.bnz.energy\/#organization","name":"BNZ","url":"https:\/\/www.bnz.energy\/","logo":{"@type":"ImageObject","inLanguage":"ca","@id":"https:\/\/www.bnz.energy\/#\/schema\/logo\/image\/","url":"https:\/\/www.bnz.energy\/wp-content\/uploads\/2024\/12\/Capa_1.svg","contentUrl":"https:\/\/www.bnz.energy\/wp-content\/uploads\/2024\/12\/Capa_1.svg","width":1,"height":1,"caption":"BNZ"},"image":{"@id":"https:\/\/www.bnz.energy\/#\/schema\/logo\/image\/"},"sameAs":["https:\/\/www.linkedin.com\/company\/bnetzero\/"]},{"@type":"Person","@id":"https:\/\/www.bnz.energy\/#\/schema\/person\/30a0168daa9aceb70e107627f8ea37c1","name":"rfeliu","image":{"@type":"ImageObject","inLanguage":"ca","@id":"https:\/\/www.bnz.energy\/#\/schema\/person\/image\/","url":"https:\/\/secure.gravatar.com\/avatar\/690759e9692c42d8c3567ba1b598071aa2360bf6971ef499d38767489effd4aa?s=96&d=mm&r=g","contentUrl":"https:\/\/secure.gravatar.com\/avatar\/690759e9692c42d8c3567ba1b598071aa2360bf6971ef499d38767489effd4aa?s=96&d=mm&r=g","caption":"rfeliu"},"url":"https:\/\/www.bnz.energy\/ca\/author\/rfeliu\/"}]}},"_links":{"self":[{"href":"https:\/\/www.bnz.energy\/ca\/wp-json\/wp\/v2\/posts\/11907","targetHints":{"allow":["GET"]}}],"collection":[{"href":"https:\/\/www.bnz.energy\/ca\/wp-json\/wp\/v2\/posts"}],"about":[{"href":"https:\/\/www.bnz.energy\/ca\/wp-json\/wp\/v2\/types\/post"}],"author":[{"embeddable":true,"href":"https:\/\/www.bnz.energy\/ca\/wp-json\/wp\/v2\/users\/8"}],"replies":[{"embeddable":true,"href":"https:\/\/www.bnz.energy\/ca\/wp-json\/wp\/v2\/comments?post=11907"}],"version-history":[{"count":1,"href":"https:\/\/www.bnz.energy\/ca\/wp-json\/wp\/v2\/posts\/11907\/revisions"}],"predecessor-version":[{"id":11908,"href":"https:\/\/www.bnz.energy\/ca\/wp-json\/wp\/v2\/posts\/11907\/revisions\/11908"}],"wp:featuredmedia":[{"embeddable":true,"href":"https:\/\/www.bnz.energy\/ca\/wp-json\/wp\/v2\/media\/11900"}],"wp:attachment":[{"href":"https:\/\/www.bnz.energy\/ca\/wp-json\/wp\/v2\/media?parent=11907"}],"wp:term":[{"taxonomy":"category","embeddable":true,"href":"https:\/\/www.bnz.energy\/ca\/wp-json\/wp\/v2\/categories?post=11907"},{"taxonomy":"post_tag","embeddable":true,"href":"https:\/\/www.bnz.energy\/ca\/wp-json\/wp\/v2\/tags?post=11907"}],"curies":[{"name":"wp","href":"https:\/\/api.w.org\/{rel}","templated":true}]}}