{"id":11602,"date":"2025-12-11T09:51:24","date_gmt":"2025-12-11T09:51:24","guid":{"rendered":"https:\/\/www.bnz.energy\/?p=11602"},"modified":"2025-12-15T15:50:55","modified_gmt":"2025-12-15T15:50:55","slug":"reptes-i-oportunitats-del-desplegament-renovable-2","status":"publish","type":"post","link":"https:\/\/www.bnz.energy\/ca\/reptes-i-oportunitats-del-desplegament-renovable-2\/","title":{"rendered":"Reptes i oportunitats del desplegament renovable"},"content":{"rendered":"<p>La transici\u00f3 cap a les energies renovables \u00e9s una prioritat global tan imperativa com econ\u00f2micament avantatjosa que, tot i plantejar alguns dels reptes m\u00e9s ambiciosos dels \u00faltims temps, cal activar amb urg\u00e8ncia. La seva superioritat en costos davant dels combustibles f\u00f2ssils i el seu impacte positiu en el medi ambient les converteixen en les aliades perfectes per materialitzar el canvi. Per\u00f2 el desafiament no \u00e9s nom\u00e9s t\u00e8cnic; tamb\u00e9 \u00e9s social, pol\u00edtic i ambiental. Requereix consci\u00e8ncia i col\u00b7laboraci\u00f3 entre tots els actors implicats i, per garantir-ne l\u2019efectivitat, \u00e9s fonamental que el desplegament s\u2019aline\u00ef amb una planificaci\u00f3 estrat\u00e8gica que permeti maximitzar-ne l\u2019impacte positiu.<\/p>\n<p>A Europa, afortunadament, comptem amb el Pacte Verd Europeu, la fulla de ruta clau per assolir una UE clim\u00e0ticament neutra i sostenible. En aquest marc, s\u2019estableix un objectiu essencial per al que incumbeix a la transici\u00f3, <a href=\"https:\/\/www.consilium.europa.eu\/es\/press\/press-releases\/2022\/06\/27\/fit-for-55-council-agrees-on-higher-targets-for-renewables-and-energy-efficiency\/\">el n\u00famero 55<\/a>, que marca el repte de reduir les emissions almenys un 55% l\u2019any 2030, impulsant un augment significatiu de la participaci\u00f3 de les energies renovables. En concret, l\u2019\u00faltima revisi\u00f3 de la <a href=\"https:\/\/www.boe.es\/buscar\/doc.php?id=DOUE-L-2023-81530\">Directiva d\u2019Energies Renovables (RED III)<\/a> eleva el <strong>percentatge de renovables al 42,5% del consum final d\u2019energia el 2030<\/strong>, amb un objectiu indicatiu del 45%.<\/p>\n<p>Per\u00f2 aquest objectiu no nom\u00e9s planteja la seva expansi\u00f3, sin\u00f3 tamb\u00e9 <strong>l\u2019acceleraci\u00f3 de la descarbonitzaci\u00f3 de la matriu energ\u00e8tica<\/strong>, mitjan\u00e7ant la substituci\u00f3 de fonts f\u00f2ssils per energies netes i la <strong>garantia d\u2019una integraci\u00f3 eficient de les renovables a la xarxa<\/strong>, adaptant la infraestructura energ\u00e8tica a les noves fonts intermitents i assegurant la flexibilitat necess\u00e0ria per a un funcionament estable.<\/p>\n<p>La realitat \u00e9s que no ens podem permetre ajornar els ODS; cada aven\u00e7 compta per a un futur sostenible. Hem de mantenir i refor\u00e7ar el nostre comprom\u00eds, accelerant l\u2019acci\u00f3 clim\u00e0tica amb aquest marc. I, per a aix\u00f2, els PNIEC (Pla Nacional Integrat d\u2019Energia i Clima) tangibilitzen els objectius plantejant escenaris que, encara que desafiants per als estats membres, resulten esperan\u00e7adors.<\/p>\n<p>\u00c9s el cas d\u2019<strong>Espanya<\/strong>, que es perfila com un agent clau en la transici\u00f3 energ\u00e8tica. <a href=\"https:\/\/www.miteco.gob.es\/es\/energia\/estrategia-normativa\/pniec-23-30.html\">Amb un objectiu del 81% d\u2019\u00fas de renovables en la generaci\u00f3 el\u00e8ctrica de tot el pa\u00eds el 2030<\/a>, ha registrat un <a href=\"https:\/\/valenciaplaza.com\/valenciaplaza\/bolsas\/las-energias-renovables-aportaron-el-568-de-la-generacion-electrica-espanola-en-2024\">56,81% el 2024, aportant un total de 148.975 GWh i batent un nou r\u00e8cord de contribuci\u00f3 de les energies netes<\/a>, segons les darreres dades de l\u2019Associaci\u00f3 d\u2019Empreses d\u2019Energies Renovables (APPA). Aix\u00f2 ens situa un 24,19% per sota de l\u2019objectiu establert per al 2030, la qual cosa planteja la necessitat <strong>d\u2019incrementar en un 4,8% anual la penetraci\u00f3<\/strong>.<\/p>\n<p>La situaci\u00f3 en altres estats membres \u00e9s similar. <strong>It\u00e0lia<\/strong>, per exemple, que <a href=\"https:\/\/elperiodicodelaenergia.com\/energias-renovables-dominaran-mix-generacion-electrica-italia-2035\/\">comparteix objectiu de cara al 2030 amb un percentatge m\u00e9s baix en generaci\u00f3 el\u00e8ctrica renovable, el 65%<\/a>. I si, a m\u00e9s, ens fixem en referents europeus, les energies renovables <strong>alemanyes<\/strong> van representar el <a href=\"https:\/\/elperiodicodelaenergia.com\/alemania-establece-un-nuevo-record-del-59-de-energia-renovable\/\">59% de la generaci\u00f3 total d\u2019energia<\/a>, un <a href=\"https:\/\/www.tatsachen-ueber-deutschland.de\/es\/clima-y-energia\/la-transicion-energetica#:~:text=Para%20el%20a%C3%B1o%202030%2C%20al,industrial%20clim%C3%A1ticamente%20neutro%20en%202045.\">21% de l\u2019objectiu marcat per a 2030<\/a>. El grau de penetraci\u00f3 correspondria al 1,8% i al 4,2% respectivament.<\/p>\n<p>Per\u00f2 hi ha pa\u00efsos que superen les expectatives m\u00e9s optimistes. Sense anar gaire lluny geogr\u00e0ficament, <strong>Portugal<\/strong>, que s\u2019alinea amb l\u2019<a href=\"https:\/\/elperiodicodelaenergia.com\/la-produccion-renovable-en-portugal-batio-records-en-2024-y-abastecio-el-71-del-consumo\/\">objectiu del 81% d\u2019\u00fas de fonts netes a la generaci\u00f3 del pa\u00eds, va cobrir el 2024 un 71% del consum el\u00e8ctric nacional mitjan\u00e7ant producci\u00f3 renovable<\/a>, quedant nom\u00e9s un 10% per sota quan falten cinc anys perqu\u00e8 soni la campana del 2030.<\/p>\n<p>Des d\u2019ara fins al 2030 nom\u00e9s ens queden cinc anys. T\u00e9 Espanya prou temps? \u00c9s possible la integraci\u00f3 a gran escala de les renovables abans del 2030?<\/p>\n<p><strong>Estrat\u00e8gies per aconseguir-ho<\/strong><\/p>\n<p>Aconseguir-ho \u00e9s complex, per\u00f2 no irrealitzable. Espanya disposa d\u2019una infraestructura energ\u00e8tica cada vegada m\u00e9s adaptada a la generaci\u00f3 renovable que li permetria deixar enrere les amenaces a les quals s\u2019enfronta en l\u2019actual transici\u00f3 energ\u00e8tica.<\/p>\n<p>Un dels pilars fonamentals per assolir-ho \u00e9s l\u2019<strong>electrificaci\u00f3 del consum<\/strong>, que implicaria reduir les energies f\u00f2ssils com a font prim\u00e0ria d\u2019energia. L\u2019Associaci\u00f3 d\u2019Empreses d\u2019Energies Renovables (APPA), en el seu informe &#8220;<a href=\"https:\/\/www.appa.es\/informe-el-momento-electrificacion-energia-renovable-economia-competitiva\/\">El Moment de l\u2019Electrificaci\u00f3: Energia Renovable per a una Economia Competitiva<\/a>&#8220;, explica que la ind\u00fastria espanyola consumeix un 57% de la seva energia final per produir calor, i el 77% d\u2019aquesta energia prov\u00e9 de combustibles f\u00f2ssils.<\/p>\n<p>En aquest sentit, l\u2019electrificaci\u00f3 dels processos industrials mitjan\u00e7ant tecnologies espec\u00edfiques reduiria significativament aquesta depend\u00e8ncia, abaratint costos i minimitzant l\u2019exposici\u00f3 a la volatilitat dels preus del gas i el petroli. \u00c9s el cas de les bombes de calor, que aconsegueixen un rendiment energ\u00e8tic fins a quatre vegades superior al de les calderes de gas o gasoil, generant un estalvi anual d\u2019entre 380 i 680 euros per habitatge. En sectors com l\u2019alimentaci\u00f3, el paper o la qu\u00edmica, per exemple, la seva implementaci\u00f3 tamb\u00e9 podria arribar a cobrir fins al 80% de les necessitats, oferint un cost total de propietat fins a un 61% inferior al de les calderes convencionals.<\/p>\n<p>El vehicle tamb\u00e9 \u00e9s un actor important. Potenciar l\u2019\u00fas dels el\u00e8ctrics per part de les administracions amb incentius i millores en la infraestructura de rec\u00e0rrega no nom\u00e9s reduir\u00e0 la depend\u00e8ncia de combustibles f\u00f2ssils, sin\u00f3 que eliminar\u00e0 l\u2019emissi\u00f3 directa de gasos, amb la conseg\u00fcent millora de la salut urbana.<\/p>\n<p>Per\u00f2 assolir la transici\u00f3 energ\u00e8tica va m\u00e9s enll\u00e0. Tamb\u00e9 \u00e9s imprescindible <strong>integrar sistemes d\u2019emmagatzematge d\u2019energia<\/strong> que garanteixin l\u2019estabilitat de la xarxa i permetin aprofitar al m\u00e0xim la generaci\u00f3 renovable. Segons el PNIEC, a Espanya s\u2019han d\u2019integrar a la xarxa 73 GW addicionals de solar fotovoltaica, 60 GW d\u2019e\u00f2lica terrestre, 2,5 GW d\u2019e\u00f2lica marina i 22 GW de sistemes d\u2019emmagatzematge en els pr\u00f2xims anys.<\/p>\n<p>Aconseguir aquesta capacitat \u00e9s possible si es respon a la demanda energ\u00e8tica mitjan\u00e7ant <strong>noves ind\u00fastries electrointensives, com ara els centres de dades<\/strong>, essencials per al funcionament de l\u2019economia digital i instal\u00b7lacions d\u2019alt consum energ\u00e8tic. A Espanya, aquests centres utilitzen un circuit tancat de refrigeraci\u00f3 que es reomple d\u2019aigua (4.000 m\u00b3) nom\u00e9s a l\u2019inici de la vida de la instal\u00b7laci\u00f3, una xifra inferior als 6.000 m\u00b3 que requereix una hect\u00e0rea de cultiu de blat de moro. Les segones es materialitzen especialment b\u00e9 a trav\u00e9s de les recentment anunciades plantes d\u2019assemblatge de bateries que, tot i que a Espanya encara estan en desenvolupament, en molts altres pa\u00efsos ja s\u00f3n una realitat gr\u00e0cies a la seva r\u00e0pida integraci\u00f3 en el mercat.<\/p>\n<p>Pot semblar ambici\u00f3s, per\u00f2 la implementaci\u00f3 de totes aquestes estrat\u00e8gies ja est\u00e0 sent impulsada mitjan\u00e7ant programes d\u2019incentius i ajuts i aix\u00f2, sumat al fet que la instal\u00b7laci\u00f3 de m\u00e9s capacitat renovable est\u00e0 reduint els costos energ\u00e8tics, est\u00e0 afavorint la palanca del canvi.<\/p>\n<p><strong>Tend\u00e8ncies futures: la clau \u00e9s la velocitat<\/strong><\/p>\n<p>La velocitat en la integraci\u00f3 de les energies renovables a les matrius energ\u00e8tiques dels pa\u00efsos de la UE \u00e9s un fet. Diversos pa\u00efsos han superat el 50% de generaci\u00f3 el\u00e8ctrica renovable en els seus mixes energ\u00e8tics, cosa que demostra que la transici\u00f3 \u00e9s possible. Tot i aix\u00f2, per anar m\u00e9s enll\u00e0 i assolir una descarbonitzaci\u00f3 total, caldran noves palanques d\u2019impuls que accelerin aquest proc\u00e9s.<\/p>\n<p>I una d\u2019aquestes, en l\u00ednia amb el que coment\u00e0vem abans, continuar\u00e0 sent el lideratge de l\u2019<strong>emmagatzematge energ\u00e8tic mitjan\u00e7ant bateries<\/strong>. El seu desplegament permetr\u00e0 una gesti\u00f3 m\u00e9s eficient de l\u2019electricitat renovable, reduint la depend\u00e8ncia de les energies f\u00f2ssils i millorant l\u2019estabilitat de la xarxa. Amb preus cada vegada m\u00e9s competitius, la seva adopci\u00f3 massiva ser\u00e0 clau per maximitzar l\u2019aprofitament de la generaci\u00f3 renovable.<\/p>\n<p>La competitivitat d\u2019aquestes bateries, sumada a l\u2019aven\u00e7 en <strong>xarxes intel\u00b7ligents i sistemes de gesti\u00f3 energ\u00e8tica<\/strong>, tamb\u00e9 \u00e9s essencial per al futur, ja que optimitzar\u00e0 la integraci\u00f3 de diferents tecnologies que permetin hibridar l\u2019energia solar amb l\u2019e\u00f2lica i compensar la variabilitat d\u2019una font amb l\u2019altra, suplint alhora la intermit\u00e8ncia sense dependre exclusivament de la complementarietat entre renovables.<\/p>\n<p>Finalment, els <strong>sistemes d\u2019autoconsum comercial i industrial<\/strong> (C&amp;I) tindran un paper crucial en la transici\u00f3 energ\u00e8tica. L\u2019adopci\u00f3 massiva de l\u2019autoconsum t\u00e9 m\u00faltiples avantatges, com ara la reducci\u00f3 de la demanda el\u00e8ctrica in front of the meter i l\u2019alliberament de capacitat a la xarxa per a nous consums, com la mobilitat el\u00e8ctrica o els centres de dades.<br \/>\nAquest tipus de sistemes d\u2019emmagatzematge de 2 a 4 hores milloren la gesti\u00f3 interna de l\u2019energia, permetent a empreses i negocis ajustar les seves corbes de consum i reduir la depend\u00e8ncia exterior. A m\u00e9s, equilibren la xarxa el\u00e8ctrica i evitarien sobrec\u00e0rregues, assegurant un subministrament m\u00e9s fiable.<\/p>\n<p><strong>A quins reptes ens enfrontem?<\/strong><\/p>\n<p>La manera com gestionem aquesta transici\u00f3 determinar\u00e0 no nom\u00e9s l\u2019\u00e8xit en la lluita contra el canvi clim\u00e0tic, sin\u00f3 el futur de les nostres comunitats i el m\u00f3n que deixarem a les generacions futures. Per aix\u00f2, ha d\u2019assolir el seu m\u00e0xim potencial, una cosa que nom\u00e9s ser\u00e0 possible mitjan\u00e7ant una regulaci\u00f3 clara i eficient que incentivi la implementaci\u00f3 de sistemes d\u2019emmagatzematge energ\u00e8tic.<\/p>\n<p>Si volem aconseguir-ho, hem de comptar amb preus din\u00e0mics de l\u2019energia i mecanismes de capacitat que fomentin models de negoci viables dins de la cadena de valor, impulsant la figura de l\u2019agregador.<\/p>\n<p>D\u2019altra banda, la regulaci\u00f3 dels serveis d\u2019agregaci\u00f3 i flexibilitat \u00e9s essencial per gestionar el flux d\u2019energia de manera eficient i optimitzar la distribuci\u00f3 dels recursos. En aquest context, \u00e9s important garantir el suport al sistema el\u00e8ctric perqu\u00e8 la integraci\u00f3 de les energies renovables distribu\u00efdes es faci de forma segura i eficient; agregar recursos energ\u00e8tics distribu\u00efts per proveir serveis de xarxa; i gestionar la demanda distribu\u00efda mitjan\u00e7ant plantes virtuals d\u2019energia (VVP).<\/p>\n<p>No en tinc cap dubte: el futur de l\u2019energia \u00e9s <strong>renovable, descentralitzat i eficient<\/strong>, per\u00f2 requereix l\u2019esfor\u00e7 de tots els actors clau. La velocitat amb qu\u00e8 ho aconseguim determinar\u00e0 la construcci\u00f3 d\u2019un sistema energ\u00e8tic resilient, competitiu i estable.<\/p>\n<p><strong>Signat per:<\/strong><br \/>\nDaniel S\u00e1nchez, EPC Director a BNZ.<\/p>\n","protected":false},"excerpt":{"rendered":"<p>La transici\u00f3 cap a les energies renovables \u00e9s una prioritat global tan imperativa com econ\u00f2micament avantatjosa que, tot i plantejar alguns dels reptes m\u00e9s ambiciosos dels \u00faltims temps, cal activar amb urg\u00e8ncia. La seva superioritat en costos davant dels combustibles f\u00f2ssils i el seu impacte positiu en el medi ambient les converteixen en les aliades [&hellip;]<\/p>\n","protected":false},"author":8,"featured_media":11541,"comment_status":"open","ping_status":"open","sticky":false,"template":"","format":"standard","meta":{"_acf_changed":false,"_et_pb_use_builder":"","_et_pb_old_content":"","_et_gb_content_width":"","footnotes":""},"categories":[55],"tags":[],"class_list":["post-11602","post","type-post","status-publish","format-standard","has-post-thumbnail","hentry","category-notes-de-premsa"],"acf":[],"yoast_head":"<!-- This site is optimized with the Yoast SEO plugin v26.6 - https:\/\/yoast.com\/wordpress\/plugins\/seo\/ -->\n<title>Reptes i oportunitats del desplegament renovable - BNZ<\/title>\n<meta name=\"robots\" content=\"index, follow, max-snippet:-1, max-image-preview:large, max-video-preview:-1\" \/>\n<link rel=\"canonical\" href=\"https:\/\/www.bnz.energy\/ca\/reptes-i-oportunitats-del-desplegament-renovable-2\/\" \/>\n<meta property=\"og:locale\" content=\"ca_ES\" \/>\n<meta property=\"og:type\" content=\"article\" \/>\n<meta property=\"og:title\" content=\"Reptes i oportunitats del desplegament renovable - BNZ\" \/>\n<meta property=\"og:description\" content=\"La transici\u00f3 cap a les energies renovables \u00e9s una prioritat global tan imperativa com econ\u00f2micament avantatjosa que, tot i plantejar alguns dels reptes m\u00e9s ambiciosos dels \u00faltims temps, cal activar amb urg\u00e8ncia. La seva superioritat en costos davant dels combustibles f\u00f2ssils i el seu impacte positiu en el medi ambient les converteixen en les aliades [&hellip;]\" \/>\n<meta property=\"og:url\" content=\"https:\/\/www.bnz.energy\/ca\/reptes-i-oportunitats-del-desplegament-renovable-2\/\" \/>\n<meta property=\"og:site_name\" content=\"BNZ\" \/>\n<meta property=\"article:published_time\" content=\"2025-12-11T09:51:24+00:00\" \/>\n<meta property=\"article:modified_time\" content=\"2025-12-15T15:50:55+00:00\" \/>\n<meta property=\"og:image\" content=\"https:\/\/www.bnz.energy\/wp-content\/uploads\/2025\/12\/alternative-alternative-energy-blades-countryside-preview.jpg\" \/>\n\t<meta property=\"og:image:width\" content=\"728\" \/>\n\t<meta property=\"og:image:height\" content=\"484\" \/>\n\t<meta property=\"og:image:type\" content=\"image\/jpeg\" \/>\n<meta name=\"author\" content=\"rfeliu\" \/>\n<meta name=\"twitter:card\" content=\"summary_large_image\" \/>\n<meta name=\"twitter:label1\" content=\"Escrit per\" \/>\n\t<meta name=\"twitter:data1\" content=\"rfeliu\" \/>\n\t<meta name=\"twitter:label2\" content=\"Temps estimat de lectura\" \/>\n\t<meta name=\"twitter:data2\" content=\"7 minuts\" \/>\n<script type=\"application\/ld+json\" class=\"yoast-schema-graph\">{\"@context\":\"https:\/\/schema.org\",\"@graph\":[{\"@type\":\"Article\",\"@id\":\"https:\/\/www.bnz.energy\/ca\/reptes-i-oportunitats-del-desplegament-renovable-2\/#article\",\"isPartOf\":{\"@id\":\"https:\/\/www.bnz.energy\/ca\/reptes-i-oportunitats-del-desplegament-renovable-2\/\"},\"author\":{\"name\":\"rfeliu\",\"@id\":\"https:\/\/www.bnz.energy\/#\/schema\/person\/30a0168daa9aceb70e107627f8ea37c1\"},\"headline\":\"Reptes i oportunitats del desplegament renovable\",\"datePublished\":\"2025-12-11T09:51:24+00:00\",\"dateModified\":\"2025-12-15T15:50:55+00:00\",\"mainEntityOfPage\":{\"@id\":\"https:\/\/www.bnz.energy\/ca\/reptes-i-oportunitats-del-desplegament-renovable-2\/\"},\"wordCount\":1725,\"commentCount\":0,\"publisher\":{\"@id\":\"https:\/\/www.bnz.energy\/#organization\"},\"image\":{\"@id\":\"https:\/\/www.bnz.energy\/ca\/reptes-i-oportunitats-del-desplegament-renovable-2\/#primaryimage\"},\"thumbnailUrl\":\"https:\/\/www.bnz.energy\/wp-content\/uploads\/2025\/12\/alternative-alternative-energy-blades-countryside-preview.jpg\",\"articleSection\":[\"Notes de premsa\"],\"inLanguage\":\"ca\",\"potentialAction\":[{\"@type\":\"CommentAction\",\"name\":\"Comment\",\"target\":[\"https:\/\/www.bnz.energy\/ca\/reptes-i-oportunitats-del-desplegament-renovable-2\/#respond\"]}]},{\"@type\":\"WebPage\",\"@id\":\"https:\/\/www.bnz.energy\/ca\/reptes-i-oportunitats-del-desplegament-renovable-2\/\",\"url\":\"https:\/\/www.bnz.energy\/ca\/reptes-i-oportunitats-del-desplegament-renovable-2\/\",\"name\":\"Reptes i oportunitats del desplegament renovable - BNZ\",\"isPartOf\":{\"@id\":\"https:\/\/www.bnz.energy\/#website\"},\"primaryImageOfPage\":{\"@id\":\"https:\/\/www.bnz.energy\/ca\/reptes-i-oportunitats-del-desplegament-renovable-2\/#primaryimage\"},\"image\":{\"@id\":\"https:\/\/www.bnz.energy\/ca\/reptes-i-oportunitats-del-desplegament-renovable-2\/#primaryimage\"},\"thumbnailUrl\":\"https:\/\/www.bnz.energy\/wp-content\/uploads\/2025\/12\/alternative-alternative-energy-blades-countryside-preview.jpg\",\"datePublished\":\"2025-12-11T09:51:24+00:00\",\"dateModified\":\"2025-12-15T15:50:55+00:00\",\"breadcrumb\":{\"@id\":\"https:\/\/www.bnz.energy\/ca\/reptes-i-oportunitats-del-desplegament-renovable-2\/#breadcrumb\"},\"inLanguage\":\"ca\",\"potentialAction\":[{\"@type\":\"ReadAction\",\"target\":[\"https:\/\/www.bnz.energy\/ca\/reptes-i-oportunitats-del-desplegament-renovable-2\/\"]}]},{\"@type\":\"ImageObject\",\"inLanguage\":\"ca\",\"@id\":\"https:\/\/www.bnz.energy\/ca\/reptes-i-oportunitats-del-desplegament-renovable-2\/#primaryimage\",\"url\":\"https:\/\/www.bnz.energy\/wp-content\/uploads\/2025\/12\/alternative-alternative-energy-blades-countryside-preview.jpg\",\"contentUrl\":\"https:\/\/www.bnz.energy\/wp-content\/uploads\/2025\/12\/alternative-alternative-energy-blades-countryside-preview.jpg\",\"width\":728,\"height\":484},{\"@type\":\"BreadcrumbList\",\"@id\":\"https:\/\/www.bnz.energy\/ca\/reptes-i-oportunitats-del-desplegament-renovable-2\/#breadcrumb\",\"itemListElement\":[{\"@type\":\"ListItem\",\"position\":1,\"name\":\"Home\",\"item\":\"https:\/\/www.bnz.energy\/ca\/\"},{\"@type\":\"ListItem\",\"position\":2,\"name\":\"Reptes i oportunitats del desplegament renovable\"}]},{\"@type\":\"WebSite\",\"@id\":\"https:\/\/www.bnz.energy\/#website\",\"url\":\"https:\/\/www.bnz.energy\/\",\"name\":\"BNZ\",\"description\":\"\",\"publisher\":{\"@id\":\"https:\/\/www.bnz.energy\/#organization\"},\"potentialAction\":[{\"@type\":\"SearchAction\",\"target\":{\"@type\":\"EntryPoint\",\"urlTemplate\":\"https:\/\/www.bnz.energy\/?s={search_term_string}\"},\"query-input\":{\"@type\":\"PropertyValueSpecification\",\"valueRequired\":true,\"valueName\":\"search_term_string\"}}],\"inLanguage\":\"ca\"},{\"@type\":\"Organization\",\"@id\":\"https:\/\/www.bnz.energy\/#organization\",\"name\":\"BNZ\",\"url\":\"https:\/\/www.bnz.energy\/\",\"logo\":{\"@type\":\"ImageObject\",\"inLanguage\":\"ca\",\"@id\":\"https:\/\/www.bnz.energy\/#\/schema\/logo\/image\/\",\"url\":\"https:\/\/www.bnz.energy\/wp-content\/uploads\/2024\/12\/Capa_1.svg\",\"contentUrl\":\"https:\/\/www.bnz.energy\/wp-content\/uploads\/2024\/12\/Capa_1.svg\",\"width\":1,\"height\":1,\"caption\":\"BNZ\"},\"image\":{\"@id\":\"https:\/\/www.bnz.energy\/#\/schema\/logo\/image\/\"},\"sameAs\":[\"https:\/\/www.linkedin.com\/company\/bnetzero\/\"]},{\"@type\":\"Person\",\"@id\":\"https:\/\/www.bnz.energy\/#\/schema\/person\/30a0168daa9aceb70e107627f8ea37c1\",\"name\":\"rfeliu\",\"image\":{\"@type\":\"ImageObject\",\"inLanguage\":\"ca\",\"@id\":\"https:\/\/www.bnz.energy\/#\/schema\/person\/image\/\",\"url\":\"https:\/\/secure.gravatar.com\/avatar\/690759e9692c42d8c3567ba1b598071aa2360bf6971ef499d38767489effd4aa?s=96&d=mm&r=g\",\"contentUrl\":\"https:\/\/secure.gravatar.com\/avatar\/690759e9692c42d8c3567ba1b598071aa2360bf6971ef499d38767489effd4aa?s=96&d=mm&r=g\",\"caption\":\"rfeliu\"},\"url\":\"https:\/\/www.bnz.energy\/ca\/author\/rfeliu\/\"}]}<\/script>\n<!-- \/ Yoast SEO plugin. -->","yoast_head_json":{"title":"Reptes i oportunitats del desplegament renovable - BNZ","robots":{"index":"index","follow":"follow","max-snippet":"max-snippet:-1","max-image-preview":"max-image-preview:large","max-video-preview":"max-video-preview:-1"},"canonical":"https:\/\/www.bnz.energy\/ca\/reptes-i-oportunitats-del-desplegament-renovable-2\/","og_locale":"ca_ES","og_type":"article","og_title":"Reptes i oportunitats del desplegament renovable - BNZ","og_description":"La transici\u00f3 cap a les energies renovables \u00e9s una prioritat global tan imperativa com econ\u00f2micament avantatjosa que, tot i plantejar alguns dels reptes m\u00e9s ambiciosos dels \u00faltims temps, cal activar amb urg\u00e8ncia. La seva superioritat en costos davant dels combustibles f\u00f2ssils i el seu impacte positiu en el medi ambient les converteixen en les aliades [&hellip;]","og_url":"https:\/\/www.bnz.energy\/ca\/reptes-i-oportunitats-del-desplegament-renovable-2\/","og_site_name":"BNZ","article_published_time":"2025-12-11T09:51:24+00:00","article_modified_time":"2025-12-15T15:50:55+00:00","og_image":[{"width":728,"height":484,"url":"https:\/\/www.bnz.energy\/wp-content\/uploads\/2025\/12\/alternative-alternative-energy-blades-countryside-preview.jpg","type":"image\/jpeg"}],"author":"rfeliu","twitter_card":"summary_large_image","twitter_misc":{"Escrit per":"rfeliu","Temps estimat de lectura":"7 minuts"},"schema":{"@context":"https:\/\/schema.org","@graph":[{"@type":"Article","@id":"https:\/\/www.bnz.energy\/ca\/reptes-i-oportunitats-del-desplegament-renovable-2\/#article","isPartOf":{"@id":"https:\/\/www.bnz.energy\/ca\/reptes-i-oportunitats-del-desplegament-renovable-2\/"},"author":{"name":"rfeliu","@id":"https:\/\/www.bnz.energy\/#\/schema\/person\/30a0168daa9aceb70e107627f8ea37c1"},"headline":"Reptes i oportunitats del desplegament renovable","datePublished":"2025-12-11T09:51:24+00:00","dateModified":"2025-12-15T15:50:55+00:00","mainEntityOfPage":{"@id":"https:\/\/www.bnz.energy\/ca\/reptes-i-oportunitats-del-desplegament-renovable-2\/"},"wordCount":1725,"commentCount":0,"publisher":{"@id":"https:\/\/www.bnz.energy\/#organization"},"image":{"@id":"https:\/\/www.bnz.energy\/ca\/reptes-i-oportunitats-del-desplegament-renovable-2\/#primaryimage"},"thumbnailUrl":"https:\/\/www.bnz.energy\/wp-content\/uploads\/2025\/12\/alternative-alternative-energy-blades-countryside-preview.jpg","articleSection":["Notes de premsa"],"inLanguage":"ca","potentialAction":[{"@type":"CommentAction","name":"Comment","target":["https:\/\/www.bnz.energy\/ca\/reptes-i-oportunitats-del-desplegament-renovable-2\/#respond"]}]},{"@type":"WebPage","@id":"https:\/\/www.bnz.energy\/ca\/reptes-i-oportunitats-del-desplegament-renovable-2\/","url":"https:\/\/www.bnz.energy\/ca\/reptes-i-oportunitats-del-desplegament-renovable-2\/","name":"Reptes i oportunitats del desplegament renovable - BNZ","isPartOf":{"@id":"https:\/\/www.bnz.energy\/#website"},"primaryImageOfPage":{"@id":"https:\/\/www.bnz.energy\/ca\/reptes-i-oportunitats-del-desplegament-renovable-2\/#primaryimage"},"image":{"@id":"https:\/\/www.bnz.energy\/ca\/reptes-i-oportunitats-del-desplegament-renovable-2\/#primaryimage"},"thumbnailUrl":"https:\/\/www.bnz.energy\/wp-content\/uploads\/2025\/12\/alternative-alternative-energy-blades-countryside-preview.jpg","datePublished":"2025-12-11T09:51:24+00:00","dateModified":"2025-12-15T15:50:55+00:00","breadcrumb":{"@id":"https:\/\/www.bnz.energy\/ca\/reptes-i-oportunitats-del-desplegament-renovable-2\/#breadcrumb"},"inLanguage":"ca","potentialAction":[{"@type":"ReadAction","target":["https:\/\/www.bnz.energy\/ca\/reptes-i-oportunitats-del-desplegament-renovable-2\/"]}]},{"@type":"ImageObject","inLanguage":"ca","@id":"https:\/\/www.bnz.energy\/ca\/reptes-i-oportunitats-del-desplegament-renovable-2\/#primaryimage","url":"https:\/\/www.bnz.energy\/wp-content\/uploads\/2025\/12\/alternative-alternative-energy-blades-countryside-preview.jpg","contentUrl":"https:\/\/www.bnz.energy\/wp-content\/uploads\/2025\/12\/alternative-alternative-energy-blades-countryside-preview.jpg","width":728,"height":484},{"@type":"BreadcrumbList","@id":"https:\/\/www.bnz.energy\/ca\/reptes-i-oportunitats-del-desplegament-renovable-2\/#breadcrumb","itemListElement":[{"@type":"ListItem","position":1,"name":"Home","item":"https:\/\/www.bnz.energy\/ca\/"},{"@type":"ListItem","position":2,"name":"Reptes i oportunitats del desplegament renovable"}]},{"@type":"WebSite","@id":"https:\/\/www.bnz.energy\/#website","url":"https:\/\/www.bnz.energy\/","name":"BNZ","description":"","publisher":{"@id":"https:\/\/www.bnz.energy\/#organization"},"potentialAction":[{"@type":"SearchAction","target":{"@type":"EntryPoint","urlTemplate":"https:\/\/www.bnz.energy\/?s={search_term_string}"},"query-input":{"@type":"PropertyValueSpecification","valueRequired":true,"valueName":"search_term_string"}}],"inLanguage":"ca"},{"@type":"Organization","@id":"https:\/\/www.bnz.energy\/#organization","name":"BNZ","url":"https:\/\/www.bnz.energy\/","logo":{"@type":"ImageObject","inLanguage":"ca","@id":"https:\/\/www.bnz.energy\/#\/schema\/logo\/image\/","url":"https:\/\/www.bnz.energy\/wp-content\/uploads\/2024\/12\/Capa_1.svg","contentUrl":"https:\/\/www.bnz.energy\/wp-content\/uploads\/2024\/12\/Capa_1.svg","width":1,"height":1,"caption":"BNZ"},"image":{"@id":"https:\/\/www.bnz.energy\/#\/schema\/logo\/image\/"},"sameAs":["https:\/\/www.linkedin.com\/company\/bnetzero\/"]},{"@type":"Person","@id":"https:\/\/www.bnz.energy\/#\/schema\/person\/30a0168daa9aceb70e107627f8ea37c1","name":"rfeliu","image":{"@type":"ImageObject","inLanguage":"ca","@id":"https:\/\/www.bnz.energy\/#\/schema\/person\/image\/","url":"https:\/\/secure.gravatar.com\/avatar\/690759e9692c42d8c3567ba1b598071aa2360bf6971ef499d38767489effd4aa?s=96&d=mm&r=g","contentUrl":"https:\/\/secure.gravatar.com\/avatar\/690759e9692c42d8c3567ba1b598071aa2360bf6971ef499d38767489effd4aa?s=96&d=mm&r=g","caption":"rfeliu"},"url":"https:\/\/www.bnz.energy\/ca\/author\/rfeliu\/"}]}},"_links":{"self":[{"href":"https:\/\/www.bnz.energy\/ca\/wp-json\/wp\/v2\/posts\/11602","targetHints":{"allow":["GET"]}}],"collection":[{"href":"https:\/\/www.bnz.energy\/ca\/wp-json\/wp\/v2\/posts"}],"about":[{"href":"https:\/\/www.bnz.energy\/ca\/wp-json\/wp\/v2\/types\/post"}],"author":[{"embeddable":true,"href":"https:\/\/www.bnz.energy\/ca\/wp-json\/wp\/v2\/users\/8"}],"replies":[{"embeddable":true,"href":"https:\/\/www.bnz.energy\/ca\/wp-json\/wp\/v2\/comments?post=11602"}],"version-history":[{"count":1,"href":"https:\/\/www.bnz.energy\/ca\/wp-json\/wp\/v2\/posts\/11602\/revisions"}],"predecessor-version":[{"id":11603,"href":"https:\/\/www.bnz.energy\/ca\/wp-json\/wp\/v2\/posts\/11602\/revisions\/11603"}],"wp:featuredmedia":[{"embeddable":true,"href":"https:\/\/www.bnz.energy\/ca\/wp-json\/wp\/v2\/media\/11541"}],"wp:attachment":[{"href":"https:\/\/www.bnz.energy\/ca\/wp-json\/wp\/v2\/media?parent=11602"}],"wp:term":[{"taxonomy":"category","embeddable":true,"href":"https:\/\/www.bnz.energy\/ca\/wp-json\/wp\/v2\/categories?post=11602"},{"taxonomy":"post_tag","embeddable":true,"href":"https:\/\/www.bnz.energy\/ca\/wp-json\/wp\/v2\/tags?post=11602"}],"curies":[{"name":"wp","href":"https:\/\/api.w.org\/{rel}","templated":true}]}}